{"id":23550,"date":"2019-04-15T15:35:42","date_gmt":"2019-04-15T19:35:42","guid":{"rendered":"https:\/\/www.muniancud.cl\/inicio\/?p=23550"},"modified":"2019-06-12T16:54:05","modified_gmt":"2019-06-12T20:54:05","slug":"ministerio-de-salud-decreta-alerta-sanitaria-para-chiloe-tras-solicitud-de-alcalde-carlos-gomez","status":"publish","type":"post","link":"https:\/\/www.muniancud.cl\/portal\/ministerio-de-salud-decreta-alerta-sanitaria-para-chiloe-tras-solicitud-de-alcalde-carlos-gomez\/","title":{"rendered":"Ministerio de Salud decreta alerta sanitaria para Chilo\u00e9 tras solicitud de alcalde Carlos G\u00f3mez"},"content":{"rendered":"<p>Este viernes 12 de abril, tras la solitud cursada por el Alcalde Carlos G\u00f3mez Miranda al Ministro de Salud Emilio Satelices mediante el Ordinario IMA N\u00b0761, el titular de la cartera declara la alerta ambiental para la provincia de Chilo\u00e9 en el decreto afecto N\u00b012 del 12-04-2019.<\/p>\n<p>Lo anterior significa que se otorga \u201ca la Secretaria Regional Ministerial de la Regi\u00f3n de Los Lagos, facultades extraordinarias para disponer, seg\u00fan proceda, de todas o algunas medidas\u201d que el decreto plantea. Entre otros aspectos, la contrataci\u00f3n de personal, adquisici\u00f3n directa de bienes y servicios, o equipamientos. Tambi\u00e9n instruir a la poblaci\u00f3n, como ya se ha realizado, para que disponga de la basura moment\u00e1neamente en los hogares. As\u00ed tambi\u00e9n, para que la Municipalidad de Ancud realice en coordinaci\u00f3n con la Seremia de Salud, la cobertura y procedimientos en favor de la superaci\u00f3n de los factores que justifican la alerta ambiental.<\/p>\n<p>Destacan en este \u00e1mbito, los numerales de los art\u00edculos que el decreto plantea como son la instrucci\u00f3n a las municipalidades de Chilo\u00e9 a recibir en los rellenos que administran, los desechos provenientes de la comuna de Ancud. El auxilio de Carabineros en conformidad del art\u00edculo 8\u00b0 del C\u00f3digo Sanitario. Y el apoyo que deben prestar los servicios y dem\u00e1s organismos de la Administraci\u00f3n del Estado, dentro del \u00e1mbito de sus competencias.<\/p>\n<p>El proceso de la Alerta Sanitaria, seg\u00fan el mismo decreto, proyecta una vigencia hasta el 1 de junio del a\u00f1o 2019. Pudiendo terminar con anticipaci\u00f3n o prorrogado, seg\u00fan se determine por la autoridad en conjunto con los dem\u00e1s actores involucrados.<\/p>\n<p>Como parte de las medidas establecidas en el decreto N\u00b012, y posterior a la coordinaci\u00f3n realizada durante este fin de semana entre los equipos t\u00e9cnicos, corresponde a la Seremi la disposici\u00f3n final de los residuos. Desde el municipio de Ancud el alcalde Carlos G\u00f3mez, ha sostenido que todos los procedimientos dispuestos por el municipio, se ajustan a la legalidad vigente y est\u00e1n coordinados con la autoridad, siendo los terrenos de disposici\u00f3n final acorde a estos fines, pero no dentro de la comuna. Remarcando que no se utilizar\u00e1n nuevamente ni para fines de acopio o de disposici\u00f3n final de residuos, los sectores de Huicha, o del norte de la comuna de Ancud.<\/p>\n<p><a href=\"https:\/\/www.muniancud.cl\/inicio\/wp-content\/uploads\/2019\/04\/alerta-sanitaria-2.pdf\">alerta sanitaria (2)<\/a><\/p>\n","protected":false},"excerpt":{"rendered":"<p>Este viernes 12 de abril, tras la solitud cursada por el Alcalde Carlos G\u00f3mez Miranda al Ministro de Salud Emilio Satelices mediante el Ordinario IMA N\u00b0761, el titular de la cartera declara la alerta ambiental para la provincia de Chilo\u00e9 en el decreto afecto N\u00b012 del 12-04-2019. Lo anterior significa que se otorga \u201ca la [&hellip;]<\/p>\n","protected":false},"author":4,"featured_media":24551,"comment_status":"closed","ping_status":"closed","sticky":false,"template":"","format":"standard","meta":{"footnotes":""},"categories":[4],"tags":[],"class_list":["post-23550","post","type-post","status-publish","format-standard","has-post-thumbnail","hentry","category-sala-de-prensa"],"_links":{"self":[{"href":"https:\/\/www.muniancud.cl\/portal\/wp-json\/wp\/v2\/posts\/23550","targetHints":{"allow":["GET"]}}],"collection":[{"href":"https:\/\/www.muniancud.cl\/portal\/wp-json\/wp\/v2\/posts"}],"about":[{"href":"https:\/\/www.muniancud.cl\/portal\/wp-json\/wp\/v2\/types\/post"}],"author":[{"embeddable":true,"href":"https:\/\/www.muniancud.cl\/portal\/wp-json\/wp\/v2\/users\/4"}],"replies":[{"embeddable":true,"href":"https:\/\/www.muniancud.cl\/portal\/wp-json\/wp\/v2\/comments?post=23550"}],"version-history":[{"count":1,"href":"https:\/\/www.muniancud.cl\/portal\/wp-json\/wp\/v2\/posts\/23550\/revisions"}],"predecessor-version":[{"id":24465,"href":"https:\/\/www.muniancud.cl\/portal\/wp-json\/wp\/v2\/posts\/23550\/revisions\/24465"}],"wp:featuredmedia":[{"embeddable":true,"href":"https:\/\/www.muniancud.cl\/portal\/wp-json\/wp\/v2\/media\/24551"}],"wp:attachment":[{"href":"https:\/\/www.muniancud.cl\/portal\/wp-json\/wp\/v2\/media?parent=23550"}],"wp:term":[{"taxonomy":"category","embeddable":true,"href":"https:\/\/www.muniancud.cl\/portal\/wp-json\/wp\/v2\/categories?post=23550"},{"taxonomy":"post_tag","embeddable":true,"href":"https:\/\/www.muniancud.cl\/portal\/wp-json\/wp\/v2\/tags?post=23550"}],"curies":[{"name":"wp","href":"https:\/\/api.w.org\/{rel}","templated":true}]}}