{"id":23556,"date":"2019-04-17T08:39:57","date_gmt":"2019-04-17T12:39:57","guid":{"rendered":"https:\/\/www.muniancud.cl\/inicio\/?p=23556"},"modified":"2019-06-12T16:52:53","modified_gmt":"2019-06-12T20:52:53","slug":"alcalde-carlos-gomez-realiza-gestiones-en-santiago-para-disposicion-final-los-residuos-domiciliarios-de-ancud","status":"publish","type":"post","link":"https:\/\/www.muniancud.cl\/portal\/alcalde-carlos-gomez-realiza-gestiones-en-santiago-para-disposicion-final-los-residuos-domiciliarios-de-ancud\/","title":{"rendered":"Alcalde Carlos G\u00f3mez realiza gestiones en Santiago para disposici\u00f3n final los residuos domiciliarios de Ancud"},"content":{"rendered":"<p>Con una intensa agenda de reuniones, el alcalde de la Municipalidad de Ancud Carlos G\u00f3mez Miranda sostuvo reuniones con autoridades de gobierno este martes en Santiago, con el fin de \u00a0abordar los alcances del decreto de Alerta Sanitaria dictada por el Ministerio de Salud.<\/p>\n<p>El primer encuentro fue con la Subsecretaria y Ministra Subrogante de Salud Dra. Paula Daza. Calificado el encuentro de provechoso por el alcalde, se plante\u00f3 ante la autoridad ministerial la necesidad de despejar los alcances de la Alerta Sanitaria en Ancud, y la disposici\u00f3n final de los residuos domiciliarios de la comuna. En este sentido, subray\u00f3 el alcalde, las posibilidades de mediano plazo que otorga las reci\u00e9n confirmada Asociaci\u00f3n de municipalidades que re\u00fane a Dalcahue, Quemchi y Ancud.<\/p>\n<p>\u201c<em>Nos reunimos con la subsecretaria y ministra subrogante, para conocer m\u00e1s en detalle lo que significaba esta alerta sanitaria para nuestra comuna. Y c\u00f3mo podemos resolver\u00a0 a la brevedad, algo que nos tiene muy preocupados, a pesar de la existencia de la Alerta Sanitaria, -y que dice relaci\u00f3n con le sitio de disposici\u00f3n final de nuestros residuos s\u00f3lidos domiciliarios. Yo le indicaba a la ministra subrogante que, no podemos estar todos los d\u00edas con la incertidumbre de d\u00f3nde depositamos nuestras basuras. Y ese decreto no nos entrega esa tranquilidad, ya que se va resolviendo de acuerdo a las resoluciones que nos entrega la Seremi de Salud d\u00eda a d\u00eda. En ese aspecto, yo he pedido\u00a0 al Ministerio, al menos una tranquilidad de 5 o 6 meses mientras se encuentra una soluci\u00f3n m\u00e1s definitiva. Y un par de a\u00f1os para poder contar con un relleno sanitario. Principalmente para las tres comunas que hoy d\u00eda somos parte de la asociaci\u00f3n de municipalidades, como lo es Dalcahiue Quemchi y Ancud<\/em>\u201d, sostuvo el edil Carlos G\u00f3mez.<\/p>\n<p>En este sentido, el alcalde plantea desde la asociaci\u00f3n de municipalidades una plataforma para abordar un proyecto de infraestructura de m\u00e1s larga duraci\u00f3n. \u201c<em>Queremos enfocar todos nuestros esfuerzos y toda la consecuci\u00f3n de recursos econ\u00f3micos que nos permita, no solamente comprar el terreno que est\u00e1 ubicado entre los l\u00edmites de Quemchi y Dalcahue. Si no que, asegurarnos los estudios de impacto ambiental respecto a esta misma propiedad. Posteriormente, s\u00ed califica ese terreno, poder iniciar la construcci\u00f3n de este relleno sanitario. Que podr\u00eda no solamente solucionar el dep\u00f3sito final de los tres municipios, si no tambi\u00e9n, a otros municipios de la provincia de Chilo\u00e9<\/em>\u201d puntualiz\u00f3 el edil.<\/p>\n<p>En horas de la tarde, las reuniones se trasladaron al despacho del Subsecretario de Desarrollo Regional Felipe Salaberry. Con quien convers\u00f3 el alcalde en torno a los recursos, para la compra del terreno propuesto por la asociaci\u00f3n de municipalidades.<\/p>\n<p>\u201c<em>Sostuvimos una reuni\u00f3n con el subsecretario de desarrollo regional, para asegurarnos que el gobierno nos pueda entregar a trav\u00e9s de la subsecretar\u00eda los recursos para adquirir este terreno que propusimos como asociaci\u00f3n de municipalidades, hace aproximadamente 8 meses atr\u00e1s. Y que hasta el momento, no hab\u00edamos tenidos una respuesta referente a la asignaci\u00f3n de recursos. Es por eso que hoy insistimos en aquello. Lo ha hecho el presidente de la asociaci\u00f3n, el alcalde de Quemchi, don Gustavo Lobos. El alcalde de Dalcahue. Y ahora yo, por ser de una comuna que est\u00e1 viviendo un tema complejo<\/em>\u201d.<\/p>\n<p>Concluida la jornada el alcalde G\u00f3mez, inform\u00f3 sobre gestiones anexas realizadas ante el subsecretario en torno a la implementaci\u00f3n de proyectos de agua potable en Ancud, entre otras iniciativas para la comuna.<\/p>\n<p>\u201c<em>Aprovechando la reuni\u00f3n (con el subsecretario), solicitamos junto a la compa\u00f1\u00eda del senador Iv\u00e1n Moreira, que nos puedan financiar, algunos proyectos que tenemos que tenemos como comuna de Ancud, presentadas al PMU y al PMB, que tiene que ver con el abastecimiento de agua y alcantarillado de los sectores de la ciudad de Ancud<\/em>\u201d, inform\u00f3 el alcalde de Ancud.<\/p>\n<p>Por otro lado, el Subsecretario de Desarrollo Regional Felipe Salaberry tambi\u00e9n se refiri\u00f3 al encuentro y a su importancia.<\/p>\n<p>\u201c<em>Hemos tenido una importante reuni\u00f3n de trabajo con el alcalde Carlos G\u00f3mez de Ancud y el senador Iv\u00e1n Moreira, para desde el gobierno a contribuir, para solucionar prontamente la emergencia sanitaria que aqueja a una parte importante de nuestro territorio insular e Chilo\u00e9. Hemos comprometido con el alcalde y el senador, para que en las pr\u00f3ximas horas tengamos buenas noticias para tener la mejor soluci\u00f3n no solo en la emergencia, si no que en el mediano y largo plazo, para resolver un tema importante como es el dep\u00f3sito de los residuos s\u00f3lidos<\/em>\u201d, manifest\u00f3 el Subsecretario de Desarrollo Regional.<\/p>\n","protected":false},"excerpt":{"rendered":"<p>Con una intensa agenda de reuniones, el alcalde de la Municipalidad de Ancud Carlos G\u00f3mez Miranda sostuvo reuniones con autoridades de gobierno este martes en Santiago, con el fin de \u00a0abordar los alcances del decreto de Alerta Sanitaria dictada por el Ministerio de Salud. El primer encuentro fue con la Subsecretaria y Ministra Subrogante de [&hellip;]<\/p>\n","protected":false},"author":4,"featured_media":24550,"comment_status":"closed","ping_status":"closed","sticky":false,"template":"","format":"standard","meta":{"footnotes":""},"categories":[4],"tags":[],"class_list":["post-23556","post","type-post","status-publish","format-standard","has-post-thumbnail","hentry","category-sala-de-prensa"],"_links":{"self":[{"href":"https:\/\/www.muniancud.cl\/portal\/wp-json\/wp\/v2\/posts\/23556","targetHints":{"allow":["GET"]}}],"collection":[{"href":"https:\/\/www.muniancud.cl\/portal\/wp-json\/wp\/v2\/posts"}],"about":[{"href":"https:\/\/www.muniancud.cl\/portal\/wp-json\/wp\/v2\/types\/post"}],"author":[{"embeddable":true,"href":"https:\/\/www.muniancud.cl\/portal\/wp-json\/wp\/v2\/users\/4"}],"replies":[{"embeddable":true,"href":"https:\/\/www.muniancud.cl\/portal\/wp-json\/wp\/v2\/comments?post=23556"}],"version-history":[{"count":1,"href":"https:\/\/www.muniancud.cl\/portal\/wp-json\/wp\/v2\/posts\/23556\/revisions"}],"predecessor-version":[{"id":24463,"href":"https:\/\/www.muniancud.cl\/portal\/wp-json\/wp\/v2\/posts\/23556\/revisions\/24463"}],"wp:featuredmedia":[{"embeddable":true,"href":"https:\/\/www.muniancud.cl\/portal\/wp-json\/wp\/v2\/media\/24550"}],"wp:attachment":[{"href":"https:\/\/www.muniancud.cl\/portal\/wp-json\/wp\/v2\/media?parent=23556"}],"wp:term":[{"taxonomy":"category","embeddable":true,"href":"https:\/\/www.muniancud.cl\/portal\/wp-json\/wp\/v2\/categories?post=23556"},{"taxonomy":"post_tag","embeddable":true,"href":"https:\/\/www.muniancud.cl\/portal\/wp-json\/wp\/v2\/tags?post=23556"}],"curies":[{"name":"wp","href":"https:\/\/api.w.org\/{rel}","templated":true}]}}