{"id":23569,"date":"2019-04-18T17:21:46","date_gmt":"2019-04-18T21:21:46","guid":{"rendered":"https:\/\/www.muniancud.cl\/inicio\/?p=23569"},"modified":"2019-06-13T08:59:46","modified_gmt":"2019-06-13T12:59:46","slug":"alcalde-de-ancud-junto-a-la-asociacion-de-municipalidades-consigue-aprobacion-de-recursos-para-relleno-sanitario-en-chiloe","status":"publish","type":"post","link":"https:\/\/www.muniancud.cl\/portal\/alcalde-de-ancud-junto-a-la-asociacion-de-municipalidades-consigue-aprobacion-de-recursos-para-relleno-sanitario-en-chiloe\/","title":{"rendered":"Alcalde de Ancud junto a la Asociaci\u00f3n de Municipalidades consigue aprobaci\u00f3n de recursos para relleno sanitario en Chilo\u00e9"},"content":{"rendered":"<p>Satisfecho se manifest\u00f3 el alcalde Carlos G\u00f3mez Miranda este jueves a medio d\u00eda, con los resultados obtenidos en las reuniones realizadas con el Subsecretario de Desarrollo Regional Felipe Salaberry en compa\u00f1\u00eda de los alcaldes con los que integra la Asociaci\u00f3n de Municipalidades, Juan Hijerra de Dalcahue y Gustavo Lobos de Quemchi.<\/p>\n<p>El resultado del encuentro, seg\u00fan inform\u00f3 el edil, se tradujo en la confirmaci\u00f3n de recursos ante la asociaci\u00f3n de municipalidades, para la compra de un terreno que permita la instalaci\u00f3n de un relleno sanitario, e inicie una soluci\u00f3n definitiva para la disposici\u00f3n de residuos domiciliarios de los habitantes de Ancud.<\/p>\n<p>\u201c<em>El d\u00eda de hoy, se nos han aprobado estos $350 millones de pesos que nos van a permitir no solamente adquirir el terreno, sino que iniciar todos los estudios para llegar a un relleno sanitario. En forma inmediata, se ver\u00e1 una soluci\u00f3n parcial, para resolver el problema que enfrentamos nosotros como comuna. En alg\u00fan momento la Seremi, nos hab\u00eda solicitado, disponer un terreno en nuestra comuna para una soluci\u00f3n m\u00e1s inmediata. Esta soluci\u00f3n m\u00e1s inmediata hoy se va a estudiar en estos terrenos que van a ser adquiridos y van a hacer parte de este relleno sanitario. As\u00ed que, no puedo estar m\u00e1s feliz y m\u00e1s contento, no por lo que represento como alcalde, sino que en la representaci\u00f3n que tengo de los m\u00e1s de 38 mil habitantes que tiene la comuna de Ancud<\/em>\u201d, enfatiz\u00f3 la autoridad municipal.<\/p>\n<p>Cabe destacar que las gestiones realizadas por del edil Carlos G\u00f3mez, se vieron presionadas a\u00fan m\u00e1s, tras el cierre la semana pasada del vertedero industrial de Dicham en Chonchi. \u201c<em>Tambi\u00e9n quisiera recalcar, la jugada que este alcalde hizo al momento de solicitar esta alerta sanitaria. Nada de estos hubiera sido posible si no hubi\u00e9ramos estado en esa condici\u00f3n. Y esto lo solicit\u00e9 antes de que nos cerraran las puertas para seguir disponiendo de los residuos s\u00f3lidos en Dicham, en la comuna de Chonchi<\/em>\u201d, enfatiz\u00f3 la autoridad.<\/p>\n<p>Hoy con la aprobaci\u00f3n de recursos, la asociatividad se transforma en un elemento central si de pol\u00edticas comunales se trata. Con una proyecci\u00f3n que abarca no solo a las comunas asociadas, como destaca el alcalde G\u00f3mez, las posibilidades de acoger a otras comunas del Archipi\u00e9lago de Chilo\u00e9 se hacen una realidad. \u201c<em>Como siempre lo he dicho, no solamente estoy pensado en la comuna que hoy d\u00eda represento; si no que, tambi\u00e9n en todo el Archipi\u00e9lago. En las diez comunas de la provincia de Chilo\u00e9. Y es por eso, que producto de esa reuni\u00f3n se da la posibilidad de que hoy d\u00eda nos vuelva a recibir el Subsecretario de Desarrollo Regional, pero ahora con la presencia de la asociaci\u00f3n de municipios que la componen Dalcahue, Quemchi y Ancud. Nosotros hace aproximadamente ocho meses atr\u00e1s, hab\u00edamos elevado una solicitud al se\u00f1or Intendente para adquirir un terreno, que nos permita llevar adelante un relleno sanitario. No solamente pensado en las comunas que somos partes de esta asociaci\u00f3n, sino que pensado, en todas aquellas comunas que quieran incorporarse a este relleno sanitario de Chilo\u00e9<\/em>\u201d, destacando el alcalde el valor de la asociatividad para encontrar soluciones en el territorio.<\/p>\n<p>Por lo pronto, el edil agradeci\u00f3 las gestiones y acompa\u00f1amiento entregado por el Senado de la Regi\u00f3n de Los Lagos Iv\u00e1n Moreira, as\u00ed como del Subsecretario Felipe Salaberri y a la Subsecretaria y Ministra Subrogante Paulina Daza, quedando por realizar solo acciones de orden administrativo. Estas, permitir\u00e1n a la brevedad contar con un terreno acondicionado y bajo la legalidad vigente para la disposici\u00f3n final de residuos domiciliarios, tal como ha sostenido la autoridad comunal.<\/p>\n<p>\u201c<em>Vamos a presentar inmediatamente la ficha, tanto para la asistencia t\u00e9cnica, como para la adquisici\u00f3n del terreno. Se trata de un tr\u00e1mite administrativo que es bastante r\u00e1pido que lo va a hacer nuestra asociaci\u00f3n con el apoyo de los profesionales de los tres municipios. Se va a dar prioridad y la m\u00e1xima celeridad para que esto transcurra en el menos tiempo posible. Teni\u00e9ndose presente la situaci\u00f3n de alerta sanitaria que nosotros tenemos como comuna<\/em>\u201d.<\/p>\n<p>En lo inmediato, inst\u00f3 el edil de Ancud, se trata de iniciar un cambio profundo en la cultura al interior de los hogares, siendo de vital importancia, comenzar a reciclar, reutilizar y disponer de los residuos hogare\u00f1os con mayor atenci\u00f3n. Acciones que redoblan su marcha en favor de dar tranquilidad a cada habitante de Ancud, y ahora de Chilo\u00e9.<\/p>\n<p>\u201c<em>Una vez que est\u00e9 habilitado el terreno, se comienza inmediatamente a depositar ah\u00ed. Lo que s\u00ed debe saber la comunidad, es que lo que se est\u00e1 depositando en los vertederos industriales es solamente de forma transitoria. Lo debe tener claro la poblaci\u00f3n de Chilo\u00e9, es que esta es una soluci\u00f3n definitiva de acuerdo a la reglamentaci\u00f3n hoy d\u00eda vigente. Esperamos acoger de buena forma como debe ser, haciendo honor a lo que somos nosotros los chilotes, solidarios entre nosotros mismo. Y en eso estamos pensando como asociaci\u00f3n<\/em>\u201d, puntualiz\u00f3 el alcalde de la Ilustre Municipalidad de Ancud, Carlos G\u00f3mez Miranda.<\/p>\n\n                <style type=\"text\/css\">\n                    \n                    #td_uid_1_69f4dd03e8fcd  .td-doubleSlider-2 .td-item1 {\n                        background: url(https:\/\/www.muniancud.cl\/portal\/wp-content\/uploads\/2019\/04\/Alcalde_Gomez_conSubsecretarioD_regional_SalaberryAsociacionMunicipios_002-80x60.jpg) 0 0 no-repeat;\n                    }\n                    #td_uid_1_69f4dd03e8fcd  .td-doubleSlider-2 .td-item2 {\n                        background: url(https:\/\/www.muniancud.cl\/portal\/wp-content\/uploads\/2019\/04\/Alcalde_Gomez_conSubsecretarioD_regional_SalaberryAsociacionMunicipios_003-80x60.jpg) 0 0 no-repeat;\n                    }\n                <\/style>\n\n                <div id=\"td_uid_1_69f4dd03e8fcd\" class=\"td-gallery td-slide-on-2-columns\">\n                    <div class=\"post_td_gallery\">\n                        <div class=\"td-gallery-slide-top\">\n                           <div class=\"td-gallery-title\">Im\u00e1genes <\/div>\n\n                            <div class=\"td-gallery-controls-wrapper\">\n                                <div class=\"td-gallery-slide-count\"><span class=\"td-gallery-slide-item-focus\">1<\/span> of 2<\/div>\n                                <div class=\"td-gallery-slide-prev-next-but\">\n                                    <i class = \"td-icon-left doubleSliderPrevButton\"><\/i>\n                                    <i class = \"td-icon-right doubleSliderNextButton\"><\/i>\n                                <\/div>\n                            <\/div>\n                        <\/div>\n\n                        <div class = \"td-doubleSlider-1 \">\n                            <div class = \"td-slider\">\n                                \n                    <div class = \"td-slide-item td-item1\">\n                        <figure class=\"td-slide-galery-figure td-slide-popup-gallery\">\n                            <a class=\"slide-gallery-image-link\" href=\"https:\/\/www.muniancud.cl\/portal\/wp-content\/uploads\/2019\/04\/Alcalde_Gomez_conSubsecretarioD_regional_SalaberryAsociacionMunicipios_002.jpg\" title=\"Alcalde_Gomez_conSubsecretarioD_regional_SalaberryAsociacionMunicipios_002\"  data-caption=\"\"  data-description=\"\">\n                                <img decoding=\"async\" src=\"https:\/\/www.muniancud.cl\/portal\/wp-content\/uploads\/2019\/04\/Alcalde_Gomez_conSubsecretarioD_regional_SalaberryAsociacionMunicipios_002-630x420.jpg\" srcset=\"https:\/\/www.muniancud.cl\/portal\/wp-content\/uploads\/2019\/04\/Alcalde_Gomez_conSubsecretarioD_regional_SalaberryAsociacionMunicipios_002-630x420.jpg 630w, https:\/\/www.muniancud.cl\/portal\/wp-content\/uploads\/2019\/04\/Alcalde_Gomez_conSubsecretarioD_regional_SalaberryAsociacionMunicipios_002-300x200.jpg 300w, https:\/\/www.muniancud.cl\/portal\/wp-content\/uploads\/2019\/04\/Alcalde_Gomez_conSubsecretarioD_regional_SalaberryAsociacionMunicipios_002-768x512.jpg 768w, https:\/\/www.muniancud.cl\/portal\/wp-content\/uploads\/2019\/04\/Alcalde_Gomez_conSubsecretarioD_regional_SalaberryAsociacionMunicipios_002-696x464.jpg 696w, https:\/\/www.muniancud.cl\/portal\/wp-content\/uploads\/2019\/04\/Alcalde_Gomez_conSubsecretarioD_regional_SalaberryAsociacionMunicipios_002.jpg 960w\" sizes=\"(max-width: 630px) 100vw, 630px\" alt=\"\">\n                            <\/a>\n                            \n                        <\/figure>\n                    <\/div>\n                    <div class = \"td-slide-item td-item2\">\n                        <figure class=\"td-slide-galery-figure td-slide-popup-gallery\">\n                            <a class=\"slide-gallery-image-link\" href=\"https:\/\/www.muniancud.cl\/portal\/wp-content\/uploads\/2019\/04\/Alcalde_Gomez_conSubsecretarioD_regional_SalaberryAsociacionMunicipios_003.jpg\" title=\"Alcalde_Gomez_conSubsecretarioD_regional_SalaberryAsociacionMunicipios_003\"  data-caption=\"\"  data-description=\"\">\n                                <img decoding=\"async\" src=\"https:\/\/www.muniancud.cl\/portal\/wp-content\/uploads\/2019\/04\/Alcalde_Gomez_conSubsecretarioD_regional_SalaberryAsociacionMunicipios_003-630x420.jpg\" srcset=\"https:\/\/www.muniancud.cl\/portal\/wp-content\/uploads\/2019\/04\/Alcalde_Gomez_conSubsecretarioD_regional_SalaberryAsociacionMunicipios_003-630x420.jpg 630w, https:\/\/www.muniancud.cl\/portal\/wp-content\/uploads\/2019\/04\/Alcalde_Gomez_conSubsecretarioD_regional_SalaberryAsociacionMunicipios_003-300x200.jpg 300w, https:\/\/www.muniancud.cl\/portal\/wp-content\/uploads\/2019\/04\/Alcalde_Gomez_conSubsecretarioD_regional_SalaberryAsociacionMunicipios_003-768x512.jpg 768w, https:\/\/www.muniancud.cl\/portal\/wp-content\/uploads\/2019\/04\/Alcalde_Gomez_conSubsecretarioD_regional_SalaberryAsociacionMunicipios_003-696x464.jpg 696w, https:\/\/www.muniancud.cl\/portal\/wp-content\/uploads\/2019\/04\/Alcalde_Gomez_conSubsecretarioD_regional_SalaberryAsociacionMunicipios_003.jpg 960w\" sizes=\"(max-width: 630px) 100vw, 630px\" alt=\"\">\n                            <\/a>\n                            \n                        <\/figure>\n                    <\/div>\n                            <\/div>\n                        <\/div>\n\n                        <div class = \"td-doubleSlider-2\">\n                            <div class = \"td-slider\">\n                                \n                    <div class = \"td-button td-item1\">\n                        <div class = \"td-border\"><\/div>\n                    <\/div>\n                    <div class = \"td-button td-item2\">\n                        <div class = \"td-border\"><\/div>\n                    <\/div>\n                            <\/div>\n                        <\/div>\n\n                    <\/div>\n\n                <\/div>\n                \n","protected":false},"excerpt":{"rendered":"<p>Satisfecho se manifest\u00f3 el alcalde Carlos G\u00f3mez Miranda este jueves a medio d\u00eda, con los resultados obtenidos en las reuniones realizadas con el Subsecretario de Desarrollo Regional Felipe Salaberry en compa\u00f1\u00eda de los alcaldes con los que integra la Asociaci\u00f3n de Municipalidades, Juan Hijerra de Dalcahue y Gustavo Lobos de Quemchi. El resultado del encuentro, [&hellip;]<\/p>\n","protected":false},"author":4,"featured_media":24549,"comment_status":"closed","ping_status":"closed","sticky":false,"template":"","format":"standard","meta":{"footnotes":""},"categories":[4],"tags":[],"class_list":["post-23569","post","type-post","status-publish","format-standard","has-post-thumbnail","hentry","category-sala-de-prensa"],"_links":{"self":[{"href":"https:\/\/www.muniancud.cl\/portal\/wp-json\/wp\/v2\/posts\/23569","targetHints":{"allow":["GET"]}}],"collection":[{"href":"https:\/\/www.muniancud.cl\/portal\/wp-json\/wp\/v2\/posts"}],"about":[{"href":"https:\/\/www.muniancud.cl\/portal\/wp-json\/wp\/v2\/types\/post"}],"author":[{"embeddable":true,"href":"https:\/\/www.muniancud.cl\/portal\/wp-json\/wp\/v2\/users\/4"}],"replies":[{"embeddable":true,"href":"https:\/\/www.muniancud.cl\/portal\/wp-json\/wp\/v2\/comments?post=23569"}],"version-history":[{"count":4,"href":"https:\/\/www.muniancud.cl\/portal\/wp-json\/wp\/v2\/posts\/23569\/revisions"}],"predecessor-version":[{"id":24600,"href":"https:\/\/www.muniancud.cl\/portal\/wp-json\/wp\/v2\/posts\/23569\/revisions\/24600"}],"wp:featuredmedia":[{"embeddable":true,"href":"https:\/\/www.muniancud.cl\/portal\/wp-json\/wp\/v2\/media\/24549"}],"wp:attachment":[{"href":"https:\/\/www.muniancud.cl\/portal\/wp-json\/wp\/v2\/media?parent=23569"}],"wp:term":[{"taxonomy":"category","embeddable":true,"href":"https:\/\/www.muniancud.cl\/portal\/wp-json\/wp\/v2\/categories?post=23569"},{"taxonomy":"post_tag","embeddable":true,"href":"https:\/\/www.muniancud.cl\/portal\/wp-json\/wp\/v2\/tags?post=23569"}],"curies":[{"name":"wp","href":"https:\/\/api.w.org\/{rel}","templated":true}]}}