{"id":23590,"date":"2019-03-29T18:20:54","date_gmt":"2019-03-29T21:20:54","guid":{"rendered":"https:\/\/www.muniancud.cl\/inicio\/?p=23590"},"modified":"2019-06-12T17:09:35","modified_gmt":"2019-06-12T21:09:35","slug":"municipio-de-ancud-entrega-anhelada-ambulancia-a-comunidad-de-chacao","status":"publish","type":"post","link":"https:\/\/www.muniancud.cl\/portal\/municipio-de-ancud-entrega-anhelada-ambulancia-a-comunidad-de-chacao\/","title":{"rendered":"Municipio de Ancud entrega ambulancia a la comunidad de Chacao"},"content":{"rendered":"<p>El municipio de Ancud, representado por el alcalde Carlos G\u00f3mez Miranda, en su calidad de presidente del directorio de la Corporaci\u00f3n de Educaci\u00f3n y Salud, respondiendo a un compromiso con la comunidad de Chacao, hizo entrega a la comunidad de una ambulancia cero kil\u00f3metro, equipamiento m\u00e9dico y ampliaci\u00f3n de las dependencias del CESCOF de Chacao, en una jornada que los vecinos de la hist\u00f3rica localidad agradecieron como la \u00fanica iniciativa con resultados concretos.<\/p>\n<p>\u201cUno de mis compromisos que asum\u00ed con la comunidad, fue ante una necesidad de poder tener una ambulancia para traslados en caso de emergencias en Chacao y hoy ya es una realidad, adem\u00e1s de la entrega de los trabajos de mejoramientos y ampliaci\u00f3n e implementaci\u00f3n en el Cecosf Chacao\u201d, destac\u00f3 el edil quien enfatiz\u00f3 que las funciones del m\u00f3vil ser\u00e1n de exclusivo uso del sector de Chacao y alrededores.<\/p>\n<p>La ceremonia cont\u00f3 con la participaci\u00f3n de dirigentes de la comunidad rural, concejales, de la comunidad ind\u00edgena, representantes del \u00e1rea de salud, Corporaci\u00f3n Municipal y la comunidad de Chacao. Enmarco, el alcalde homenaje\u00f3 el trabajo de los dirigentes de la comunidad, como principales impulsores de la anhelada ambulancia, en particular ala exdirigente, Marila Gonz\u00e1lez Ruiz, pieza importante del proceso, quien destac\u00f3 que \u201cla gente de la comunidad me pidi\u00f3 que siga adelante, pero pasaron muchos alcaldes y nunca se llegaba a concretar, hasta que por fin se concret\u00f3 con esta administraci\u00f3n\u201d.<\/p>\n<p>Adem\u00e1s de la inversi\u00f3n que se ha venido realizando durante este periodo que asciende a $32.812.398 que incluye ampliaci\u00f3n de sala multiusos, sala de esterilizaci\u00f3n, sistema de calefacci\u00f3n, generador el\u00e9ctrico y un sill\u00f3n port\u00e1til.<\/p>\n","protected":false},"excerpt":{"rendered":"<p>El municipio de Ancud, representado por el alcalde Carlos G\u00f3mez Miranda, en su calidad de presidente del directorio de la Corporaci\u00f3n de Educaci\u00f3n y Salud, respondiendo a un compromiso con la comunidad de Chacao, hizo entrega a la comunidad de una ambulancia cero kil\u00f3metro, equipamiento m\u00e9dico y ampliaci\u00f3n de las dependencias del CESCOF de Chacao, [&hellip;]<\/p>\n","protected":false},"author":4,"featured_media":24558,"comment_status":"closed","ping_status":"closed","sticky":false,"template":"","format":"standard","meta":{"footnotes":""},"categories":[4,24],"tags":[],"class_list":["post-23590","post","type-post","status-publish","format-standard","has-post-thumbnail","hentry","category-sala-de-prensa","category-salud"],"_links":{"self":[{"href":"https:\/\/www.muniancud.cl\/portal\/wp-json\/wp\/v2\/posts\/23590","targetHints":{"allow":["GET"]}}],"collection":[{"href":"https:\/\/www.muniancud.cl\/portal\/wp-json\/wp\/v2\/posts"}],"about":[{"href":"https:\/\/www.muniancud.cl\/portal\/wp-json\/wp\/v2\/types\/post"}],"author":[{"embeddable":true,"href":"https:\/\/www.muniancud.cl\/portal\/wp-json\/wp\/v2\/users\/4"}],"replies":[{"embeddable":true,"href":"https:\/\/www.muniancud.cl\/portal\/wp-json\/wp\/v2\/comments?post=23590"}],"version-history":[{"count":1,"href":"https:\/\/www.muniancud.cl\/portal\/wp-json\/wp\/v2\/posts\/23590\/revisions"}],"predecessor-version":[{"id":24479,"href":"https:\/\/www.muniancud.cl\/portal\/wp-json\/wp\/v2\/posts\/23590\/revisions\/24479"}],"wp:featuredmedia":[{"embeddable":true,"href":"https:\/\/www.muniancud.cl\/portal\/wp-json\/wp\/v2\/media\/24558"}],"wp:attachment":[{"href":"https:\/\/www.muniancud.cl\/portal\/wp-json\/wp\/v2\/media?parent=23590"}],"wp:term":[{"taxonomy":"category","embeddable":true,"href":"https:\/\/www.muniancud.cl\/portal\/wp-json\/wp\/v2\/categories?post=23590"},{"taxonomy":"post_tag","embeddable":true,"href":"https:\/\/www.muniancud.cl\/portal\/wp-json\/wp\/v2\/tags?post=23590"}],"curies":[{"name":"wp","href":"https:\/\/api.w.org\/{rel}","templated":true}]}}