{"id":23595,"date":"2019-04-23T16:46:22","date_gmt":"2019-04-23T20:46:22","guid":{"rendered":"https:\/\/www.muniancud.cl\/inicio\/?p=23595"},"modified":"2019-06-12T16:50:26","modified_gmt":"2019-06-12T20:50:26","slug":"municipio-aprueba-adquisicion-de-camiones-recolectores-y-400-contenedores-para-residuos-domiciliarios","status":"publish","type":"post","link":"https:\/\/www.muniancud.cl\/portal\/municipio-aprueba-adquisicion-de-camiones-recolectores-y-400-contenedores-para-residuos-domiciliarios\/","title":{"rendered":"Municipio aprueba adquisici\u00f3n de camiones recolectores y 400 contenedores para residuos domiciliarios"},"content":{"rendered":"<p>La Ilustre Municipalidad de Ancud encabezada por el alcalde Carlos G\u00f3mez Miranda, inform\u00f3 la aprobaci\u00f3n en sesi\u00f3n extraordinaria del Honorable Concejo Municipal, la subscripci\u00f3n de contratos para la adquisici\u00f3n de cinco camiones recolectores de desechos domiciliarios y 400 contenedores de 1100 litros de capacidad cada uno. Elementos que podr\u00e1n estar operativos en la comuna aproximadamente, en los pr\u00f3ximos quince y diecisiete d\u00edas respectivamente.<\/p>\n<p>La adquisici\u00f3n de los rodados y contenedores se realiza bajo la modalidad del Convenio Marco del portal mercadopublico.cl dispuesto en la Ley N\u00b019.886 de compras p\u00fablicas. Mientras, el acuerdo que permite el procedimiento, se establece en lo dispuesto en la ley N\u00b018.695 Org\u00e1nica Constitucional de Municipalidades. Ambas inversiones comprenden poco m\u00e1s de $800 millones de pesos, coordinados con el Gobierno Regional de Los Lagos y la Municipalidad de Ancud el pasado 19 de marzo pasado.<\/p>\n<p>Las caracter\u00edsticas t\u00e9cnicas de los cinco camiones recolectores, corresponden al a\u00f1o 2019, con tracci\u00f3n 6X4, motor di\u00e9sel, con alza contenedores y capacidad para contener 21 metros cuadrados de residuos. En el caso de los contenedores, se trata de 400 unidades, de color gris, en HDPE, es decir, polietileno de alta densidad, con tapa ensamblada, ruedas giratorias y eje galvanizado, con capacidad para 1100 litros. Tanto los camiones como los contenedores, se suman al sistema de gesti\u00f3n de residuos domiciliarios que implementa el municipio de Ancud.<\/p>\n","protected":false},"excerpt":{"rendered":"<p>La Ilustre Municipalidad de Ancud encabezada por el alcalde Carlos G\u00f3mez Miranda, inform\u00f3 la aprobaci\u00f3n en sesi\u00f3n extraordinaria del Honorable Concejo Municipal, la subscripci\u00f3n de contratos para la adquisici\u00f3n de cinco camiones recolectores de desechos domiciliarios y 400 contenedores de 1100 litros de capacidad cada uno. Elementos que podr\u00e1n estar operativos en la comuna aproximadamente, [&hellip;]<\/p>\n","protected":false},"author":4,"featured_media":24548,"comment_status":"closed","ping_status":"closed","sticky":false,"template":"","format":"standard","meta":{"footnotes":""},"categories":[4],"tags":[],"class_list":["post-23595","post","type-post","status-publish","format-standard","has-post-thumbnail","hentry","category-sala-de-prensa"],"_links":{"self":[{"href":"https:\/\/www.muniancud.cl\/portal\/wp-json\/wp\/v2\/posts\/23595","targetHints":{"allow":["GET"]}}],"collection":[{"href":"https:\/\/www.muniancud.cl\/portal\/wp-json\/wp\/v2\/posts"}],"about":[{"href":"https:\/\/www.muniancud.cl\/portal\/wp-json\/wp\/v2\/types\/post"}],"author":[{"embeddable":true,"href":"https:\/\/www.muniancud.cl\/portal\/wp-json\/wp\/v2\/users\/4"}],"replies":[{"embeddable":true,"href":"https:\/\/www.muniancud.cl\/portal\/wp-json\/wp\/v2\/comments?post=23595"}],"version-history":[{"count":1,"href":"https:\/\/www.muniancud.cl\/portal\/wp-json\/wp\/v2\/posts\/23595\/revisions"}],"predecessor-version":[{"id":24458,"href":"https:\/\/www.muniancud.cl\/portal\/wp-json\/wp\/v2\/posts\/23595\/revisions\/24458"}],"wp:featuredmedia":[{"embeddable":true,"href":"https:\/\/www.muniancud.cl\/portal\/wp-json\/wp\/v2\/media\/24548"}],"wp:attachment":[{"href":"https:\/\/www.muniancud.cl\/portal\/wp-json\/wp\/v2\/media?parent=23595"}],"wp:term":[{"taxonomy":"category","embeddable":true,"href":"https:\/\/www.muniancud.cl\/portal\/wp-json\/wp\/v2\/categories?post=23595"},{"taxonomy":"post_tag","embeddable":true,"href":"https:\/\/www.muniancud.cl\/portal\/wp-json\/wp\/v2\/tags?post=23595"}],"curies":[{"name":"wp","href":"https:\/\/api.w.org\/{rel}","templated":true}]}}