{"id":23629,"date":"2019-04-26T17:22:19","date_gmt":"2019-04-26T21:22:19","guid":{"rendered":"https:\/\/www.muniancud.cl\/inicio\/?p=23629"},"modified":"2019-06-13T08:57:16","modified_gmt":"2019-06-13T12:57:16","slug":"municipio-de-ancud-realiza-homenaje-a-carabineros-en-sus-92-anos-de-vida-institucional","status":"publish","type":"post","link":"https:\/\/www.muniancud.cl\/portal\/municipio-de-ancud-realiza-homenaje-a-carabineros-en-sus-92-anos-de-vida-institucional\/","title":{"rendered":"Municipio de Ancud realiza homenaje a Carabineros en sus 92 a\u00f1os de vida institucional"},"content":{"rendered":"<p>En una emotiva y sobria ceremonia, este viernes en el Teatro Municipal de Ancud, con la presencia de autoridades, concejales, representantes de las comunidades Huilliches, y de la sociedad ancuditana en general, encabezados por el alcalde Carlos G\u00f3mez Miranda, se realiz\u00f3 el homenaje a los 92 a\u00f1os de Carabineros. En la actividad se reconoci\u00f3 a los funcionarios de la instituci\u00f3n, entre otros motivos, por el desempe\u00f1o profesional y por el aporte a los valores sociales.<\/p>\n<p>As\u00ed lo destaca el Alcalde Carlos G\u00f3mez quien manifest\u00f3 el reconocimiento a la instituci\u00f3n en su aniversario. \u201c<em>Como municipalidad y como comunidad ancuditana, hemos querido reconocer a trav\u00e9s de un acto muy significativos a nuestros carabineros, al cumplir ma\u00f1ana noventa y dos a\u00f1os de vida de fundaci\u00f3n de esta noble instituci\u00f3n. Y lo hemos hecho con la participaci\u00f3n de nuestra comunidad. Por eso es que dentro del acto, hubo puntos art\u00edsticos como el del colegio Sonrisa de \u00c1ngel, como la escuela de Caul\u00edn. Queremos que sea la propia comunidad a trav\u00e9s de sus organizaciones e instituciones que celebren, festejen y reconozcan la tremenda labor que desarrolla Carabineros de Chile, principalmente en nuestra comuna<\/em>\u201d, subray\u00f3 el edil de Ancud.<\/p>\n<p>En la ocasi\u00f3n la primera autoridad comunal, reconoci\u00f3 al Sargento 1\u00b0, Ram\u00f3n Espinoza Valenzuela por el desempe\u00f1o profesional y liderazgo en el trabajo investigativo. Al Sargento 2\u00b0 Cristi\u00e1n Morales Richards, por su esp\u00edritu de compromiso y como un decidido \u00abcolaborador para el cambio\u00bb en la formaci\u00f3n de futuros carabineros. El reconocimiento m\u00e1s emotivo fue entregado al matrimonio de carabineros compuesto por los cabos primeros\u00a0 Cintia Riquelme Jaque y Jos\u00e9 Fuentes Silva, quienes se hicieron cargo de una menor de tres meses, enfatizando sus valores humanitarios para con la menor.<\/p>\n<p>En su discurso a los uniformados, el alcalde G\u00f3mez recalc\u00f3 el apoyo de las familias que cada carabinero y carabinera recibe en el desempe\u00f1o de su labor. Sobre todo, en un escenario que ha visto aumentar los m\u00e1rtires de la instituci\u00f3n, cumpliendo su deber. Situaci\u00f3n que, como detall\u00f3 el edil, convoca a los civiles dada la valoraci\u00f3n social que la comunidad ancuditana deposita en la instituci\u00f3n. \u201c<em>Reconocer en cada uno y en cada una de ustedes esa tremenda abnegaci\u00f3n. Esa tremenda lealtad, con la funci\u00f3n asumida y por la cual han jurado hasta rendir la vida si fuese necesaria, en protecci\u00f3n de nuestros semejantes<\/em>\u201d, sostuvo el edil Carlos G\u00f3mez Miranda en el marco de los 92 a\u00f1os de Carabineros de Chile.<\/p>\n\n                <style type=\"text\/css\">\n                    \n                    #td_uid_1_69f4dcfc78859  .td-doubleSlider-2 .td-item1 {\n                        background: url(https:\/\/www.muniancud.cl\/portal\/wp-content\/uploads\/2019\/04\/WhatsApp-Image-2019-04-26-at-17.00.11-5-80x60.jpeg) 0 0 no-repeat;\n                    }\n                    #td_uid_1_69f4dcfc78859  .td-doubleSlider-2 .td-item2 {\n                        background: url(https:\/\/www.muniancud.cl\/portal\/wp-content\/uploads\/2019\/04\/WhatsApp-Image-2019-04-26-at-17.00.11-6-80x60.jpeg) 0 0 no-repeat;\n                    }\n                <\/style>\n\n                <div id=\"td_uid_1_69f4dcfc78859\" class=\"td-gallery td-slide-on-2-columns\">\n                    <div class=\"post_td_gallery\">\n                        <div class=\"td-gallery-slide-top\">\n                           <div class=\"td-gallery-title\">Im\u00e1genes <\/div>\n\n                            <div class=\"td-gallery-controls-wrapper\">\n                                <div class=\"td-gallery-slide-count\"><span class=\"td-gallery-slide-item-focus\">1<\/span> of 2<\/div>\n                                <div class=\"td-gallery-slide-prev-next-but\">\n                                    <i class = \"td-icon-left doubleSliderPrevButton\"><\/i>\n                                    <i class = \"td-icon-right doubleSliderNextButton\"><\/i>\n                                <\/div>\n                            <\/div>\n                        <\/div>\n\n                        <div class = \"td-doubleSlider-1 \">\n                            <div class = \"td-slider\">\n                                \n                    <div class = \"td-slide-item td-item1\">\n                        <figure class=\"td-slide-galery-figure td-slide-popup-gallery\">\n                            <a class=\"slide-gallery-image-link\" href=\"https:\/\/www.muniancud.cl\/portal\/wp-content\/uploads\/2019\/04\/WhatsApp-Image-2019-04-26-at-17.00.11-5.jpeg\" title=\"WhatsApp-Image-2019-04-26-at-17.00.11-5\"  data-caption=\"\"  data-description=\"\">\n                                <img decoding=\"async\" src=\"https:\/\/www.muniancud.cl\/portal\/wp-content\/uploads\/2019\/04\/WhatsApp-Image-2019-04-26-at-17.00.11-5-630x420.jpeg\" srcset=\"https:\/\/www.muniancud.cl\/portal\/wp-content\/uploads\/2019\/04\/WhatsApp-Image-2019-04-26-at-17.00.11-5-630x420.jpeg 630w, https:\/\/www.muniancud.cl\/portal\/wp-content\/uploads\/2019\/04\/WhatsApp-Image-2019-04-26-at-17.00.11-5-300x200.jpeg 300w, https:\/\/www.muniancud.cl\/portal\/wp-content\/uploads\/2019\/04\/WhatsApp-Image-2019-04-26-at-17.00.11-5-768x512.jpeg 768w, https:\/\/www.muniancud.cl\/portal\/wp-content\/uploads\/2019\/04\/WhatsApp-Image-2019-04-26-at-17.00.11-5.jpeg 1024w, https:\/\/www.muniancud.cl\/portal\/wp-content\/uploads\/2019\/04\/WhatsApp-Image-2019-04-26-at-17.00.11-5-696x464.jpeg 696w\" sizes=\"(max-width: 630px) 100vw, 630px\" alt=\"\">\n                            <\/a>\n                            \n                        <\/figure>\n                    <\/div>\n                    <div class = \"td-slide-item td-item2\">\n                        <figure class=\"td-slide-galery-figure td-slide-popup-gallery\">\n                            <a class=\"slide-gallery-image-link\" href=\"https:\/\/www.muniancud.cl\/portal\/wp-content\/uploads\/2019\/04\/WhatsApp-Image-2019-04-26-at-17.00.11-6.jpeg\" title=\"WhatsApp-Image-2019-04-26-at-17.00.11-6\"  data-caption=\"\"  data-description=\"\">\n                                <img decoding=\"async\" src=\"https:\/\/www.muniancud.cl\/portal\/wp-content\/uploads\/2019\/04\/WhatsApp-Image-2019-04-26-at-17.00.11-6-630x420.jpeg\" srcset=\"https:\/\/www.muniancud.cl\/portal\/wp-content\/uploads\/2019\/04\/WhatsApp-Image-2019-04-26-at-17.00.11-6-630x420.jpeg 630w, https:\/\/www.muniancud.cl\/portal\/wp-content\/uploads\/2019\/04\/WhatsApp-Image-2019-04-26-at-17.00.11-6-300x200.jpeg 300w, https:\/\/www.muniancud.cl\/portal\/wp-content\/uploads\/2019\/04\/WhatsApp-Image-2019-04-26-at-17.00.11-6-768x512.jpeg 768w, https:\/\/www.muniancud.cl\/portal\/wp-content\/uploads\/2019\/04\/WhatsApp-Image-2019-04-26-at-17.00.11-6.jpeg 1024w, https:\/\/www.muniancud.cl\/portal\/wp-content\/uploads\/2019\/04\/WhatsApp-Image-2019-04-26-at-17.00.11-6-696x464.jpeg 696w\" sizes=\"(max-width: 630px) 100vw, 630px\" alt=\"\">\n                            <\/a>\n                            \n                        <\/figure>\n                    <\/div>\n                            <\/div>\n                        <\/div>\n\n                        <div class = \"td-doubleSlider-2\">\n                            <div class = \"td-slider\">\n                                \n                    <div class = \"td-button td-item1\">\n                        <div class = \"td-border\"><\/div>\n                    <\/div>\n                    <div class = \"td-button td-item2\">\n                        <div class = \"td-border\"><\/div>\n                    <\/div>\n                            <\/div>\n                        <\/div>\n\n                    <\/div>\n\n                <\/div>\n                \n","protected":false},"excerpt":{"rendered":"<p>En una emotiva y sobria ceremonia, este viernes en el Teatro Municipal de Ancud, con la presencia de autoridades, concejales, representantes de las comunidades Huilliches, y de la sociedad ancuditana en general, encabezados por el alcalde Carlos G\u00f3mez Miranda, se realiz\u00f3 el homenaje a los 92 a\u00f1os de Carabineros. En la actividad se reconoci\u00f3 a [&hellip;]<\/p>\n","protected":false},"author":4,"featured_media":24547,"comment_status":"closed","ping_status":"closed","sticky":false,"template":"","format":"standard","meta":{"footnotes":""},"categories":[4],"tags":[],"class_list":["post-23629","post","type-post","status-publish","format-standard","has-post-thumbnail","hentry","category-sala-de-prensa"],"_links":{"self":[{"href":"https:\/\/www.muniancud.cl\/portal\/wp-json\/wp\/v2\/posts\/23629","targetHints":{"allow":["GET"]}}],"collection":[{"href":"https:\/\/www.muniancud.cl\/portal\/wp-json\/wp\/v2\/posts"}],"about":[{"href":"https:\/\/www.muniancud.cl\/portal\/wp-json\/wp\/v2\/types\/post"}],"author":[{"embeddable":true,"href":"https:\/\/www.muniancud.cl\/portal\/wp-json\/wp\/v2\/users\/4"}],"replies":[{"embeddable":true,"href":"https:\/\/www.muniancud.cl\/portal\/wp-json\/wp\/v2\/comments?post=23629"}],"version-history":[{"count":3,"href":"https:\/\/www.muniancud.cl\/portal\/wp-json\/wp\/v2\/posts\/23629\/revisions"}],"predecessor-version":[{"id":24597,"href":"https:\/\/www.muniancud.cl\/portal\/wp-json\/wp\/v2\/posts\/23629\/revisions\/24597"}],"wp:featuredmedia":[{"embeddable":true,"href":"https:\/\/www.muniancud.cl\/portal\/wp-json\/wp\/v2\/media\/24547"}],"wp:attachment":[{"href":"https:\/\/www.muniancud.cl\/portal\/wp-json\/wp\/v2\/media?parent=23629"}],"wp:term":[{"taxonomy":"category","embeddable":true,"href":"https:\/\/www.muniancud.cl\/portal\/wp-json\/wp\/v2\/categories?post=23629"},{"taxonomy":"post_tag","embeddable":true,"href":"https:\/\/www.muniancud.cl\/portal\/wp-json\/wp\/v2\/tags?post=23629"}],"curies":[{"name":"wp","href":"https:\/\/api.w.org\/{rel}","templated":true}]}}