{"id":23638,"date":"2019-04-26T20:14:07","date_gmt":"2019-04-27T00:14:07","guid":{"rendered":"https:\/\/www.muniancud.cl\/inicio\/?p=23638"},"modified":"2019-06-12T16:47:39","modified_gmt":"2019-06-12T20:47:39","slug":"asociacion-de-municipalidades-acuerda-solicitar-a-seremia-de-salud-convocar-mesa-tecnica-regional-para-solucion-de-residuos-domiciliarios","status":"publish","type":"post","link":"https:\/\/www.muniancud.cl\/portal\/asociacion-de-municipalidades-acuerda-solicitar-a-seremia-de-salud-convocar-mesa-tecnica-regional-para-solucion-de-residuos-domiciliarios\/","title":{"rendered":"Asociaci\u00f3n de municipalidades solicita a Seremi de salud convocar mesa t\u00e9cnica regional para soluci\u00f3n de residuos domiciliarios"},"content":{"rendered":"<p>Los alcaldes de Ancud, Dalcahue y Quemchi, integrantes de la Asociaci\u00f3n de Municipios de Desarrollo Intercomunal de Chilo\u00e9, este jueves sostuvieron una reuni\u00f3n de trabajo abordando las diferentes tem\u00e1ticas para una soluci\u00f3n definitiva a la disposici\u00f3n de residuos domiciliarios, siempre bajo normativa vigente. En particular, sobre los $350 millones gestionados por el edil Carlos G\u00f3mez ante la Subsecretaria de Desarrollo Regional, que plantea como clave, contar con el acompa\u00f1amiento y coordinaci\u00f3n t\u00e9cnica de las autoridades, con el fin de implementar de manera satisfactoria el primer relleno sanitario en la provincia. Sobre todo, para superar las condiciones actuales en las que se encuentran un conjunto de vertederos en Chilo\u00e9.<\/p>\n<p>Al alcalde de Quemchi y presidente de la Asociaci\u00f3n de Municipalidades del Norte, Gustavo Lobos se\u00f1al\u00f3 al t\u00e9rmino de la reuni\u00f3n, parte de los avances que la instancia municipal va desarrollando. \u201c<em>La verdad es que nosotros vamos por el camino correcto para buscar c\u00f3mo disponer de la basura. Aplicar tecnolog\u00eda para que Chilo\u00e9 no se contamine y no se da\u00f1e el medio ambiente. Lo otro, es sobre los recursos apropiados. Este es un tema de mucho dinero y los municipios no tienen como financiar. El hecho que tres municipalidades act\u00faen asociadas, es el camino para buscar una soluci\u00f3n<\/em>\u201d, sostuvo el edil de Quemchi.<\/p>\n<p>Por otro lado, el alcalde de Ancud Carlos G\u00f3mez Miranda, en la antesala de la reuni\u00f3n acordada con la Seremi de Salud Scarlett Molt para este viernes bajo el marco de la Alerta Sanitaria, \u00a0inform\u00f3 los pasos a seguir como Asociaci\u00f3n de Municipalidades. \u201c<em>Esto parte hoy (viernes) con una reuni\u00f3n alrededor de las 16:30 horas en la misma comuna de Quemchi donde esperamos solicitar que el equipo t\u00e9cnico, de la Seremia de Salud, de la autoridad Sanitaria, y de todas las instituciones que est\u00e1n involucradas en la aprobaci\u00f3n de este proyecto, podamos comenzar ya a trabajar desde el momento que se comienzan a hacer los estudios para avanzar con rapidez. El plazo como m\u00ednimo es de cuatro a\u00f1os y m\u00e1ximo, de seis a\u00f1os. No queremos iniciarlo con una consultora de nuestros municipios, sin la presencia de los organismos que tienen que revisarnos el proyecto, y aprobarnos\u00a0 el proyecto, con el fin de ir acortando los tiempos. Todos sabemos la tremenda necesidad que tenemos no solo en Ancud, Quemchi y Dalcahue para la disposici\u00f3n final de residuos s\u00f3lidos<\/em>\u201d, enfatiz\u00f3 el Alcalde G\u00f3mez.<\/p>\n<p>En esta misma l\u00ednea, se refiri\u00f3 el alcalde sobre el escenario provincial en el cual se encuentra las comunas y vertederos existentes. \u201c<em>Todos sabemos que la Superintendencia de Medio ambiente est\u00e1 realizando fiscalizaciones en varios de los vertederos municipales. Varios de ellos est\u00e1n con sumarios, otros con observaciones que tienen que corregir, y que no son f\u00e1ciles de corregir. Porque estos vertederos est\u00e1n obsoletos, estos vertederos est\u00e1n ya con su capacidad de vida \u00fatil copada. Ante eso -queremos ser nosotros como asociaci\u00f3n los que llevemos adelante este primer y gran proyecto de relleno sanitario para la Provincia de Chilo\u00e9. Y que si en alg\u00fan minuto, otros municipios tienen la necesidad, van a tener el espacio y una oportunidad que no tuvimos nosotros como comuna de Ancud<\/em>\u201d, subray\u00f3.<\/p>\n<p>Durante la tarde de este viernes, en la reuni\u00f3n con la Secretaria Regional Ministerial de Salud y la Asociaci\u00f3n de municipalidades, el alcalde G\u00f3mez ofici\u00f3 a la Seremi de salud para que esta conforme de emergencia, la mesa t\u00e9cnica regional. El objetivo, como ya mencion\u00f3 el edil de Ancud, \u00a0es acompa\u00f1ar y apoyar los procesos que evaluaran las caracter\u00edsticas necesarias con el que debe contar el espacio f\u00edsico donde se emplazar\u00e1 el futuro relleno sanitario intercomunal y posible soluci\u00f3n transitoria a los residuos s\u00f3lidos de la comuna de Ancud.<\/p>\n","protected":false},"excerpt":{"rendered":"<p>Los alcaldes de Ancud, Dalcahue y Quemchi, integrantes de la Asociaci\u00f3n de Municipios de Desarrollo Intercomunal de Chilo\u00e9, este jueves sostuvieron una reuni\u00f3n de trabajo abordando las diferentes tem\u00e1ticas para una soluci\u00f3n definitiva a la disposici\u00f3n de residuos domiciliarios, siempre bajo normativa vigente. En particular, sobre los $350 millones gestionados por el edil Carlos G\u00f3mez [&hellip;]<\/p>\n","protected":false},"author":4,"featured_media":24546,"comment_status":"closed","ping_status":"closed","sticky":false,"template":"","format":"standard","meta":{"footnotes":""},"categories":[4],"tags":[],"class_list":["post-23638","post","type-post","status-publish","format-standard","has-post-thumbnail","hentry","category-sala-de-prensa"],"_links":{"self":[{"href":"https:\/\/www.muniancud.cl\/portal\/wp-json\/wp\/v2\/posts\/23638","targetHints":{"allow":["GET"]}}],"collection":[{"href":"https:\/\/www.muniancud.cl\/portal\/wp-json\/wp\/v2\/posts"}],"about":[{"href":"https:\/\/www.muniancud.cl\/portal\/wp-json\/wp\/v2\/types\/post"}],"author":[{"embeddable":true,"href":"https:\/\/www.muniancud.cl\/portal\/wp-json\/wp\/v2\/users\/4"}],"replies":[{"embeddable":true,"href":"https:\/\/www.muniancud.cl\/portal\/wp-json\/wp\/v2\/comments?post=23638"}],"version-history":[{"count":1,"href":"https:\/\/www.muniancud.cl\/portal\/wp-json\/wp\/v2\/posts\/23638\/revisions"}],"predecessor-version":[{"id":24453,"href":"https:\/\/www.muniancud.cl\/portal\/wp-json\/wp\/v2\/posts\/23638\/revisions\/24453"}],"wp:featuredmedia":[{"embeddable":true,"href":"https:\/\/www.muniancud.cl\/portal\/wp-json\/wp\/v2\/media\/24546"}],"wp:attachment":[{"href":"https:\/\/www.muniancud.cl\/portal\/wp-json\/wp\/v2\/media?parent=23638"}],"wp:term":[{"taxonomy":"category","embeddable":true,"href":"https:\/\/www.muniancud.cl\/portal\/wp-json\/wp\/v2\/categories?post=23638"},{"taxonomy":"post_tag","embeddable":true,"href":"https:\/\/www.muniancud.cl\/portal\/wp-json\/wp\/v2\/tags?post=23638"}],"curies":[{"name":"wp","href":"https:\/\/api.w.org\/{rel}","templated":true}]}}