{"id":23675,"date":"2019-04-29T15:38:03","date_gmt":"2019-04-29T19:38:03","guid":{"rendered":"https:\/\/www.muniancud.cl\/inicio\/?p=23675"},"modified":"2019-06-12T16:08:08","modified_gmt":"2019-06-12T20:08:08","slug":"alcalde-gomez-invita-a-la-comunidad-ancuditana-a-participar-de-la-cuenta-publica-periodo-2018","status":"publish","type":"post","link":"https:\/\/www.muniancud.cl\/portal\/alcalde-gomez-invita-a-la-comunidad-ancuditana-a-participar-de-la-cuenta-publica-periodo-2018\/","title":{"rendered":"Alcalde G\u00f3mez invita a la comunidad ancuditana a participar de la Cuenta P\u00fablica Per\u00edodo 2018"},"content":{"rendered":"<p>La Ilustre Municipalidad de Ancud, representada por el Alcalde Carlos G\u00f3mez Miranda, en el marco de la ley N\u00b0 18.695 Ley Org\u00e1nica Constitucional de Municipalidades, este martes 30 de abril invita a la comunidad ancuditana a participar de la Cuenta P\u00fablica Per\u00edodo 2018. La ceremonia oficial se realizar\u00e1 en el Gimnasio de la Escuela Mano, a partir de las 19:00 horas.<\/p>\n<p>Sin hacer diferencias entre el sector urbano y el sector rural, el alcalde G\u00f3mez explic\u00f3 el motivo por el cual se realizar nuevamente la cuenta p\u00fablica en el campo de Ancud. \u201c<em>El concejo municipal sesiona todos los meses en Ancud. Es muy poco lo que sale a los sectores rurales. Las actividades municipales ya sea de celebraciones, o conmemoraciones como el d\u00eda del carabinero, el 21 de mayo, el d\u00eda del profesor, el d\u00eda del adulto mayor, el d\u00eda del dirigente el d\u00eda de la mujer, el d\u00eda del padre, el d\u00eda de la mam\u00e1, se celebran aqu\u00ed en Ancud. Y la gente del sector rural tiene que llegar hasta la ciudad. Entonces por qu\u00e9 no hacer una actividad tan importante, como la cuenta p\u00fablica en diversos sectores. A eso obedece que nosotros estemos descentralizando. Siempre dijimos que la comuna es una sola. Que todas las comunidades se merecen respeto, que toda la gente se merece tener la oportunidad de presenciar actos de esta naturaleza<\/em>\u201d, sostuvo el edil, quien no descart\u00f3 la alternativa de otros sectores dentro de la comuna, incluyendo a la ciudad.<\/p>\n<p>\u201cLa comuna la compone la ciudad de Ancud y tambi\u00e9n los sectores rurales. <em>El a\u00f1o pasado la hicimos en el sector de Caul\u00edn, donde particip\u00f3 mucha gente, sobretodo de los sectores aleda\u00f1os.\u00a0 Este a\u00f1o se est\u00e1 haciendo en el sector de Mano. Posteriormente, ya veremos por el lado de la Pen\u00ednsula (Lacuy) tambi\u00e9n poder hacerlo. Y l\u00f3gicamente tambi\u00e9n en Ancud<\/em>\u201d, finaliz\u00f3 el alcalde de Ancud, quien hizo extensiva la invitaci\u00f3n a participar de la ceremonia de Cuenta P\u00fablica 2019 este martes 30 de abril a partir de las 19:00 horas en el Gimnasio de la Escuela de Manao.<\/p>\n","protected":false},"excerpt":{"rendered":"<p>La Ilustre Municipalidad de Ancud, representada por el Alcalde Carlos G\u00f3mez Miranda, en el marco de la ley N\u00b0 18.695 Ley Org\u00e1nica Constitucional de Municipalidades, este martes 30 de abril invita a la comunidad ancuditana a participar de la Cuenta P\u00fablica Per\u00edodo 2018. La ceremonia oficial se realizar\u00e1 en el Gimnasio de la Escuela Mano, [&hellip;]<\/p>\n","protected":false},"author":4,"featured_media":24536,"comment_status":"closed","ping_status":"closed","sticky":false,"template":"","format":"standard","meta":{"footnotes":""},"categories":[4],"tags":[],"class_list":["post-23675","post","type-post","status-publish","format-standard","has-post-thumbnail","hentry","category-sala-de-prensa"],"_links":{"self":[{"href":"https:\/\/www.muniancud.cl\/portal\/wp-json\/wp\/v2\/posts\/23675","targetHints":{"allow":["GET"]}}],"collection":[{"href":"https:\/\/www.muniancud.cl\/portal\/wp-json\/wp\/v2\/posts"}],"about":[{"href":"https:\/\/www.muniancud.cl\/portal\/wp-json\/wp\/v2\/types\/post"}],"author":[{"embeddable":true,"href":"https:\/\/www.muniancud.cl\/portal\/wp-json\/wp\/v2\/users\/4"}],"replies":[{"embeddable":true,"href":"https:\/\/www.muniancud.cl\/portal\/wp-json\/wp\/v2\/comments?post=23675"}],"version-history":[{"count":1,"href":"https:\/\/www.muniancud.cl\/portal\/wp-json\/wp\/v2\/posts\/23675\/revisions"}],"predecessor-version":[{"id":24447,"href":"https:\/\/www.muniancud.cl\/portal\/wp-json\/wp\/v2\/posts\/23675\/revisions\/24447"}],"wp:featuredmedia":[{"embeddable":true,"href":"https:\/\/www.muniancud.cl\/portal\/wp-json\/wp\/v2\/media\/24536"}],"wp:attachment":[{"href":"https:\/\/www.muniancud.cl\/portal\/wp-json\/wp\/v2\/media?parent=23675"}],"wp:term":[{"taxonomy":"category","embeddable":true,"href":"https:\/\/www.muniancud.cl\/portal\/wp-json\/wp\/v2\/categories?post=23675"},{"taxonomy":"post_tag","embeddable":true,"href":"https:\/\/www.muniancud.cl\/portal\/wp-json\/wp\/v2\/tags?post=23675"}],"curies":[{"name":"wp","href":"https:\/\/api.w.org\/{rel}","templated":true}]}}