{"id":24368,"date":"2019-04-29T13:58:23","date_gmt":"2019-04-29T17:58:23","guid":{"rendered":"https:\/\/www.muniancud.cl\/inicio\/?p=23707"},"modified":"2019-06-12T16:08:46","modified_gmt":"2019-06-12T20:08:46","slug":"emotivo-cierre-del-programa-municipal-de-atencion-domiciliaria-integral-de-adultos-mayores-en-ancud","status":"publish","type":"post","link":"https:\/\/www.muniancud.cl\/portal\/emotivo-cierre-del-programa-municipal-de-atencion-domiciliaria-integral-de-adultos-mayores-en-ancud\/","title":{"rendered":"Emotivo cierre del Programa Municipal de Atenci\u00f3n Domiciliaria Integral de Adultos Mayores en Ancud"},"content":{"rendered":"<p>Con la participaci\u00f3n del alcalde de Ancud, Carlos G\u00f3mez Miranda y de Mauricio Aroca Molleda, Coordinador Regional del Servicio Nacional del Adulto Mayor, acompa\u00f1ados del equipo t\u00e9cnico municipal de la Oficina del Adulto Mayor y beneficiarios, este lunes en la sala del Concejo municipal, se realiz\u00f3 el cierre del proyecto de Atenci\u00f3n Domiciliaria Integral para Adultos Mayores con C\u00e1ncer de la comuna. \u00danico proyecto a nivel regional realizado en Ancud.<\/p>\n<p>La inversi\u00f3n en recursos como lo resume Julio \u00c1guila, encargado de la Oficina del Adulto Mayor del municipio, fue por sobre los 17 millones de pesos. Lamentando, que de los 35 beneficiarios, 11 no continuaron debido a problemas de salud. Por otro lado, el proyecto brind\u00f3 apoyo t\u00e9cnico con profesionales como psic\u00f3logos, Kinesi\u00f3logos, terapeutas ocupacionales, asistentes sociales y pod\u00f3loga. As\u00ed como el trabajo en red, que organiz\u00f3 a la Oficina del Adulto Mayor con los CESFAM, los CECOSF y postas rurales de la comuna. Adem\u00e1s de las ayudas t\u00e9cnicas, como sillas de ruedas, colchones anti escaras, cojines, tobilleras y la implementaci\u00f3n de una sala para rehabilitaci\u00f3n de adultos mayores.<\/p>\n<p>Durante la ceremonia, el Alcalde de Ancud destac\u00f3 el compromiso municipal con los adultos mayores y el importante aporte del proyecto en la calidad de vida de las personas en esta etapa. \u201c<em>Es por eso que nosotros quisi\u00e9ramos que estos programas no se postulen. Que estos programas no tengan fecha de inicio y fecha de t\u00e9rmino. Quisi\u00e9ramos que el Estado chileno, pudiera entregar los recursos permanentemente, para llegar con estos programas siempre. Para nuestros adultos que lo necesitan y lo requieren. Para hacer que esta enfermedad, que en los \u00faltimos a\u00f1os ha ido en aumento, tenga de alguna forma un peque\u00f1o alivio, con presencia, apoyo, con ese respaldo, ese acompa\u00f1amiento<\/em>\u201d, enfatiz\u00f3 el alcalde G\u00f3mez,<\/p>\n<p>Mar\u00eda Teresa Hueico, participante del proyecto como cuidadora, valor\u00f3 la experiencia y atenci\u00f3n entregada. \u201c<em>Como cuidadora y familiar de un enfermo de c\u00e1ncer, estoy muy agradecida. Esperando que este proyecto se realice nuevamente y que contin\u00fae en el tiempo, porque ancianos y adultos mayores con c\u00e1ncer van a ver toda la vida. El c\u00e1ncer se propaga con rapidez. Entonces es necesario que estos proyectos se lleven a cabo y que los profesionales que los ejecutan son de excelencia dir\u00eda yo. Porque no solo elabora y lo ejecutan. Si no que se dedican de cuerpo y alma a las personas que lo necesitan<\/em>\u201d, sostuvo.<\/p>\n<p>Para Julio \u00c1guila, el valor del proyecto estuvo en el apoyo entregado a los beneficiados. \u201c<em>La verdad es que fue un proyecto que fortaleci\u00f3 una red, debido a la gran demanda que existe, por parte de adultos mayores que padecen enfermedades como el c\u00e1ncer, Alzheimer, Parkinson. Que de alguna manera, necesitan del apoyo externo para poder salir adelante. Como dec\u00eda el alcalde, hace de este proyecto algo mucho m\u00e1s importante, mucho m\u00e1s valioso, debido a que acompa\u00f1amos en este duro proceso, a un adulto mayor que padece esta enfermedad<\/em>\u201d, manifest\u00f3 el funcionario municipal.<\/p>\n","protected":false},"excerpt":{"rendered":"<p>Con la participaci\u00f3n del alcalde de Ancud, Carlos G\u00f3mez Miranda y de Mauricio Aroca Molleda, Coordinador Regional del Servicio Nacional del Adulto Mayor, acompa\u00f1ados del equipo t\u00e9cnico municipal de la Oficina del Adulto Mayor y beneficiarios, este lunes en la sala del Concejo municipal, se realiz\u00f3 el cierre del proyecto de Atenci\u00f3n Domiciliaria Integral para [&hellip;]<\/p>\n","protected":false},"author":4,"featured_media":24537,"comment_status":"closed","ping_status":"closed","sticky":false,"template":"","format":"standard","meta":{"footnotes":""},"categories":[4],"tags":[],"class_list":["post-24368","post","type-post","status-publish","format-standard","has-post-thumbnail","hentry","category-sala-de-prensa"],"_links":{"self":[{"href":"https:\/\/www.muniancud.cl\/portal\/wp-json\/wp\/v2\/posts\/24368","targetHints":{"allow":["GET"]}}],"collection":[{"href":"https:\/\/www.muniancud.cl\/portal\/wp-json\/wp\/v2\/posts"}],"about":[{"href":"https:\/\/www.muniancud.cl\/portal\/wp-json\/wp\/v2\/types\/post"}],"author":[{"embeddable":true,"href":"https:\/\/www.muniancud.cl\/portal\/wp-json\/wp\/v2\/users\/4"}],"replies":[{"embeddable":true,"href":"https:\/\/www.muniancud.cl\/portal\/wp-json\/wp\/v2\/comments?post=24368"}],"version-history":[{"count":1,"href":"https:\/\/www.muniancud.cl\/portal\/wp-json\/wp\/v2\/posts\/24368\/revisions"}],"predecessor-version":[{"id":24449,"href":"https:\/\/www.muniancud.cl\/portal\/wp-json\/wp\/v2\/posts\/24368\/revisions\/24449"}],"wp:featuredmedia":[{"embeddable":true,"href":"https:\/\/www.muniancud.cl\/portal\/wp-json\/wp\/v2\/media\/24537"}],"wp:attachment":[{"href":"https:\/\/www.muniancud.cl\/portal\/wp-json\/wp\/v2\/media?parent=24368"}],"wp:term":[{"taxonomy":"category","embeddable":true,"href":"https:\/\/www.muniancud.cl\/portal\/wp-json\/wp\/v2\/categories?post=24368"},{"taxonomy":"post_tag","embeddable":true,"href":"https:\/\/www.muniancud.cl\/portal\/wp-json\/wp\/v2\/tags?post=24368"}],"curies":[{"name":"wp","href":"https:\/\/api.w.org\/{rel}","templated":true}]}}