{"id":24369,"date":"2019-05-03T08:30:59","date_gmt":"2019-05-03T12:30:59","guid":{"rendered":"https:\/\/www.muniancud.cl\/inicio\/?p=23780"},"modified":"2019-06-13T08:48:32","modified_gmt":"2019-06-13T12:48:32","slug":"programa-calle-de-la-municipalidad-de-ancud-realiza-cierre-de-campana-solidaria-dona-un-kilo-comparte-amor","status":"publish","type":"post","link":"https:\/\/www.muniancud.cl\/portal\/programa-calle-de-la-municipalidad-de-ancud-realiza-cierre-de-campana-solidaria-dona-un-kilo-comparte-amor\/","title":{"rendered":"Programa Calle de la Municipalidad de Ancud realiza cierre de campa\u00f1a solidaria \u201cDona un kilo, comparte Amor\u201d"},"content":{"rendered":"<p>Con la presencia de los estudiantes de establecimientos educacionales rurales y urbanos, integrantes de la Mesa de Trabajo de Personas en situaci\u00f3n de Calle, de la Oficina de la juventud y el director de la Direcci\u00f3n de Desarrollo Comunitario en representaci\u00f3n del alcalde Carlos G\u00f3mez acompa\u00f1aron a los beneficiarios del programa municipal, que este viernes\u00a0 realiz\u00f3 la ceremonia del cierre de la campa\u00f1a de alimentos no perecibles\u00a0 \u201cDona un Kilo, Comparte Amor\u201d. Ceremonia solidaria realizada en el Teatro Municipal, y dedicada a los 20 nuevos usuarios del Programa Calle de la Ilustre Municipalidad de Ancud para este a\u00f1o 2019.<\/p>\n<p>La actividad estuvo marcada por el esp\u00edritu alegre de los escolares, quienes desplegaron energ\u00eda y creatividad durante la campa\u00f1a, como en la realizaci\u00f3n de los puntos art\u00edsticos con los que se enalteci\u00f3 la actividad. Carlos V\u00e1squez, Director de Desarrollo Comunitario de la Ilustre Municipalidad de Ancud, se refiri\u00f3 a la iniciativa solidaria, y sobre la participaci\u00f3n de los estudiantes de Ancud.<\/p>\n<p>\u201c<em>En el mes de marzo y abril, se invit\u00f3 participar a los distintos establecimientos educacionales municipalizados, como particular, y particulares subvencionados. Teniendo una excelente convocatoria. Destacando que la convocatoria fue de las escuelas rurales, tuvimos colegios en las zonas rurales con bastante participaci\u00f3n en esta campa\u00f1a, \u00a0que para nosotros como Programa Calle es muy significativo, porque re\u00fane alimentos para las 20 personas que hoy d\u00eda ingresan al programa calle. Pero por sobre todo, lo que m\u00e1s destacamos, es la solidaridad desde los ni\u00f1os de los establecimientos y los apoderado<\/em>\u201d, remarc\u00f3 el director de Desarrollo Comunitario del municipio ancuditano.<\/p>\n<p>Sobre los resultados, Carlos V\u00e1squez destac\u00f3 la iniciativa municipal y el alcance de la Campa\u00f1a \u201cDona un Kilo, Comparte Amor\u201d. \u201c<em>Esto refleja el compromiso de nuestra primera autoridad comunal, Carlos G\u00f3mez Miranda. El trabajo mancomunado en conjunto con la Municipalidad, las instituciones, y por supuesto los programas de gobierno, hacen posible que podamos sacar a delante a todas estas personas. As\u00ed que, muy satisfecho. Veinte usuarios del Programa Calle, m\u00e1s de doce establecimientos educacionales y resaltando el apoyo de nuestros estudiantes rurales<\/em>\u201d.<\/p>\n<p>Participaron en la campa\u00f1a de recolecci\u00f3n, los establecimientos educaciones rurales Sol del Pac\u00edfico, San Miguel de Co\u00f1im\u00f3, Senda Chacao y Villa Chacao. Adem\u00e1s de los colegios San Sebasti\u00e1n, San Juan, Seminario Conciliar y el Liceo Bicentenario de Ancud.<\/p>\n\n                <style type=\"text\/css\">\n                    \n                    #td_uid_1_69f4dd365c4a0  .td-doubleSlider-2 .td-item1 {\n                        background: url(https:\/\/www.muniancud.cl\/portal\/wp-content\/uploads\/2019\/05\/dos_002-80x60.jpg) 0 0 no-repeat;\n                    }\n                    #td_uid_1_69f4dd365c4a0  .td-doubleSlider-2 .td-item2 {\n                        background: url(https:\/\/www.muniancud.cl\/portal\/wp-content\/uploads\/2019\/05\/tres_003-80x60.jpg) 0 0 no-repeat;\n                    }\n                <\/style>\n\n                <div id=\"td_uid_1_69f4dd365c4a0\" class=\"td-gallery td-slide-on-2-columns\">\n                    <div class=\"post_td_gallery\">\n                        <div class=\"td-gallery-slide-top\">\n                           <div class=\"td-gallery-title\">Im\u00e1genes <\/div>\n\n                            <div class=\"td-gallery-controls-wrapper\">\n                                <div class=\"td-gallery-slide-count\"><span class=\"td-gallery-slide-item-focus\">1<\/span> of 2<\/div>\n                                <div class=\"td-gallery-slide-prev-next-but\">\n                                    <i class = \"td-icon-left doubleSliderPrevButton\"><\/i>\n                                    <i class = \"td-icon-right doubleSliderNextButton\"><\/i>\n                                <\/div>\n                            <\/div>\n                        <\/div>\n\n                        <div class = \"td-doubleSlider-1 \">\n                            <div class = \"td-slider\">\n                                \n                    <div class = \"td-slide-item td-item1\">\n                        <figure class=\"td-slide-galery-figure td-slide-popup-gallery\">\n                            <a class=\"slide-gallery-image-link\" href=\"https:\/\/www.muniancud.cl\/portal\/wp-content\/uploads\/2019\/05\/dos_002.jpg\" title=\"dos_002\"  data-caption=\"\"  data-description=\"\">\n                                <img decoding=\"async\" src=\"https:\/\/www.muniancud.cl\/portal\/wp-content\/uploads\/2019\/05\/dos_002-630x420.jpg\" srcset=\"https:\/\/www.muniancud.cl\/portal\/wp-content\/uploads\/2019\/05\/dos_002-630x420.jpg 630w, https:\/\/www.muniancud.cl\/portal\/wp-content\/uploads\/2019\/05\/dos_002-300x200.jpg 300w, https:\/\/www.muniancud.cl\/portal\/wp-content\/uploads\/2019\/05\/dos_002-768x512.jpg 768w, https:\/\/www.muniancud.cl\/portal\/wp-content\/uploads\/2019\/05\/dos_002-696x464.jpg 696w, https:\/\/www.muniancud.cl\/portal\/wp-content\/uploads\/2019\/05\/dos_002.jpg 960w\" sizes=\"(max-width: 630px) 100vw, 630px\" alt=\"\">\n                            <\/a>\n                            \n                        <\/figure>\n                    <\/div>\n                    <div class = \"td-slide-item td-item2\">\n                        <figure class=\"td-slide-galery-figure td-slide-popup-gallery\">\n                            <a class=\"slide-gallery-image-link\" href=\"https:\/\/www.muniancud.cl\/portal\/wp-content\/uploads\/2019\/05\/tres_003.jpg\" title=\"tres_003\"  data-caption=\"\"  data-description=\"\">\n                                <img decoding=\"async\" src=\"https:\/\/www.muniancud.cl\/portal\/wp-content\/uploads\/2019\/05\/tres_003-630x420.jpg\" srcset=\"https:\/\/www.muniancud.cl\/portal\/wp-content\/uploads\/2019\/05\/tres_003-630x420.jpg 630w, https:\/\/www.muniancud.cl\/portal\/wp-content\/uploads\/2019\/05\/tres_003-300x200.jpg 300w, https:\/\/www.muniancud.cl\/portal\/wp-content\/uploads\/2019\/05\/tres_003-768x512.jpg 768w, https:\/\/www.muniancud.cl\/portal\/wp-content\/uploads\/2019\/05\/tres_003-696x464.jpg 696w, https:\/\/www.muniancud.cl\/portal\/wp-content\/uploads\/2019\/05\/tres_003.jpg 960w\" sizes=\"(max-width: 630px) 100vw, 630px\" alt=\"\">\n                            <\/a>\n                            \n                        <\/figure>\n                    <\/div>\n                            <\/div>\n                        <\/div>\n\n                        <div class = \"td-doubleSlider-2\">\n                            <div class = \"td-slider\">\n                                \n                    <div class = \"td-button td-item1\">\n                        <div class = \"td-border\"><\/div>\n                    <\/div>\n                    <div class = \"td-button td-item2\">\n                        <div class = \"td-border\"><\/div>\n                    <\/div>\n                            <\/div>\n                        <\/div>\n\n                    <\/div>\n\n                <\/div>\n                \n","protected":false},"excerpt":{"rendered":"<p>Con la presencia de los estudiantes de establecimientos educacionales rurales y urbanos, integrantes de la Mesa de Trabajo de Personas en situaci\u00f3n de Calle, de la Oficina de la juventud y el director de la Direcci\u00f3n de Desarrollo Comunitario en representaci\u00f3n del alcalde Carlos G\u00f3mez acompa\u00f1aron a los beneficiarios del programa municipal, que este viernes\u00a0 [&hellip;]<\/p>\n","protected":false},"author":4,"featured_media":24535,"comment_status":"closed","ping_status":"closed","sticky":false,"template":"","format":"standard","meta":{"footnotes":""},"categories":[4],"tags":[],"class_list":["post-24369","post","type-post","status-publish","format-standard","has-post-thumbnail","hentry","category-sala-de-prensa"],"_links":{"self":[{"href":"https:\/\/www.muniancud.cl\/portal\/wp-json\/wp\/v2\/posts\/24369","targetHints":{"allow":["GET"]}}],"collection":[{"href":"https:\/\/www.muniancud.cl\/portal\/wp-json\/wp\/v2\/posts"}],"about":[{"href":"https:\/\/www.muniancud.cl\/portal\/wp-json\/wp\/v2\/types\/post"}],"author":[{"embeddable":true,"href":"https:\/\/www.muniancud.cl\/portal\/wp-json\/wp\/v2\/users\/4"}],"replies":[{"embeddable":true,"href":"https:\/\/www.muniancud.cl\/portal\/wp-json\/wp\/v2\/comments?post=24369"}],"version-history":[{"count":3,"href":"https:\/\/www.muniancud.cl\/portal\/wp-json\/wp\/v2\/posts\/24369\/revisions"}],"predecessor-version":[{"id":24594,"href":"https:\/\/www.muniancud.cl\/portal\/wp-json\/wp\/v2\/posts\/24369\/revisions\/24594"}],"wp:featuredmedia":[{"embeddable":true,"href":"https:\/\/www.muniancud.cl\/portal\/wp-json\/wp\/v2\/media\/24535"}],"wp:attachment":[{"href":"https:\/\/www.muniancud.cl\/portal\/wp-json\/wp\/v2\/media?parent=24369"}],"wp:term":[{"taxonomy":"category","embeddable":true,"href":"https:\/\/www.muniancud.cl\/portal\/wp-json\/wp\/v2\/categories?post=24369"},{"taxonomy":"post_tag","embeddable":true,"href":"https:\/\/www.muniancud.cl\/portal\/wp-json\/wp\/v2\/tags?post=24369"}],"curies":[{"name":"wp","href":"https:\/\/api.w.org\/{rel}","templated":true}]}}