{"id":24895,"date":"2019-07-05T20:30:13","date_gmt":"2019-07-06T00:30:13","guid":{"rendered":"https:\/\/www.muniancud.cl\/inicio\/?p=24479"},"modified":"2019-07-07T19:38:23","modified_gmt":"2019-07-07T23:38:23","slug":"alcalde-gomez-eleva-problematica-financiera-de-la-educacion-municipal-al-congreso-nacional","status":"publish","type":"post","link":"https:\/\/www.muniancud.cl\/portal\/alcalde-gomez-eleva-problematica-financiera-de-la-educacion-municipal-al-congreso-nacional\/","title":{"rendered":"Alcalde G\u00f3mez eleva problem\u00e1tica financiera de la educaci\u00f3n municipal al Congreso Nacional"},"content":{"rendered":"<p>La Ilustre Municipalidad de Ancud, encabezada por el alcalde Carlos G\u00f3mez destac\u00f3 la reuni\u00f3n sostenida este vienes en el marco del acuerdo contra\u00eddo con el Colegio de Profesores ancuditano, los Sindicatos de Trabajadores de la Educaci\u00f3n y concejales, conjunto a los directivos de la Corporaci\u00f3n de Educaci\u00f3n para trabajar de manera unida sobre la problem\u00e1tica de la situaci\u00f3n financiera que afecta a la educaci\u00f3n municipal.<\/p>\n<p>Una de las medidas acordadas para la realizaci\u00f3n del encuentro, fue convocar a todos los parlamentarios de la zona, con el fin de transparentar la informaci\u00f3n sobre la delicada situaci\u00f3n financiera, y \u00a0abordar acciones inmediatas, como la que se realizar\u00e1 la pr\u00f3xima semana ante el presidente de la comisi\u00f3n de educaci\u00f3n del Senado.<\/p>\n<p>\u201c<em>Hoy d\u00eda <\/em>(viernes)<em>, hemos convocado a todos los parlamentarios de la zona. A todos. Senadores y diputados. Yo quiero se\u00f1alar que solamente hemos tenido la presencia \u00a0de dos de ellos. El diputado Alejandro Bernales, y la diputada Jenny \u00c1lvarez. Debo se\u00f1alar que me llamo ayer el diputado Gabriel Ascencio para darme sus escusas porque ten\u00eda que permanecer en Santiago por reuniones con el Gobierno, por unos proyectos de ley que est\u00e1n en carpeta. De los otros parlamentarios, no recib\u00ed al menos yo, ninguna excusa. Yo quiero agradecer la buena disposici\u00f3n de los diputados, de estar ac\u00e1 e interiorizarse en detalle de cu\u00e1les son nuestros reales problemas. Y de qu\u00e9 propuestas nosotros le hemos entregado al gobierno y al ministerio para poder ir subsanando estas dificultades. Tambi\u00e9n otra de las acciones que tenemos planificadas, es reunirnos con la comisi\u00f3n de educaci\u00f3n, tanto del Senado como de la C\u00e1mara de Diputados. En este momento tenemos la confirmaci\u00f3n del presidente de la comisi\u00f3n del Senado, que nos va a recibir el d\u00eda mi\u00e9rcoles de la pr\u00f3xima semana al medio d\u00eda. Viajaremos con el Colegio de Profesores con los presidentes de los sindicatos de asistentes de la educaci\u00f3n y tambi\u00e9n una representaci\u00f3n del Concejo municipal, de la Corporaci\u00f3n y de quien les habla, para seguir planteando estos problemas. Y buscar la soluci\u00f3n a cada uno de ellos<\/em>\u201d, enfatiz\u00f3 el edil.<\/p>\n<p>La diputada Jenny \u00c1lvarez, adem\u00e1s de agradecer la invitaci\u00f3n cursada por el alcalde G\u00f3mez, se refiri\u00f3 al trabajo sostenido a lo largo de dos a\u00f1os de gesti\u00f3n comprometiendo las acciones parlamentarias que la situaci\u00f3n requiera. \u201c<em>Yo s\u00e9 y me consta el trabajo y el esfuerzo que ha hecho el alcalde con el Concejo municipal y el municipio, para tratar de ir salvando esta situaci\u00f3n que viene\u00a0 viviendo, no solo de este per\u00edodo. Los que somos de aqu\u00ed, sabemos que esta situaci\u00f3n se ha arrastrado desde hace muchos a\u00f1os. Y es una situaci\u00f3n compleja. Con el hecho de participar aqu\u00ed, nos llevamos todos los requerimientos que como parlamentarios vamos a levantar la voz junto a la comuna de Ancud, para apoyar a los profesores, a los alumnos, a la educaci\u00f3n municipal que hoy d\u00eda est\u00e1 gravemente afectada<\/em>\u201d, enfatiz\u00f3 la diputada.<\/p>\n<p>Mientras el diputado Alejandro Bernales tambi\u00e9n destac\u00f3 su compromiso con las gestiones solicitadas por el alcalde G\u00f3mez. \u201c<em>Dentro de lo concreto, est\u00e1 apoyar las demandas que nos ha pedido el alcalde de la comuna. Por lo tanto, nosotros vamos a esperar el d\u00eda mi\u00e9rcoles la asistencia del alcalde junto a los concejales para empezar a trabajar en solucionar este tema que ocurre hoy d\u00eda en la comuna. Aqu\u00ed lo que tenemos que hacer tambi\u00e9n es fortalecer la educaci\u00f3n municipal y eso se hace con gestos concretos. Yo creo que el Ministerio y espero que tambi\u00e9n parlamentarios de todas las bancadas van a apoyar con acciones para poder solucionar y salir de este problema<\/em>\u201d, subrayo el diputado Bernales.<\/p>\n<p>Por \u00faltimo, el alcalde G\u00f3mez realiz\u00f3 un fuerte llamado a la comunidad ancuditana, a los profesionales involucrados y actores relevantes, a mantener actitudes responsables e informadas ante la grave situaci\u00f3n que enfrenta la otrora importante educaci\u00f3n p\u00fablica.<\/p>\n<p>\u201c<em>Yo quiero, una vez m\u00e1s, ser claro y categ\u00f3rico respecto de las deudas que hoy d\u00eda tienen\u00a0 esta corporaci\u00f3n en el \u00e1rea de educaci\u00f3n. Cuando nosotros asumimos, la Corporaci\u00f3n Municipal, ten\u00eda deuda y d\u00e9ficit en sus tres \u00e1reas, educaci\u00f3n, salud y atenci\u00f3n al menor. Hoy d\u00eda, podemos se\u00f1alar que no tenemos problemas de d\u00e9ficit ni de deudas, ni con el \u00e1rea de la salud, ni con el \u00e1rea de atenci\u00f3n al menor. Solamente la tenemos y bastante fuerte, con el sector educaci\u00f3n. Nosotros lo hemos transparentado siempre. Desde el primer minuto que llegamos. No hemos escondido ni una cifra, y lo seguimos haciendo as\u00ed. \u00a0Por eso queremos llamar a la responsabilidad a la comunidad, a los profesionales trabajadores nuestros de la Corporaci\u00f3n, de informar a la comunidad de buena forma. Si hoy d\u00eda no se est\u00e1n cancelando las imposiciones, no se est\u00e1 cancelando el tema de la salud a nuestros trabajadores, no es porque la Corporaci\u00f3n est\u00e9 gastando aquellos recursos en otros objetivos. Si no porque estos recursos no llegan, estos recursos no alcanzan. Solamente lo que recibimos nosotros por subvenci\u00f3n normal, nos alcanza para cancelar los l\u00edquidos. Y eso tiene que tenerlo claro la comunidad, porque lo tienen hoy d\u00eda claro nuestros profesionales. Si alguien entrega una informaci\u00f3n distinta a esta, es por alg\u00fan otro objetivo que no tiene nada que ver con que no tenga la informaci\u00f3n que corresponde. Nosotros estamos preocupados por esta situaci\u00f3n, lo hemos estado desde el primer d\u00eda. Queremos solucionarlo y estamos haciendo todos, todos los esfuerzos para que eso ocurra. Pero necesitamos del apoyo y el respaldo de todos nuestros parlamentarios de los distintos sectores pol\u00edticos. Pero principalmente, necesitamos el apoyo, buena disposici\u00f3n del Gobierno y del Ministerio de Educaci\u00f3n para solucionar este inconveniente<\/em>\u201d, finaliz\u00f3 el alcalde de Ancud Carlos G\u00f3mez Miranda.<\/p>\n\n                <style type=\"text\/css\">\n                    \n                    #td_uid_1_69edb12b1994c  .td-doubleSlider-2 .td-item1 {\n                        background: url(https:\/\/www.muniancud.cl\/portal\/wp-content\/uploads\/2019\/07\/66065200_2409820615737081_2803386567836565504_n-80x60.jpg) 0 0 no-repeat;\n                    }\n                    #td_uid_1_69edb12b1994c  .td-doubleSlider-2 .td-item2 {\n                        background: url(https:\/\/www.muniancud.cl\/portal\/wp-content\/uploads\/2019\/07\/65781185_2409820612403748_8686382158555643904_n-80x60.jpg) 0 0 no-repeat;\n                    }\n                    #td_uid_1_69edb12b1994c  .td-doubleSlider-2 .td-item3 {\n                        background: url(https:\/\/www.muniancud.cl\/portal\/wp-content\/uploads\/2019\/07\/21312333_2409820343434081_2803386567836565504_n-80x60.jpg) 0 0 no-repeat;\n                    }\n                <\/style>\n\n                <div id=\"td_uid_1_69edb12b1994c\" class=\"td-gallery td-slide-on-2-columns\">\n                    <div class=\"post_td_gallery\">\n                        <div class=\"td-gallery-slide-top\">\n                           <div class=\"td-gallery-title\">Im\u00e1genes<\/div>\n\n                            <div class=\"td-gallery-controls-wrapper\">\n                                <div class=\"td-gallery-slide-count\"><span class=\"td-gallery-slide-item-focus\">1<\/span> of 3<\/div>\n                                <div class=\"td-gallery-slide-prev-next-but\">\n                                    <i class = \"td-icon-left doubleSliderPrevButton\"><\/i>\n                                    <i class = \"td-icon-right doubleSliderNextButton\"><\/i>\n                                <\/div>\n                            <\/div>\n                        <\/div>\n\n                        <div class = \"td-doubleSlider-1 \">\n                            <div class = \"td-slider\">\n                                \n                    <div class = \"td-slide-item td-item1\">\n                        <figure class=\"td-slide-galery-figure td-slide-popup-gallery\">\n                            <a class=\"slide-gallery-image-link\" href=\"https:\/\/www.muniancud.cl\/portal\/wp-content\/uploads\/2019\/07\/66065200_2409820615737081_2803386567836565504_n.jpg\" title=\"66065200_2409820615737081_2803386567836565504_n\"  data-caption=\"\"  data-description=\"\">\n                                <img decoding=\"async\" src=\"https:\/\/www.muniancud.cl\/portal\/wp-content\/uploads\/2019\/07\/66065200_2409820615737081_2803386567836565504_n-560x420.jpg\" srcset=\"https:\/\/www.muniancud.cl\/portal\/wp-content\/uploads\/2019\/07\/66065200_2409820615737081_2803386567836565504_n-560x420.jpg 560w, https:\/\/www.muniancud.cl\/portal\/wp-content\/uploads\/2019\/07\/66065200_2409820615737081_2803386567836565504_n-300x225.jpg 300w, https:\/\/www.muniancud.cl\/portal\/wp-content\/uploads\/2019\/07\/66065200_2409820615737081_2803386567836565504_n-768x576.jpg 768w, https:\/\/www.muniancud.cl\/portal\/wp-content\/uploads\/2019\/07\/66065200_2409820615737081_2803386567836565504_n-80x60.jpg 80w, https:\/\/www.muniancud.cl\/portal\/wp-content\/uploads\/2019\/07\/66065200_2409820615737081_2803386567836565504_n-265x198.jpg 265w, https:\/\/www.muniancud.cl\/portal\/wp-content\/uploads\/2019\/07\/66065200_2409820615737081_2803386567836565504_n-696x522.jpg 696w, https:\/\/www.muniancud.cl\/portal\/wp-content\/uploads\/2019\/07\/66065200_2409820615737081_2803386567836565504_n.jpg 960w\" sizes=\"(max-width: 560px) 100vw, 560px\" alt=\"\">\n                            <\/a>\n                            \n                        <\/figure>\n                    <\/div>\n                    <div class = \"td-slide-item td-item2\">\n                        <figure class=\"td-slide-galery-figure td-slide-popup-gallery\">\n                            <a class=\"slide-gallery-image-link\" href=\"https:\/\/www.muniancud.cl\/portal\/wp-content\/uploads\/2019\/07\/65781185_2409820612403748_8686382158555643904_n.jpg\" title=\"65781185_2409820612403748_8686382158555643904_n\"  data-caption=\"\"  data-description=\"\">\n                                <img decoding=\"async\" src=\"https:\/\/www.muniancud.cl\/portal\/wp-content\/uploads\/2019\/07\/65781185_2409820612403748_8686382158555643904_n-560x420.jpg\" srcset=\"https:\/\/www.muniancud.cl\/portal\/wp-content\/uploads\/2019\/07\/65781185_2409820612403748_8686382158555643904_n-560x420.jpg 560w, https:\/\/www.muniancud.cl\/portal\/wp-content\/uploads\/2019\/07\/65781185_2409820612403748_8686382158555643904_n-300x225.jpg 300w, https:\/\/www.muniancud.cl\/portal\/wp-content\/uploads\/2019\/07\/65781185_2409820612403748_8686382158555643904_n-768x576.jpg 768w, https:\/\/www.muniancud.cl\/portal\/wp-content\/uploads\/2019\/07\/65781185_2409820612403748_8686382158555643904_n-80x60.jpg 80w, https:\/\/www.muniancud.cl\/portal\/wp-content\/uploads\/2019\/07\/65781185_2409820612403748_8686382158555643904_n-265x198.jpg 265w, https:\/\/www.muniancud.cl\/portal\/wp-content\/uploads\/2019\/07\/65781185_2409820612403748_8686382158555643904_n-696x522.jpg 696w, https:\/\/www.muniancud.cl\/portal\/wp-content\/uploads\/2019\/07\/65781185_2409820612403748_8686382158555643904_n.jpg 960w\" sizes=\"(max-width: 560px) 100vw, 560px\" alt=\"\">\n                            <\/a>\n                            \n                        <\/figure>\n                    <\/div>\n                    <div class = \"td-slide-item td-item3\">\n                        <figure class=\"td-slide-galery-figure td-slide-popup-gallery\">\n                            <a class=\"slide-gallery-image-link\" href=\"https:\/\/www.muniancud.cl\/portal\/wp-content\/uploads\/2019\/07\/21312333_2409820343434081_2803386567836565504_n.jpg\" title=\"21312333_2409820343434081_2803386567836565504_n\"  data-caption=\"\"  data-description=\"\">\n                                <img decoding=\"async\" src=\"https:\/\/www.muniancud.cl\/portal\/wp-content\/uploads\/2019\/07\/21312333_2409820343434081_2803386567836565504_n-560x420.jpg\" srcset=\"https:\/\/www.muniancud.cl\/portal\/wp-content\/uploads\/2019\/07\/21312333_2409820343434081_2803386567836565504_n-560x420.jpg 560w, https:\/\/www.muniancud.cl\/portal\/wp-content\/uploads\/2019\/07\/21312333_2409820343434081_2803386567836565504_n-300x225.jpg 300w, https:\/\/www.muniancud.cl\/portal\/wp-content\/uploads\/2019\/07\/21312333_2409820343434081_2803386567836565504_n-768x576.jpg 768w, https:\/\/www.muniancud.cl\/portal\/wp-content\/uploads\/2019\/07\/21312333_2409820343434081_2803386567836565504_n-1024x768.jpg 1024w, https:\/\/www.muniancud.cl\/portal\/wp-content\/uploads\/2019\/07\/21312333_2409820343434081_2803386567836565504_n-80x60.jpg 80w, https:\/\/www.muniancud.cl\/portal\/wp-content\/uploads\/2019\/07\/21312333_2409820343434081_2803386567836565504_n-265x198.jpg 265w, https:\/\/www.muniancud.cl\/portal\/wp-content\/uploads\/2019\/07\/21312333_2409820343434081_2803386567836565504_n-696x522.jpg 696w, https:\/\/www.muniancud.cl\/portal\/wp-content\/uploads\/2019\/07\/21312333_2409820343434081_2803386567836565504_n-1068x801.jpg 1068w, https:\/\/www.muniancud.cl\/portal\/wp-content\/uploads\/2019\/07\/21312333_2409820343434081_2803386567836565504_n.jpg 1200w\" sizes=\"(max-width: 560px) 100vw, 560px\" alt=\"\">\n                            <\/a>\n                            \n                        <\/figure>\n                    <\/div>\n                            <\/div>\n                        <\/div>\n\n                        <div class = \"td-doubleSlider-2\">\n                            <div class = \"td-slider\">\n                                \n                    <div class = \"td-button td-item1\">\n                        <div class = \"td-border\"><\/div>\n                    <\/div>\n                    <div class = \"td-button td-item2\">\n                        <div class = \"td-border\"><\/div>\n                    <\/div>\n                    <div class = \"td-button td-item3\">\n                        <div class = \"td-border\"><\/div>\n                    <\/div>\n                            <\/div>\n                        <\/div>\n\n                    <\/div>\n\n                <\/div>\n                \n","protected":false},"excerpt":{"rendered":"<p>La Ilustre Municipalidad de Ancud, encabezada por el alcalde Carlos G\u00f3mez destac\u00f3 la reuni\u00f3n sostenida este vienes en el marco del acuerdo contra\u00eddo con el Colegio de Profesores ancuditano, los Sindicatos de Trabajadores de la Educaci\u00f3n y concejales, conjunto a los directivos de la Corporaci\u00f3n de Educaci\u00f3n para trabajar de manera unida sobre la problem\u00e1tica [&hellip;]<\/p>\n","protected":false},"author":4,"featured_media":24983,"comment_status":"closed","ping_status":"closed","sticky":false,"template":"","format":"standard","meta":{"footnotes":""},"categories":[25,4],"tags":[],"class_list":["post-24895","post","type-post","status-publish","format-standard","has-post-thumbnail","hentry","category-educacion","category-sala-de-prensa"],"_links":{"self":[{"href":"https:\/\/www.muniancud.cl\/portal\/wp-json\/wp\/v2\/posts\/24895","targetHints":{"allow":["GET"]}}],"collection":[{"href":"https:\/\/www.muniancud.cl\/portal\/wp-json\/wp\/v2\/posts"}],"about":[{"href":"https:\/\/www.muniancud.cl\/portal\/wp-json\/wp\/v2\/types\/post"}],"author":[{"embeddable":true,"href":"https:\/\/www.muniancud.cl\/portal\/wp-json\/wp\/v2\/users\/4"}],"replies":[{"embeddable":true,"href":"https:\/\/www.muniancud.cl\/portal\/wp-json\/wp\/v2\/comments?post=24895"}],"version-history":[{"count":2,"href":"https:\/\/www.muniancud.cl\/portal\/wp-json\/wp\/v2\/posts\/24895\/revisions"}],"predecessor-version":[{"id":24985,"href":"https:\/\/www.muniancud.cl\/portal\/wp-json\/wp\/v2\/posts\/24895\/revisions\/24985"}],"wp:featuredmedia":[{"embeddable":true,"href":"https:\/\/www.muniancud.cl\/portal\/wp-json\/wp\/v2\/media\/24983"}],"wp:attachment":[{"href":"https:\/\/www.muniancud.cl\/portal\/wp-json\/wp\/v2\/media?parent=24895"}],"wp:term":[{"taxonomy":"category","embeddable":true,"href":"https:\/\/www.muniancud.cl\/portal\/wp-json\/wp\/v2\/categories?post=24895"},{"taxonomy":"post_tag","embeddable":true,"href":"https:\/\/www.muniancud.cl\/portal\/wp-json\/wp\/v2\/tags?post=24895"}],"curies":[{"name":"wp","href":"https:\/\/api.w.org\/{rel}","templated":true}]}}