{"id":24896,"date":"2019-07-04T23:30:41","date_gmt":"2019-07-05T03:30:41","guid":{"rendered":"https:\/\/www.muniancud.cl\/inicio\/?p=24487"},"modified":"2019-07-07T19:35:32","modified_gmt":"2019-07-07T23:35:32","slug":"comunidad-de-ancud-conmemora-los-168-anos-de-bomberos","status":"publish","type":"post","link":"https:\/\/www.muniancud.cl\/portal\/comunidad-de-ancud-conmemora-los-168-anos-de-bomberos\/","title":{"rendered":"Comunidad de Ancud conmemora los 168 a\u00f1os de Bomberos"},"content":{"rendered":"<p>La Ilustre Municipalidad de Ancud a trav\u00e9s del alcalde Carlos G\u00f3mez, acompa\u00f1ado de concejales, representantes de Carabineros, Gendarmer\u00eda, de la Uni\u00f3n Comunal de Juntas de Vecinos Urbanas, y organizaciones ciudadanas de la comuna, brindaron homenaje a trav\u00e9s de los cuerpos de Bomberos de nuestra comuna a los 168 a\u00f1os de vida institucional de Bomberos al servicio nacional.<\/p>\n<p>Con una ceremonia sobria, alegre y emotiva, se homenaje\u00f3 a familiares y a la instituci\u00f3n, representada en la comuna por las 5 compa\u00f1\u00edas del Cuerpo de Bomberos de Ancud y la 1\u00aa Compa\u00f1\u00eda del Cuerpo de Bomberos de Chacao.<\/p>\n<p>El saludo institucional fue encabezado por el alcalde Carlos G\u00f3mez, en su calidad de primera autoridad comunal, a nombre de la comunidad ancuditana.<\/p>\n<p>\u201c<em>El bombero voluntario arriesga su vida por estar al servicio de la comunidad. Y tenemos que darnos un tiempo para reconocer ese trabajo. No siempre tiene que ser el municipio que entregue eta instancia de participaci\u00f3n de conmemoraci\u00f3n. Si no que pueda hacerlo tambi\u00e9n la comunidad organizada. Que puedan a trav\u00e9s de distintos gestos acercarse a nuestros voluntarios a nuestros cuerpos de bomberos para agradecer ese tremendo trabajo ese tremendo esfuerzo. Y todo el tiempo que ellos destinan, no solamente para ser parte de los ejercicios bomberiles que se desarrollan. Si no tambi\u00e9n, ese tremendo tiempo que dedican a la capacitaci\u00f3n. Hoy d\u00eda, esta instituci\u00f3n est\u00e1 constituida por voluntarios. Pero son verdaderos profesionales. Se han ido capacitando en distintas \u00e1reas que hoy d\u00eda, le permiten llegar a cualquier emergencia que ocurra en nuestra comuna, o fuera de ella. Vaya para cada uno y cada una de los voluntarios de los cuerpos de bomberos de Ancud y de Chacao mis agradecimientos en nombre de toda la comunidad ancuditana<\/em>\u201d.<\/p>\n<p>El reconocimiento fue agradecido por la direcci\u00f3n de ambos cuerpos de bomberos de Ancud, destacando la convicci\u00f3n del voluntariado como el principal soporte \u00e9tico de la labor bomberil. Remarcando la evoluci\u00f3n que el servicio ha manifestado en el \u00faltimo tiempo, se\u00f1al\u00f3 el Superintendente del Cuerpo de Bomberos de Chacao, Juan C\u00e1rdenas al t\u00e9rmino del Acto\u00a0 Conmemoraci\u00f3n del D\u00eda del Bombero en Ancud.<\/p>\n\n                <style type=\"text\/css\">\n                    \n                    #td_uid_1_69edda90b5658  .td-doubleSlider-2 .td-item1 {\n                        background: url(https:\/\/www.muniancud.cl\/portal\/wp-content\/uploads\/2019\/07\/66104679_2408661662519643_4687798491089469440_n-80x60.jpg) 0 0 no-repeat;\n                    }\n                    #td_uid_1_69edda90b5658  .td-doubleSlider-2 .td-item2 {\n                        background: url(https:\/\/www.muniancud.cl\/portal\/wp-content\/uploads\/2019\/07\/66098645_2408661585852984_6934343154590023680_n-80x60.jpg) 0 0 no-repeat;\n                    }\n                    #td_uid_1_69edda90b5658  .td-doubleSlider-2 .td-item3 {\n                        background: url(https:\/\/www.muniancud.cl\/portal\/wp-content\/uploads\/2019\/07\/65913351_2408661482519661_2013707859249856512_n-80x60.jpg) 0 0 no-repeat;\n                    }\n                    #td_uid_1_69edda90b5658  .td-doubleSlider-2 .td-item4 {\n                        background: url(https:\/\/www.muniancud.cl\/portal\/wp-content\/uploads\/2019\/07\/65893521_2408664259186050_802419205084282880_n-80x60.jpg) 0 0 no-repeat;\n                    }\n                <\/style>\n\n                <div id=\"td_uid_1_69edda90b5658\" class=\"td-gallery td-slide-on-2-columns\">\n                    <div class=\"post_td_gallery\">\n                        <div class=\"td-gallery-slide-top\">\n                           <div class=\"td-gallery-title\">Im\u00e1genes<\/div>\n\n                            <div class=\"td-gallery-controls-wrapper\">\n                                <div class=\"td-gallery-slide-count\"><span class=\"td-gallery-slide-item-focus\">1<\/span> of 4<\/div>\n                                <div class=\"td-gallery-slide-prev-next-but\">\n                                    <i class = \"td-icon-left doubleSliderPrevButton\"><\/i>\n                                    <i class = \"td-icon-right doubleSliderNextButton\"><\/i>\n                                <\/div>\n                            <\/div>\n                        <\/div>\n\n                        <div class = \"td-doubleSlider-1 \">\n                            <div class = \"td-slider\">\n                                \n                    <div class = \"td-slide-item td-item1\">\n                        <figure class=\"td-slide-galery-figure td-slide-popup-gallery\">\n                            <a class=\"slide-gallery-image-link\" href=\"https:\/\/www.muniancud.cl\/portal\/wp-content\/uploads\/2019\/07\/66104679_2408661662519643_4687798491089469440_n.jpg\" title=\"66104679_2408661662519643_4687798491089469440_n\"  data-caption=\"\"  data-description=\"\">\n                                <img decoding=\"async\" src=\"https:\/\/www.muniancud.cl\/portal\/wp-content\/uploads\/2019\/07\/66104679_2408661662519643_4687798491089469440_n-560x420.jpg\" srcset=\"https:\/\/www.muniancud.cl\/portal\/wp-content\/uploads\/2019\/07\/66104679_2408661662519643_4687798491089469440_n-560x420.jpg 560w, https:\/\/www.muniancud.cl\/portal\/wp-content\/uploads\/2019\/07\/66104679_2408661662519643_4687798491089469440_n-300x225.jpg 300w, https:\/\/www.muniancud.cl\/portal\/wp-content\/uploads\/2019\/07\/66104679_2408661662519643_4687798491089469440_n-768x576.jpg 768w, https:\/\/www.muniancud.cl\/portal\/wp-content\/uploads\/2019\/07\/66104679_2408661662519643_4687798491089469440_n-80x60.jpg 80w, https:\/\/www.muniancud.cl\/portal\/wp-content\/uploads\/2019\/07\/66104679_2408661662519643_4687798491089469440_n-265x198.jpg 265w, https:\/\/www.muniancud.cl\/portal\/wp-content\/uploads\/2019\/07\/66104679_2408661662519643_4687798491089469440_n-696x522.jpg 696w, https:\/\/www.muniancud.cl\/portal\/wp-content\/uploads\/2019\/07\/66104679_2408661662519643_4687798491089469440_n.jpg 960w\" sizes=\"(max-width: 560px) 100vw, 560px\" alt=\"\">\n                            <\/a>\n                            \n                        <\/figure>\n                    <\/div>\n                    <div class = \"td-slide-item td-item2\">\n                        <figure class=\"td-slide-galery-figure td-slide-popup-gallery\">\n                            <a class=\"slide-gallery-image-link\" href=\"https:\/\/www.muniancud.cl\/portal\/wp-content\/uploads\/2019\/07\/66098645_2408661585852984_6934343154590023680_n.jpg\" title=\"66098645_2408661585852984_6934343154590023680_n\"  data-caption=\"\"  data-description=\"\">\n                                <img decoding=\"async\" src=\"https:\/\/www.muniancud.cl\/portal\/wp-content\/uploads\/2019\/07\/66098645_2408661585852984_6934343154590023680_n-560x420.jpg\" srcset=\"https:\/\/www.muniancud.cl\/portal\/wp-content\/uploads\/2019\/07\/66098645_2408661585852984_6934343154590023680_n-560x420.jpg 560w, https:\/\/www.muniancud.cl\/portal\/wp-content\/uploads\/2019\/07\/66098645_2408661585852984_6934343154590023680_n-300x225.jpg 300w, https:\/\/www.muniancud.cl\/portal\/wp-content\/uploads\/2019\/07\/66098645_2408661585852984_6934343154590023680_n-768x576.jpg 768w, https:\/\/www.muniancud.cl\/portal\/wp-content\/uploads\/2019\/07\/66098645_2408661585852984_6934343154590023680_n-80x60.jpg 80w, https:\/\/www.muniancud.cl\/portal\/wp-content\/uploads\/2019\/07\/66098645_2408661585852984_6934343154590023680_n-265x198.jpg 265w, https:\/\/www.muniancud.cl\/portal\/wp-content\/uploads\/2019\/07\/66098645_2408661585852984_6934343154590023680_n-696x522.jpg 696w, https:\/\/www.muniancud.cl\/portal\/wp-content\/uploads\/2019\/07\/66098645_2408661585852984_6934343154590023680_n.jpg 960w\" sizes=\"(max-width: 560px) 100vw, 560px\" alt=\"\">\n                            <\/a>\n                            \n                        <\/figure>\n                    <\/div>\n                    <div class = \"td-slide-item td-item3\">\n                        <figure class=\"td-slide-galery-figure td-slide-popup-gallery\">\n                            <a class=\"slide-gallery-image-link\" href=\"https:\/\/www.muniancud.cl\/portal\/wp-content\/uploads\/2019\/07\/65913351_2408661482519661_2013707859249856512_n.jpg\" title=\"65913351_2408661482519661_2013707859249856512_n\"  data-caption=\"\"  data-description=\"\">\n                                <img decoding=\"async\" src=\"https:\/\/www.muniancud.cl\/portal\/wp-content\/uploads\/2019\/07\/65913351_2408661482519661_2013707859249856512_n-560x420.jpg\" srcset=\"https:\/\/www.muniancud.cl\/portal\/wp-content\/uploads\/2019\/07\/65913351_2408661482519661_2013707859249856512_n-560x420.jpg 560w, https:\/\/www.muniancud.cl\/portal\/wp-content\/uploads\/2019\/07\/65913351_2408661482519661_2013707859249856512_n-300x225.jpg 300w, https:\/\/www.muniancud.cl\/portal\/wp-content\/uploads\/2019\/07\/65913351_2408661482519661_2013707859249856512_n-768x576.jpg 768w, https:\/\/www.muniancud.cl\/portal\/wp-content\/uploads\/2019\/07\/65913351_2408661482519661_2013707859249856512_n-80x60.jpg 80w, https:\/\/www.muniancud.cl\/portal\/wp-content\/uploads\/2019\/07\/65913351_2408661482519661_2013707859249856512_n-265x198.jpg 265w, https:\/\/www.muniancud.cl\/portal\/wp-content\/uploads\/2019\/07\/65913351_2408661482519661_2013707859249856512_n-696x522.jpg 696w, https:\/\/www.muniancud.cl\/portal\/wp-content\/uploads\/2019\/07\/65913351_2408661482519661_2013707859249856512_n.jpg 960w\" sizes=\"(max-width: 560px) 100vw, 560px\" alt=\"\">\n                            <\/a>\n                            \n                        <\/figure>\n                    <\/div>\n                    <div class = \"td-slide-item td-item4\">\n                        <figure class=\"td-slide-galery-figure td-slide-popup-gallery\">\n                            <a class=\"slide-gallery-image-link\" href=\"https:\/\/www.muniancud.cl\/portal\/wp-content\/uploads\/2019\/07\/65893521_2408664259186050_802419205084282880_n.jpg\" title=\"65893521_2408664259186050_802419205084282880_n\"  data-caption=\"\"  data-description=\"\">\n                                <img decoding=\"async\" src=\"https:\/\/www.muniancud.cl\/portal\/wp-content\/uploads\/2019\/07\/65893521_2408664259186050_802419205084282880_n-560x420.jpg\" srcset=\"https:\/\/www.muniancud.cl\/portal\/wp-content\/uploads\/2019\/07\/65893521_2408664259186050_802419205084282880_n-560x420.jpg 560w, https:\/\/www.muniancud.cl\/portal\/wp-content\/uploads\/2019\/07\/65893521_2408664259186050_802419205084282880_n-300x225.jpg 300w, https:\/\/www.muniancud.cl\/portal\/wp-content\/uploads\/2019\/07\/65893521_2408664259186050_802419205084282880_n-768x576.jpg 768w, https:\/\/www.muniancud.cl\/portal\/wp-content\/uploads\/2019\/07\/65893521_2408664259186050_802419205084282880_n-80x60.jpg 80w, https:\/\/www.muniancud.cl\/portal\/wp-content\/uploads\/2019\/07\/65893521_2408664259186050_802419205084282880_n-265x198.jpg 265w, https:\/\/www.muniancud.cl\/portal\/wp-content\/uploads\/2019\/07\/65893521_2408664259186050_802419205084282880_n-696x522.jpg 696w, https:\/\/www.muniancud.cl\/portal\/wp-content\/uploads\/2019\/07\/65893521_2408664259186050_802419205084282880_n.jpg 960w\" sizes=\"(max-width: 560px) 100vw, 560px\" alt=\"\">\n                            <\/a>\n                            \n                        <\/figure>\n                    <\/div>\n                            <\/div>\n                        <\/div>\n\n                        <div class = \"td-doubleSlider-2\">\n                            <div class = \"td-slider\">\n                                \n                    <div class = \"td-button td-item1\">\n                        <div class = \"td-border\"><\/div>\n                    <\/div>\n                    <div class = \"td-button td-item2\">\n                        <div class = \"td-border\"><\/div>\n                    <\/div>\n                    <div class = \"td-button td-item3\">\n                        <div class = \"td-border\"><\/div>\n                    <\/div>\n                    <div class = \"td-button td-item4\">\n                        <div class = \"td-border\"><\/div>\n                    <\/div>\n                            <\/div>\n                        <\/div>\n\n                    <\/div>\n\n                <\/div>\n                \n","protected":false},"excerpt":{"rendered":"<p>La Ilustre Municipalidad de Ancud a trav\u00e9s del alcalde Carlos G\u00f3mez, acompa\u00f1ado de concejales, representantes de Carabineros, Gendarmer\u00eda, de la Uni\u00f3n Comunal de Juntas de Vecinos Urbanas, y organizaciones ciudadanas de la comuna, brindaron homenaje a trav\u00e9s de los cuerpos de Bomberos de nuestra comuna a los 168 a\u00f1os de vida institucional de Bomberos al [&hellip;]<\/p>\n","protected":false},"author":4,"featured_media":24979,"comment_status":"closed","ping_status":"closed","sticky":false,"template":"","format":"standard","meta":{"footnotes":""},"categories":[27,4],"tags":[],"class_list":["post-24896","post","type-post","status-publish","format-standard","has-post-thumbnail","hentry","category-dideco","category-sala-de-prensa"],"_links":{"self":[{"href":"https:\/\/www.muniancud.cl\/portal\/wp-json\/wp\/v2\/posts\/24896","targetHints":{"allow":["GET"]}}],"collection":[{"href":"https:\/\/www.muniancud.cl\/portal\/wp-json\/wp\/v2\/posts"}],"about":[{"href":"https:\/\/www.muniancud.cl\/portal\/wp-json\/wp\/v2\/types\/post"}],"author":[{"embeddable":true,"href":"https:\/\/www.muniancud.cl\/portal\/wp-json\/wp\/v2\/users\/4"}],"replies":[{"embeddable":true,"href":"https:\/\/www.muniancud.cl\/portal\/wp-json\/wp\/v2\/comments?post=24896"}],"version-history":[{"count":2,"href":"https:\/\/www.muniancud.cl\/portal\/wp-json\/wp\/v2\/posts\/24896\/revisions"}],"predecessor-version":[{"id":24980,"href":"https:\/\/www.muniancud.cl\/portal\/wp-json\/wp\/v2\/posts\/24896\/revisions\/24980"}],"wp:featuredmedia":[{"embeddable":true,"href":"https:\/\/www.muniancud.cl\/portal\/wp-json\/wp\/v2\/media\/24979"}],"wp:attachment":[{"href":"https:\/\/www.muniancud.cl\/portal\/wp-json\/wp\/v2\/media?parent=24896"}],"wp:term":[{"taxonomy":"category","embeddable":true,"href":"https:\/\/www.muniancud.cl\/portal\/wp-json\/wp\/v2\/categories?post=24896"},{"taxonomy":"post_tag","embeddable":true,"href":"https:\/\/www.muniancud.cl\/portal\/wp-json\/wp\/v2\/tags?post=24896"}],"curies":[{"name":"wp","href":"https:\/\/api.w.org\/{rel}","templated":true}]}}