{"id":25368,"date":"2019-07-29T08:34:34","date_gmt":"2019-07-29T12:34:34","guid":{"rendered":"https:\/\/www.muniancud.cl\/portal\/?p=25368"},"modified":"2019-07-29T08:37:20","modified_gmt":"2019-07-29T12:37:20","slug":"servicio-de-recoleccion-de-residuos-solidos-domiciliarios-de-este-29-de-julio","status":"publish","type":"post","link":"https:\/\/www.muniancud.cl\/portal\/servicio-de-recoleccion-de-residuos-solidos-domiciliarios-de-este-29-de-julio\/","title":{"rendered":"Servicio de recolecci\u00f3n de Residuos S\u00f3lidos Domiciliarios 29 de julio"},"content":{"rendered":"<div class=\"\" style=\"font-family: Helvetica, Arial, sans-serif;color: #1c1e21;font-size: 14px;font-style: normal;font-weight: 400;letter-spacing: normal;text-align: start;text-indent: 0px;text-transform: none;background-color: #ffffff\" data-block=\"true\" data-editor=\"3qutr\" data-offset-key=\"a3sqe-0-0\">\n<div class=\"_1mf _1mj\" style=\"direction: ltr;text-align: left;font-family: inherit\" data-offset-key=\"a3sqe-0-0\">\n<p style=\"margin: 0px;text-align: justify;line-height: normal\"><span style=\"font-family: inherit;text-align: left;font-size: 14px\">El servicio de recolecci\u00f3n de Residuos S\u00f3lidos Domiciliarios de este lunes 29 de julio corresponde a los cuadrantes 1 y 2 .<\/span><\/p>\n<p>&nbsp;<\/p>\n<p style=\"margin: 0px;text-align: justify;line-height: normal\"><span style=\"font-size: 12.0pt\">Recuerde reducir al m\u00e1ximo posible sus desechos y no colapsar los contenedores dispuestos en la ciudad. <\/span><\/p>\n<p style=\"margin: 0px;text-align: justify;line-height: normal\"><span style=\"font-size: 12.0pt\">Consultas directas al WhatsApp +56967604504<\/span><\/p>\n<p>&nbsp;<\/p>\n<p><span style=\"font-family: inherit;font-size: 14px\">Cuadrante 1<\/span><\/p>\n<\/div>\n<\/div>\n<div class=\"\" style=\"font-family: Helvetica, Arial, sans-serif;color: #1c1e21;font-size: 14px;font-style: normal;font-weight: 400;letter-spacing: normal;text-align: start;text-indent: 0px;text-transform: none;background-color: #ffffff\" data-block=\"true\" data-editor=\"3qutr\" data-offset-key=\"a51b4-0-0\">\n<div class=\"_1mf _1mj\" style=\"direction: ltr;text-align: left;font-family: inherit\" data-offset-key=\"a51b4-0-0\"><span style=\"font-size: 12pt;font-family: Verdana, Geneva, sans-serif;text-align: justify\">Corresponde a todas las viviendas comprendidas en el sector que cubre Arena Gruesa hasta Fuerte San Antonio, incluyendo Villa Fuerte Real. Sigue por el lado norte de esta calle para conectar con Baquedano, y bajar por calle O\u2019Higgins en direcci\u00f3n a la intersecci\u00f3n con Pedro Montt. Contin\u00faa por Almirante Latorre hasta Villa Las Araucarias y cubrir Villa Nueva Galicia. Abarca el costado del cerro Huaihuen que incorpora la poblaci\u00f3n Goleta Sebastiana, Casamar 1 y 2, Vista Hermosa y Jos\u00e9 Joaqu\u00edn Prieto. Este cuadrante comprende tambi\u00e9n las poblaciones de Bonilla, Borquez Solar y 22 de Mayo. Y todas las calles y pasajes al interior del sector.<\/span><\/div>\n<div class=\"_1mf _1mj\" style=\"direction: ltr;text-align: left;font-family: inherit\" data-offset-key=\"a51b4-0-0\">\n<p>&nbsp;<\/p>\n<p style=\"margin: 0px;text-align: justify;line-height: normal\"><span style=\"font-size: 12.0pt\">Cuadrante 2<\/span><\/p>\n<p style=\"margin: 0px;text-align: justify;line-height: normal\"><span style=\"font-size: 12.0pt\">corresponde el centro de Ancud. Este, est\u00e1 delimitado por la costanera Salvador Allende hasta calle Yungay, subiendo hasta la intersecci\u00f3n de Los Carreras. \u00a0Sigue por calle Yerbas Buenas, hasta Err\u00e1zuriz, baja hacia el centro por calle Pudeto y conecta con \u00a0calle San Carlos. Desde ah\u00ed por An\u00edbal Pinto, para continuar por calle Esmeralda, a un costado del Gimnasio fiscal hasta el encuentro con Almirante Latorre, cubriendo todo el lado sur de esta, hasta la intersecci\u00f3n con Baquedano. Para gira por San Antonio, y retornar por Lord Cochrane en direcci\u00f3n al muelle y la Costanera. <\/span><\/p>\n<p style=\"margin: 0px;text-align: justify;line-height: normal\"><span style=\"font-size: 12.0pt\">Recuerde reducir al m\u00e1ximo posible sus desechos.<\/span><\/p>\n<p>&nbsp;<\/p>\n<p style=\"margin: 0px;text-align: justify;line-height: normal\"><span style=\"font-size: 12.0pt\">M\u00e1s informaci\u00f3n sobre el sistema de recolecci\u00f3n diferenciada y reciclaje: visite el Facebook de la oficina de medio ambiente.<\/span><\/p>\n<p>&nbsp;<\/p>\n<p style=\"margin: 0px;text-align: justify;line-height: normal\"><span style=\"font-size: 12.0pt\">Consultas directas al WhatsApp +56967604504<\/span><\/p>\n<\/div>\n<\/div>\n<p>&nbsp;<\/p>\n<p>Mapa online<\/p>\n<p>https:\/\/www.google.com\/maps\/d\/viewer?hl=es&#038;mid=1HxEPnEKA74EbzjFELx87zTJ1m4-Hto1s&#038;ll=-41.8780592426393%2C-73.8024933998359&#038;z=13&#038;fbclid=IwAR3dL3rWPqrJJblpJAWrw574_s5cMCv46cJsDcKx3o1T7fboYKdI3HfGk2M<\/p>\n<div class=\"\" style=\"font-family: Helvetica, Arial, sans-serif;color: #1c1e21;font-size: 14px;font-style: normal;font-weight: 400;letter-spacing: normal;text-align: start;text-indent: 0px;text-transform: none;background-color: #ffffff\" data-block=\"true\" data-editor=\"3qutr\" data-offset-key=\"a51b4-0-0\">\n<div class=\"_1mf _1mj\" style=\"direction: ltr;text-align: left;font-family: inherit\" data-offset-key=\"a51b4-0-0\">\n<p><img loading=\"lazy\" decoding=\"async\" class=\"alignnone wp-image-25300 size-full\" src=\"https:\/\/www.muniancud.cl\/portal\/wp-content\/uploads\/2019\/07\/Recoleccio\u0301n-Residuos-So\u0301lidos-Domiciliarios_0003.png\" alt=\"\" width=\"892\" height=\"640\" \/><\/p>\n<\/div>\n<\/div>\n","protected":false},"excerpt":{"rendered":"<p>El servicio de recolecci\u00f3n de Residuos S\u00f3lidos Domiciliarios de este lunes 29 de julio corresponde a los cuadrantes 1 y 2 . &nbsp; Recuerde reducir al m\u00e1ximo posible sus desechos y no colapsar los contenedores dispuestos en la ciudad. Consultas directas al WhatsApp +56967604504 &nbsp; Cuadrante 1 Corresponde a todas las viviendas comprendidas en el [&hellip;]<\/p>\n","protected":false},"author":4,"featured_media":0,"comment_status":"closed","ping_status":"closed","sticky":false,"template":"","format":"standard","meta":{"footnotes":""},"categories":[37],"tags":[],"class_list":["post-25368","post","type-post","status-publish","format-standard","hentry","category-alerta-sanitaria"],"_links":{"self":[{"href":"https:\/\/www.muniancud.cl\/portal\/wp-json\/wp\/v2\/posts\/25368","targetHints":{"allow":["GET"]}}],"collection":[{"href":"https:\/\/www.muniancud.cl\/portal\/wp-json\/wp\/v2\/posts"}],"about":[{"href":"https:\/\/www.muniancud.cl\/portal\/wp-json\/wp\/v2\/types\/post"}],"author":[{"embeddable":true,"href":"https:\/\/www.muniancud.cl\/portal\/wp-json\/wp\/v2\/users\/4"}],"replies":[{"embeddable":true,"href":"https:\/\/www.muniancud.cl\/portal\/wp-json\/wp\/v2\/comments?post=25368"}],"version-history":[{"count":3,"href":"https:\/\/www.muniancud.cl\/portal\/wp-json\/wp\/v2\/posts\/25368\/revisions"}],"predecessor-version":[{"id":25372,"href":"https:\/\/www.muniancud.cl\/portal\/wp-json\/wp\/v2\/posts\/25368\/revisions\/25372"}],"wp:attachment":[{"href":"https:\/\/www.muniancud.cl\/portal\/wp-json\/wp\/v2\/media?parent=25368"}],"wp:term":[{"taxonomy":"category","embeddable":true,"href":"https:\/\/www.muniancud.cl\/portal\/wp-json\/wp\/v2\/categories?post=25368"},{"taxonomy":"post_tag","embeddable":true,"href":"https:\/\/www.muniancud.cl\/portal\/wp-json\/wp\/v2\/tags?post=25368"}],"curies":[{"name":"wp","href":"https:\/\/api.w.org\/{rel}","templated":true}]}}