{"id":25375,"date":"2019-07-30T09:59:10","date_gmt":"2019-07-30T13:59:10","guid":{"rendered":"https:\/\/www.muniancud.cl\/portal\/?p=25375"},"modified":"2019-07-30T10:01:48","modified_gmt":"2019-07-30T14:01:48","slug":"servicio-de-recoleccion-de-residuos-solidos-domiciliarios-30-de-julio","status":"publish","type":"post","link":"https:\/\/www.muniancud.cl\/portal\/servicio-de-recoleccion-de-residuos-solidos-domiciliarios-30-de-julio\/","title":{"rendered":"Servicio de recolecci\u00f3n de Residuos S\u00f3lidos Domiciliarios 30 de julio"},"content":{"rendered":"<div class=\"\">\n<div class=\"_1mf _1mj\">El servicio de recolecci\u00f3n de <span id=\"OBJ_PREFIX_DWT311_com_zimbra_date\" class=\"Object\"><span id=\"OBJ_PREFIX_DWT315_com_zimbra_date\" class=\"Object\">hoy<\/span><\/span> <span id=\"OBJ_PREFIX_DWT316_com_zimbra_date\" class=\"Object\">martes<\/span> <span id=\"OBJ_PREFIX_DWT312_com_zimbra_date\" class=\"Object\"><span id=\"OBJ_PREFIX_DWT317_com_zimbra_date\" class=\"Object\">30 de julio<\/span><\/span>, corresponde corresponde a los cuadrantes 2 y 3.<\/div>\n<\/div>\n<div class=\"\">\n<div class=\"_1mf _1mj\">Consultas directas al WhatsApp +56967604504<\/div>\n<div><\/div>\n<\/div>\n<div class=\"\">\n<div class=\"_1mf _1mj\">Producto de la alerta sanitaria que autoriza a la autoridad competente a disponer de horarios y camiones de recolecci\u00f3n para Ancud, el servicio se inicia a las 11:00 de la <span id=\"OBJ_PREFIX_DWT313_com_zimbra_date\" class=\"Object\"><span id=\"OBJ_PREFIX_DWT318_com_zimbra_date\" class=\"Object\">ma\u00f1ana<\/span><\/span>, aproximadamente.<\/div>\n<\/div>\n<div class=\"\">\n<div class=\"_1mf _1mj\"><\/div>\n<\/div>\n<div class=\"\">\n<div class=\"_1mf _1mj\">Le reiteramos, estas medidas obedecen a una resoluci\u00f3n sanitaria establecida por la autoridad de salud regional en el marco de la alerta sanitaria que rige para Chilo\u00e9, y que permite recolectar solo 3 (tres) camiones diarios, para la comuna de Ancud.<\/div>\n<\/div>\n<div class=\"\">\n<div class=\"_1mf _1mj\"><\/div>\n<\/div>\n<div class=\"\">\n<div class=\"_1mf _1mj\">Recuerde reducir al m\u00e1ximo posible sus desechos y no colapsar los contenedores dispuestos en la ciudad.<\/div>\n<\/div>\n<div class=\"\">\n<div class=\"_1mf _1mj\"><\/div>\n<\/div>\n<div class=\"\">\n<div class=\"_1mf _1mj\">Consultas directas al WhatsApp +56967604504<\/div>\n<\/div>\n<div class=\"\">\n<div class=\"_1mf _1mj\"><\/div>\n<\/div>\n<div class=\"\">\n<div class=\"_1mf _1mj\">Cuadrante 2 Zona centro.<\/div>\n<\/div>\n<div class=\"\">\n<div class=\"_1mf _1mj\"><\/div>\n<\/div>\n<div class=\"\">\n<div class=\"_1mf _1mj\">Corresponde el centro de Ancud. Este, est\u00e1 delimitado por la costanera Salvador Allende hasta calle Yungay, subiendo hasta la intersecci\u00f3n de Los Carreras. Sigue por calle Yerbas Buenas, hasta Err\u00e1zuriz, baja hacia el centro por calle Pudeto y conecta con calle San Carlos. Desde ah\u00ed por An\u00edbal Pinto, para continuar por calle Esmeralda, a un costado del Gimnasio fiscal hasta el encuentro con Almirante Latorre, cubriendo todo el lado sur de esta, hasta la intersecci\u00f3n con Baquedano. Para gira por San Antonio, y retornar por Lord Cochrane en direcci\u00f3n al muelle y la Costanera.<\/div>\n<\/div>\n<div class=\"\">\n<div class=\"_1mf _1mj\"><\/div>\n<\/div>\n<div class=\"\">\n<div class=\"_1mf _1mj\">Cuadrante 3<\/div>\n<\/div>\n<div class=\"\">\n<div class=\"_1mf _1mj\"><\/div>\n<\/div>\n<div class=\"\">\n<div class=\"_1mf _1mj\">hacia el sur de la ciudad, comprende a todos los domicilios que se encuentran en el per\u00edmetro que forman las calles que van desde Yungay, Los Carreras y parte de Yerbas Buenas. Contin\u00faa por Pepita Manns y Primero de Mayo hacia el sur, limita con el ESFOCAR de Carabineros, incorporando las poblaciones Bellavista 1, 2, 3 y 4, adem\u00e1s de Villa Archipi\u00e9lago. Contin\u00faa hacia el sur, por costanera y abarca las poblaciones Primero de Mayo, Poblaci\u00f3n Libertad, y Villa Subercaseaux. Componen este cuadrante, adem\u00e1s las poblaciones F\u00e1tima, Lomas de Puquillihue, Villa Esperanza, Villa Solidaridad y Cardenal Silva Henr\u00edquez.<\/div>\n<\/div>\n<div class=\"\">\n<div class=\"_1mf _1mj\"><\/div>\n<\/div>\n<div class=\"\">\n<div class=\"_1mf _1mj\">Consultas directas al WhatsApp +56967604504<\/div>\n<\/div>\n<div class=\"\">\n<div class=\"_1mf _1mj\"><\/div>\n<\/div>\n<div class=\"\">\n<div class=\"_1mf _1mj\">Mapa online &gt;&gt;&gt;&gt;&gt;<\/div>\n<\/div>\n<div class=\"\">\n<div class=\"_1mf _1mj\"><\/div>\n<\/div>\n<div class=\"\">\n<div class=\"_1mf _1mj\"><span id=\"OBJ_PREFIX_DWT314_com_zimbra_url\" class=\"Object\"><span id=\"OBJ_PREFIX_DWT319_com_zimbra_url\" class=\"Object\"><a href=\"https:\/\/www.google.com\/maps\/d\/u\/0\/viewer?hl=es&amp;mid=1HxEPnEKA74EbzjFELx87zTJ1m4-Hto1s&amp;ll=-41.8581950619029%2C-73.78723943308495&amp;z=13&amp;fbclid=IwAR3dko0QVFOrRR-2dezqs_C1CzGyWsKl2udSTvur8gvnkhb-hZE4PjO8bGY\" target=\"_blank\" rel=\"noopener noreferrer\">https:\/\/www.google.com\/maps\/d\/u\/0\/viewer?hl=es&amp;mid=1HxEPnEKA74EbzjFELx87zTJ1m4-Hto1s&amp;ll=-41.8581950619029%2C-73.78723943308495&amp;z=13&amp;fbclid=IwAR3dko0QVFOrRR-2dezqs_C1CzGyWsKl2udSTvur8gvnkhb-hZE4PjO8bGY<\/a><\/span><\/span><img loading=\"lazy\" decoding=\"async\" class=\"alignnone size-medium wp-image-25300\" src=\"https:\/\/www.muniancud.cl\/portal\/wp-content\/uploads\/2019\/07\/Recoleccio\u0301n-Residuos-So\u0301lidos-Domiciliarios_0003-300x215.png\" alt=\"\" width=\"300\" height=\"215\" \/><\/div>\n<\/div>\n<div>Consultas directas al WhatsApp +56967604504<\/div>\n","protected":false},"excerpt":{"rendered":"<p>El servicio de recolecci\u00f3n de hoy martes 30 de julio, corresponde corresponde a los cuadrantes 2 y 3. Consultas directas al WhatsApp +56967604504 Producto de la alerta sanitaria que autoriza a la autoridad competente a disponer de horarios y camiones de recolecci\u00f3n para Ancud, el servicio se inicia a las 11:00 de la ma\u00f1ana, aproximadamente. [&hellip;]<\/p>\n","protected":false},"author":4,"featured_media":0,"comment_status":"closed","ping_status":"closed","sticky":false,"template":"","format":"standard","meta":{"footnotes":""},"categories":[37],"tags":[],"class_list":["post-25375","post","type-post","status-publish","format-standard","hentry","category-alerta-sanitaria"],"_links":{"self":[{"href":"https:\/\/www.muniancud.cl\/portal\/wp-json\/wp\/v2\/posts\/25375","targetHints":{"allow":["GET"]}}],"collection":[{"href":"https:\/\/www.muniancud.cl\/portal\/wp-json\/wp\/v2\/posts"}],"about":[{"href":"https:\/\/www.muniancud.cl\/portal\/wp-json\/wp\/v2\/types\/post"}],"author":[{"embeddable":true,"href":"https:\/\/www.muniancud.cl\/portal\/wp-json\/wp\/v2\/users\/4"}],"replies":[{"embeddable":true,"href":"https:\/\/www.muniancud.cl\/portal\/wp-json\/wp\/v2\/comments?post=25375"}],"version-history":[{"count":1,"href":"https:\/\/www.muniancud.cl\/portal\/wp-json\/wp\/v2\/posts\/25375\/revisions"}],"predecessor-version":[{"id":25376,"href":"https:\/\/www.muniancud.cl\/portal\/wp-json\/wp\/v2\/posts\/25375\/revisions\/25376"}],"wp:attachment":[{"href":"https:\/\/www.muniancud.cl\/portal\/wp-json\/wp\/v2\/media?parent=25375"}],"wp:term":[{"taxonomy":"category","embeddable":true,"href":"https:\/\/www.muniancud.cl\/portal\/wp-json\/wp\/v2\/categories?post=25375"},{"taxonomy":"post_tag","embeddable":true,"href":"https:\/\/www.muniancud.cl\/portal\/wp-json\/wp\/v2\/tags?post=25375"}],"curies":[{"name":"wp","href":"https:\/\/api.w.org\/{rel}","templated":true}]}}