{"id":25377,"date":"2019-07-30T19:10:10","date_gmt":"2019-07-30T23:10:10","guid":{"rendered":"https:\/\/www.muniancud.cl\/portal\/?p=25377"},"modified":"2019-07-31T09:21:05","modified_gmt":"2019-07-31T13:21:05","slug":"municipalidad-de-ancud-beca-a-125-estudiantes-de-educacion-superior-de-la-comuna","status":"publish","type":"post","link":"https:\/\/www.muniancud.cl\/portal\/municipalidad-de-ancud-beca-a-125-estudiantes-de-educacion-superior-de-la-comuna\/","title":{"rendered":"Municipalidad de Ancud beca a 125 estudiantes de educaci\u00f3n superior de la comuna"},"content":{"rendered":"<p>Este lunes en el Teatro Municipal de Ancud, se realiz\u00f3 la ceremonia de entrega de 125 becas a estudiantes ancuditanos, en el marco de la Beca Ilustre Municipalidad de Ancud que a\u00f1o a a\u00f1o otorga el municipio.<\/p>\n<p>La actividad encabezada por el alcalde Carlos G\u00f3mez, constituye una ayuda para los estudiantes de ense\u00f1anza superior que cursan estudios dentro y fuera de Ancud. Beneficio que se ha incrementado a lo largo de los a\u00f1os; pasando, de 61 becas el a\u00f1o 2017 a 125 en el presente a\u00f1o, con una \u201c<em>inversi\u00f3n en educaci\u00f3n<\/em>\u201d, como resalta el alcalde, de $43 millones con fondos municipales.<\/p>\n<p>Al t\u00e9rmino de la ceremonia, el alcalde se refiri\u00f3 a los detalles del beneficio recientemente entregado y a la proyecci\u00f3n que durante estos a\u00f1os de gesti\u00f3n posee la Beca Ilustre Municipalidad de Ancud. \u201c<em>Lo dec\u00eda, 125 alumnos beneficiarios, con una inversi\u00f3n o con recursos netamente municipales, que ascienden a los $43 millones. Estamos muy felices, porque, a\u00f1o a a\u00f1o hemos ido aumentando considerablemente este presupuesto. Este a\u00f1o no ha sido la excepci\u00f3n, y hemos comprometido un aumento para el a\u00f1o 2020. Debido a la que la cantidad de alumnos es bastante. Y muchos de ellos teniendo buenos puntajes, no alcanzan a obtener esta beca, \u00fanica y exclusivamente por un tema presupuestario\u201d<\/em> sostuvo el alcalde, adelantando que la siguiente cuota de la beca, corresponde ser entregada durante el mes de septiembre.<\/p>\n<p>Consultado por la amplia participaci\u00f3n que concita la beca, y el esfuerzo municipal realizado para otorgar esta ayuda a los estudiantes de la comuna, el alcalde agradeci\u00f3 la opci\u00f3n dedicada por las familias. \u201c<em>Agradecer la confianza de los padres y madres, de las familias que se sacrifican para reunir los antecedentes para postular. De hecho, el d\u00eda de hoy en esta ceremonia hay alumnos que est\u00e1n en clases y no pueden llegar hasta ac\u00e1. Contento por la entrega, principalmente por nuestros asistentes sociales, quienes llevan adelante todo este proceso que termina entregando la comisi\u00f3n evaluadora de esta beca municipal. De aqu\u00ed pasa al H. Consejo municipal para su aprobaci\u00f3n. Pero lo que prima, son los informes correspondientes que entrega la comisi\u00f3n. La beca se entrega a los alumnos que han obtenido los mejores puntajes producto de sus buenas calificaciones, tambi\u00e9n de la situaci\u00f3n socio econ\u00f3mica y de otros requisitos que se solicitan para este efecto<\/em>\u201d, enfatiz\u00f3 el alcalde G\u00f3mez, en lo que se refiere a sostener el m\u00e9rito acad\u00e9mico y la condici\u00f3n socioecon\u00f3mica como requisito fundamental.<\/p>\n<p>En este sentido, Lastenia Valle madre de una de las chicas que obtuvo la ayuda de la Ilustre Municipalidad de Ancud, se refiri\u00f3 al beneficio y a la responsabilidad de cada becado para sostener las notas. \u201c<em>Maravilloso, por lo menos para m\u00ed. A mi hija le ayuda bastante. Usted sabe que cuando los chicos est\u00e1n afuera es muy dif\u00edcil solventar los gastos. Sobre todo, cuando no tenemos los recursos suficientes. As\u00ed que, para ella un alivio grande. Y ojal\u00e1 que la siga manteniendo, ya que tambi\u00e9n tiene que esforzarse por su beca<\/em>\u201d, se\u00f1al\u00f3 la vecina.<\/p>\n<p>Los detalles sobre becados, lista de espera y las bases que rigen la entrega de la Beca Ilustre Municipalidad de Ancud se encuentran disponibles en la p\u00e1gina Web del municipio ancuditano, <a href=\"http:\/\/www.muniancud.cl\">www.muniancud.cl<\/a> solo para consultas.<\/p>\n","protected":false},"excerpt":{"rendered":"<p>Este lunes en el Teatro Municipal de Ancud, se realiz\u00f3 la ceremonia de entrega de 125 becas a estudiantes ancuditanos, en el marco de la Beca Ilustre Municipalidad de Ancud que a\u00f1o a a\u00f1o otorga el municipio. La actividad encabezada por el alcalde Carlos G\u00f3mez, constituye una ayuda para los estudiantes de ense\u00f1anza superior que [&hellip;]<\/p>\n","protected":false},"author":4,"featured_media":25378,"comment_status":"closed","ping_status":"closed","sticky":false,"template":"","format":"standard","meta":{"footnotes":""},"categories":[26,27,25,4],"tags":[],"class_list":["post-25377","post","type-post","status-publish","format-standard","has-post-thumbnail","hentry","category-cultura","category-dideco","category-educacion","category-sala-de-prensa"],"_links":{"self":[{"href":"https:\/\/www.muniancud.cl\/portal\/wp-json\/wp\/v2\/posts\/25377","targetHints":{"allow":["GET"]}}],"collection":[{"href":"https:\/\/www.muniancud.cl\/portal\/wp-json\/wp\/v2\/posts"}],"about":[{"href":"https:\/\/www.muniancud.cl\/portal\/wp-json\/wp\/v2\/types\/post"}],"author":[{"embeddable":true,"href":"https:\/\/www.muniancud.cl\/portal\/wp-json\/wp\/v2\/users\/4"}],"replies":[{"embeddable":true,"href":"https:\/\/www.muniancud.cl\/portal\/wp-json\/wp\/v2\/comments?post=25377"}],"version-history":[{"count":2,"href":"https:\/\/www.muniancud.cl\/portal\/wp-json\/wp\/v2\/posts\/25377\/revisions"}],"predecessor-version":[{"id":25380,"href":"https:\/\/www.muniancud.cl\/portal\/wp-json\/wp\/v2\/posts\/25377\/revisions\/25380"}],"wp:featuredmedia":[{"embeddable":true,"href":"https:\/\/www.muniancud.cl\/portal\/wp-json\/wp\/v2\/media\/25378"}],"wp:attachment":[{"href":"https:\/\/www.muniancud.cl\/portal\/wp-json\/wp\/v2\/media?parent=25377"}],"wp:term":[{"taxonomy":"category","embeddable":true,"href":"https:\/\/www.muniancud.cl\/portal\/wp-json\/wp\/v2\/categories?post=25377"},{"taxonomy":"post_tag","embeddable":true,"href":"https:\/\/www.muniancud.cl\/portal\/wp-json\/wp\/v2\/tags?post=25377"}],"curies":[{"name":"wp","href":"https:\/\/api.w.org\/{rel}","templated":true}]}}