{"id":25382,"date":"2019-07-31T10:56:13","date_gmt":"2019-07-31T14:56:13","guid":{"rendered":"https:\/\/www.muniancud.cl\/portal\/?p=25382"},"modified":"2019-07-31T10:56:13","modified_gmt":"2019-07-31T14:56:13","slug":"servicio-de-recoleccion-de-residuos-solidos-domiciliarios-31-de-julio-2019","status":"publish","type":"post","link":"https:\/\/www.muniancud.cl\/portal\/servicio-de-recoleccion-de-residuos-solidos-domiciliarios-31-de-julio-2019\/","title":{"rendered":"Servicio de recolecci\u00f3n de Residuos S\u00f3lidos Domiciliarios 31 de julio 2019"},"content":{"rendered":"<p>Servicio de Recolecci\u00f3n de Residuos S\u00f3lidos Domiciliarios de Ancud\u00a0<span id=\"OBJ_PREFIX_DWT3051_com_zimbra_date\" class=\"Object\"><span id=\"OBJ_PREFIX_DWT3056_com_zimbra_date\" class=\"Object\">este mi<\/span><\/span>\u00e9rcoles\u00a0<span id=\"OBJ_PREFIX_DWT3052_com_zimbra_date\" class=\"Object\"><span id=\"OBJ_PREFIX_DWT3057_com_zimbra_date\" class=\"Object\">31 de julio<\/span><\/span>, corresponde a los sectores rurales de Pen\u00ednsula de Lacuy y Sector Carretera e interiores, adem\u00e1s del Cuadrante 2.<\/p>\n<div class=\"text_exposed_show\">\n<p>Producto de la alerta sanitaria, la autoridad competente a dispuesto que los horarios y camiones de recolecci\u00f3n para Ancud, realicen la disposici\u00f3n diaria a las 09:00, por tal motivo el servicio se inicia a las 10:00 de la\u00a0<span id=\"OBJ_PREFIX_DWT3053_com_zimbra_date\" class=\"Object\"><span id=\"OBJ_PREFIX_DWT3058_com_zimbra_date\" class=\"Object\">ma\u00f1ana<\/span><\/span>, aproximadamente.<\/p>\n<p>Consultas directas al WhatsApp +56967604504<\/p>\n<p>Le reiteramos, estas medidas obedecen a una resoluci\u00f3n sanitaria establecida por la autoridad de salud regional en el marco de la alerta sanitaria que rige para Chilo\u00e9, y que permite realizar recolecci\u00f3n con solo 3 (tres) camiones diarios, para la comuna de Ancud.<\/p>\n<p>Recuerde reducir al m\u00e1ximo posible sus desechos y no colapsar los contenedores dispuestos en la ciudad.<\/p>\n<p>Consultas directas al WhatsApp +56967604504<\/p>\n<p>Sector Pen\u00ednsula de Lacuy.<\/p>\n<p>Lechagua, Pauldeo, Pilluco, Quetalmahue, Sector Calle, Corona, Guapilicuy Alto, Guapilicuy Bajo, Yuste, Ah\u00fci, Chaicura, Cayucan, Nal alto, Nal bajo, Chauman, Guabun,\u00a0<span id=\"OBJ_PREFIX_DWT3054_com_zimbra_date\" class=\"Object\"><span id=\"OBJ_PREFIX_DWT3059_com_zimbra_date\" class=\"Object\">Mar<\/span><\/span>\u00a0Brava, Pumillahue, Pu\u00f1ihuil, Duatao, Tehuaco, Cocotu\u00e9, Aucaco.<\/p>\n<p>Sector Carretera e interiores.<br \/>\nLajas Blancas, Mechaico, Coipomo, Chepu, Ruta 5, Km 25 y 26, Puntra, Dega\u00f1, Chaquihual, Aguas Buenas.<\/p>\n<p>San Juan, Huillinco, Pumanzano, Los\u00a0<span id=\"OBJ_PREFIX_DWT3055_com_zimbra_date\" class=\"Object\"><span id=\"OBJ_PREFIX_DWT3060_com_zimbra_date\" class=\"Object\">Ma<\/span><\/span>\u00f1ios, Linao, Rio Negro, Huapilinao, La Tiza, Huilqueco, Llanco, Choroihue, Belduen, Palomar, Km. 31, Quichitue, Coquiao.<\/p>\n<p>Cuadrante 2<br \/>\nCorresponde el centro de Ancud. Este, est\u00e1 delimitado por la costanera Salvador Allende hasta calle Yungay, subiendo hasta la intersecci\u00f3n de Los Carreras. Sigue por calle Yerbas Buenas, hasta Err\u00e1zuriz, baja hacia el centro por calle Pudeto y conecta con calle San Carlos. Desde ah\u00ed por An\u00edbal Pinto, para continuar por calle Esmeralda, a un costado del Gimnasio fiscal hasta el encuentro con Almirante Latorre, cubriendo todo el lado sur de esta, hasta la intersecci\u00f3n con Baquedano. Para gira por San Antonio, y retornar por Lord Cochrane en direcci\u00f3n al muelle y la Costanera.<\/p>\n<p>Consultas directas al WhatsApp +56967604504<\/p>\n<p><img loading=\"lazy\" decoding=\"async\" class=\"alignnone size-medium wp-image-25300\" src=\"https:\/\/www.muniancud.cl\/portal\/wp-content\/uploads\/2019\/07\/Recoleccio\u0301n-Residuos-So\u0301lidos-Domiciliarios_0003-300x215.png\" alt=\"\" width=\"300\" height=\"215\" \/><\/p>\n<\/div>\n","protected":false},"excerpt":{"rendered":"<p>Servicio de Recolecci\u00f3n de Residuos S\u00f3lidos Domiciliarios de Ancud\u00a0este mi\u00e9rcoles\u00a031 de julio, corresponde a los sectores rurales de Pen\u00ednsula de Lacuy y Sector Carretera e interiores, adem\u00e1s del Cuadrante 2. Producto de la alerta sanitaria, la autoridad competente a dispuesto que los horarios y camiones de recolecci\u00f3n para Ancud, realicen la disposici\u00f3n diaria a las [&hellip;]<\/p>\n","protected":false},"author":4,"featured_media":0,"comment_status":"closed","ping_status":"closed","sticky":false,"template":"","format":"standard","meta":{"footnotes":""},"categories":[37],"tags":[],"class_list":["post-25382","post","type-post","status-publish","format-standard","hentry","category-alerta-sanitaria"],"_links":{"self":[{"href":"https:\/\/www.muniancud.cl\/portal\/wp-json\/wp\/v2\/posts\/25382","targetHints":{"allow":["GET"]}}],"collection":[{"href":"https:\/\/www.muniancud.cl\/portal\/wp-json\/wp\/v2\/posts"}],"about":[{"href":"https:\/\/www.muniancud.cl\/portal\/wp-json\/wp\/v2\/types\/post"}],"author":[{"embeddable":true,"href":"https:\/\/www.muniancud.cl\/portal\/wp-json\/wp\/v2\/users\/4"}],"replies":[{"embeddable":true,"href":"https:\/\/www.muniancud.cl\/portal\/wp-json\/wp\/v2\/comments?post=25382"}],"version-history":[{"count":1,"href":"https:\/\/www.muniancud.cl\/portal\/wp-json\/wp\/v2\/posts\/25382\/revisions"}],"predecessor-version":[{"id":25383,"href":"https:\/\/www.muniancud.cl\/portal\/wp-json\/wp\/v2\/posts\/25382\/revisions\/25383"}],"wp:attachment":[{"href":"https:\/\/www.muniancud.cl\/portal\/wp-json\/wp\/v2\/media?parent=25382"}],"wp:term":[{"taxonomy":"category","embeddable":true,"href":"https:\/\/www.muniancud.cl\/portal\/wp-json\/wp\/v2\/categories?post=25382"},{"taxonomy":"post_tag","embeddable":true,"href":"https:\/\/www.muniancud.cl\/portal\/wp-json\/wp\/v2\/tags?post=25382"}],"curies":[{"name":"wp","href":"https:\/\/api.w.org\/{rel}","templated":true}]}}