{"id":25390,"date":"2019-07-30T09:42:31","date_gmt":"2019-07-30T13:42:31","guid":{"rendered":"https:\/\/www.muniancud.cl\/portal\/?p=25390"},"modified":"2019-08-01T19:50:34","modified_gmt":"2019-08-01T23:50:34","slug":"primera-version-gran-yoco-en-puente-quilo-rompe-estacionalidad-con-esplendida-asistencia-de-publico","status":"publish","type":"post","link":"https:\/\/www.muniancud.cl\/portal\/primera-version-gran-yoco-en-puente-quilo-rompe-estacionalidad-con-esplendida-asistencia-de-publico\/","title":{"rendered":"Primera Versi\u00f3n Gran Yoco en Puente Quilo rompe estacionalidad con espl\u00e9ndida asistencia de p\u00fablico"},"content":{"rendered":"<p>Este pasado s\u00e1bado y domingo se realiz\u00f3 el Primer Gran Yoco de Puente Quilo. Sector rural pr\u00f3ximo a la ciudad de Ancud, que cont\u00f3 con la visita de m\u00e1s de 1500 personas pese al temporal que el \u00faltimo d\u00eda se hizo presente. Condici\u00f3n clim\u00e1tica que no enturbi\u00f3 el desarrollo de las actividades y presentaciones de artistas convocados.<\/p>\n<p>La actividad organizada por la Agrupaci\u00f3n Cultural y Tur\u00edstica Seraf\u00edn Gonz\u00e1lez del sector Puente Quilo, cont\u00f3 con el apoyo de la Ilustre Municipalidad de Ancud y la Corporaci\u00f3n Cultural, quienes junto a vecinos y familias crearon un marco ideal para una fiesta costumbrista, que cont\u00f3 con gastronom\u00eda, m\u00fasica, costumbres y actividades t\u00edpicas de la cultura chilota. Todo amenizado por la presentaci\u00f3n del D\u00fao Ilusi\u00f3n el primer d\u00eda, y con el Humorista de la Patagonia, el Rolo. Adem\u00e1s, de artistas locales que con folclor y danzas t\u00edpicas llenaron el ambiente de m\u00fasica y tradiciones.<\/p>\n<p>As\u00ed lo describe Nicol Gonz\u00e1lez coordinadora del evento e integrante de la organizaci\u00f3n del Primer Yoco de Puente Quilo, relatando que la tradici\u00f3n se hizo presente, pese al mal tiempo. \u00a0\u201c<em>Tuvimos un s\u00e1bado lleno de gente y con muchos artistas, muchas actividades y un d\u00eda domingo lluvioso con viento que nos hizo escapar un poco los visitantes. Sin embargo, el d\u00eda domingo se hizo el Yoco realmente como es el Yoco. Y la gente fue a buscar su comida y se la llevaba para su casa, porque en realidad, las condiciones clim\u00e1ticas fueron muy adversas. En general el evento sali\u00f3 favorable para nosotros, estamos muy agradecidos del p\u00fablico que tuvimos y tambi\u00e9n de la municipalidad por el apoyo. El humorista y cantautor, el Rolo tambi\u00e9n se present\u00f3, y como lo dijo el Rolo, Chilo\u00e9 es el sur y estamos dispuesto a este tema de la lluvia. Finamente es invierno y es el sur<\/em>\u201d, destac\u00f3 Nicol Gonz\u00e1lez.<\/p>\n<p>A\u00fan falta la evaluaci\u00f3n definitiva sobre el evento en su conjunto, incluyendo a todos los actores involucrados. Al t\u00e9rmino de la actividad costumbrista, Gonz\u00e1lez grafic\u00f3 la percepci\u00f3n del d\u00eda domingo. \u201c<em>La gente estaba contenta, y aparte que es una primera vez. Todos est\u00e1bamos apostando a algo que era totalmente dudoso. No ten\u00edamos la certeza que nos iba a ir bien, que la gente iba a llegar. Entonces la gente se siente con un sabor a querer mejorar a seguir haciendo las cosas, a que esto perdure en el tiempo y cada vez ir mejorando este evento. O sea, es nuestro primer evento y estamos con la intenci\u00f3n de poder seguir con esto<\/em>\u201d.<\/p>\n<p>Sobre un pr\u00f3ximo evento costumbrista y de la relaci\u00f3n con la gesti\u00f3n municipal del alcalde G\u00f3mez, la Agrupaci\u00f3n proyecta el trabajo en conjunto. \u201c<em>Queremos arriesgarnos ha hacer otro evento. Obviamente esto tenemos que conversarlo con los dem\u00e1s locatarios de los dem\u00e1s m\u00f3dulos, con la agrupaci\u00f3n Seraf\u00edn Gonz\u00e1lez y para poder presentarlo a la municipalidad. Ellos nos han apoyado en todo hasta el momento, pero hay que presentarlo y ver si podemos sacar un evento m\u00e1s durante este a\u00f1o<\/em>\u201d, adelant\u00f3 Nicol Gonz\u00e1lez de la Agrupaci\u00f3n Cultural y Tur\u00edstica Seraf\u00edn Gonz\u00e1lez de Puente Quilo en la comuna de Ancud.<\/p>\n","protected":false},"excerpt":{"rendered":"<p>Este pasado s\u00e1bado y domingo se realiz\u00f3 el Primer Gran Yoco de Puente Quilo. Sector rural pr\u00f3ximo a la ciudad de Ancud, que cont\u00f3 con la visita de m\u00e1s de 1500 personas pese al temporal que el \u00faltimo d\u00eda se hizo presente. Condici\u00f3n clim\u00e1tica que no enturbi\u00f3 el desarrollo de las actividades y presentaciones de [&hellip;]<\/p>\n","protected":false},"author":4,"featured_media":25391,"comment_status":"closed","ping_status":"closed","sticky":false,"template":"","format":"standard","meta":{"footnotes":""},"categories":[4],"tags":[],"class_list":["post-25390","post","type-post","status-publish","format-standard","has-post-thumbnail","hentry","category-sala-de-prensa"],"_links":{"self":[{"href":"https:\/\/www.muniancud.cl\/portal\/wp-json\/wp\/v2\/posts\/25390","targetHints":{"allow":["GET"]}}],"collection":[{"href":"https:\/\/www.muniancud.cl\/portal\/wp-json\/wp\/v2\/posts"}],"about":[{"href":"https:\/\/www.muniancud.cl\/portal\/wp-json\/wp\/v2\/types\/post"}],"author":[{"embeddable":true,"href":"https:\/\/www.muniancud.cl\/portal\/wp-json\/wp\/v2\/users\/4"}],"replies":[{"embeddable":true,"href":"https:\/\/www.muniancud.cl\/portal\/wp-json\/wp\/v2\/comments?post=25390"}],"version-history":[{"count":1,"href":"https:\/\/www.muniancud.cl\/portal\/wp-json\/wp\/v2\/posts\/25390\/revisions"}],"predecessor-version":[{"id":25392,"href":"https:\/\/www.muniancud.cl\/portal\/wp-json\/wp\/v2\/posts\/25390\/revisions\/25392"}],"wp:featuredmedia":[{"embeddable":true,"href":"https:\/\/www.muniancud.cl\/portal\/wp-json\/wp\/v2\/media\/25391"}],"wp:attachment":[{"href":"https:\/\/www.muniancud.cl\/portal\/wp-json\/wp\/v2\/media?parent=25390"}],"wp:term":[{"taxonomy":"category","embeddable":true,"href":"https:\/\/www.muniancud.cl\/portal\/wp-json\/wp\/v2\/categories?post=25390"},{"taxonomy":"post_tag","embeddable":true,"href":"https:\/\/www.muniancud.cl\/portal\/wp-json\/wp\/v2\/tags?post=25390"}],"curies":[{"name":"wp","href":"https:\/\/api.w.org\/{rel}","templated":true}]}}