{"id":25520,"date":"2019-07-27T13:00:37","date_gmt":"2019-07-27T17:00:37","guid":{"rendered":"https:\/\/www.muniancud.cl\/portal\/?p=25520"},"modified":"2019-08-16T17:01:42","modified_gmt":"2019-08-16T21:01:42","slug":"municipio-firma-acuerdo-con-colegio-de-profesores","status":"publish","type":"post","link":"https:\/\/www.muniancud.cl\/portal\/municipio-firma-acuerdo-con-colegio-de-profesores\/","title":{"rendered":"Municipio firma acuerdo con Colegio de Profesores"},"content":{"rendered":"<p>La Ilustre Municipalidad de Ancud representada por el alcalde Carlos G\u00f3mez en su calidad de presidente de la Corporaci\u00f3n de Educaci\u00f3n, Salud y Atenci\u00f3n al menor, junto a representantes del Colegio de Profesores de Ancud, firman acuerdo que pone fin a la paralizaci\u00f3n que mantuvo m\u00e1s de 50 d\u00edas en movilizaci\u00f3n al gremio de profesores de la comuna. A trav\u00e9s de esta iniciativa, se establecieron seis importantes compromisos en respuesta local a las demandas de los docentes.<\/p>\n<p>Entre los acuerdos estipulados, el municipio de Ancud efectuar\u00e1 un aporte municipal a la Corporaci\u00f3n de Educaci\u00f3n de $150.000.000 para el pago de cotizaciones previsionales y de salud para los beneficiarios del plan retiro voluntario para docentes y asistentes de la educaci\u00f3n. Adem\u00e1s, se acuerda el ajuste de la dotaci\u00f3n, \u00a0de acuerdo al plan de retiro de docentes y asistentes de la educaci\u00f3n. No reemplazado los cargos vacantes. A su vez, se destinar\u00e1 el 90% de los recursos del FAEP 2019.<\/p>\n<p>La Corporaci\u00f3n Municipal, adem\u00e1s, presentar\u00e1 el plan de recuperaci\u00f3n de clases por paralizaci\u00f3n de actividades al Departamento Provincial de Educaci\u00f3n, quedando a la espera de la aprobaci\u00f3n del organismo.<\/p>\n<p>Otro punto importante\u00a0 es mantener en el plan de estudio de ense\u00f1anza media con las asignaturas de Historia, Artes y Educaci\u00f3n f\u00edsica se mantendr\u00e1n tal como se imparte en la actualidad, con car\u00e1cter obligatorio. Por \u00faltimo, \u00a0se acord\u00f3 constituir una mesa de trabajo cuando se requiera para tratar temas relacionados entre ambas instituciones.<\/p>\n<p>Dentro de las demandas prioritarias en el sector de educaci\u00f3n, el pago de las cotizaciones previsionales y de salud para los funcionarios bajo plan de retiro voluntario, fue uno de los puntos m\u00e1s importantes se\u00f1alado por el alcalde Carlos G\u00f3mez. \u201c<em>El municipio va a destinar 150 millones para el pago de las cotizaciones previsionales y de salud para todos aquellos funcionarios que se han acogido y est\u00e1n aprobados hoy d\u00eda por el Ministerio de Educaci\u00f3n para el plan de retiro. En el caso de nuestra Corporaci\u00f3n son diez, 7 docentes y 3 asistentes de la educaci\u00f3n, para que estos funcionarios puedan una vez que recepcionemos los recursos por parte del Ministerio, irse del sistema o dejar el sistema, necesitamos tener el pago de sus cotizaciones previsionales y de salud al d\u00eda, ese compromiso se est\u00e1 ratificando a trav\u00e9s de este acuerdo<\/em>\u201d, recalc\u00f3 el edil.<\/p>\n<p>Leonel Fritz Presidente del Colegio de Profesores eval\u00fao la iniciativa y los acuerdos pactados. \u201c<em>Indudablemente que estamos conformes con la firma de este compromiso, esto es producto de la paralizaci\u00f3n de las actividades que tuvimos por 50 d\u00edas los profesores del pa\u00eds, la cual termin\u00f3 con la consulta que se realiz\u00f3 el d\u00eda de ayer.<\/em> <em>Consideremos que dentro de este acuerdo, es un tema relevante el de la seguridad que van a tener estos 7 profesores m\u00e1s los 3 asistentes de la educaci\u00f3n. Quienes podr\u00e1n tener acceso al bono de retiro, se sabe que si estas personas no tienen pagadas las cotizaciones no se pueden ir, no pueden dejar el servicio. La Municipalidad est\u00e1 haciendo un compromiso, que va a transferir recursos a la Corporaci\u00f3n para que estos funcionarios puedan acogerse a este recurso\u201d, <\/em>se\u00f1al\u00f3 Leonel Fritz.<\/p>\n","protected":false},"excerpt":{"rendered":"<p>La Ilustre Municipalidad de Ancud representada por el alcalde Carlos G\u00f3mez en su calidad de presidente de la Corporaci\u00f3n de Educaci\u00f3n, Salud y Atenci\u00f3n al menor, junto a representantes del Colegio de Profesores de Ancud, firman acuerdo que pone fin a la paralizaci\u00f3n que mantuvo m\u00e1s de 50 d\u00edas en movilizaci\u00f3n al gremio de profesores [&hellip;]<\/p>\n","protected":false},"author":4,"featured_media":25521,"comment_status":"closed","ping_status":"closed","sticky":false,"template":"","format":"standard","meta":{"footnotes":""},"categories":[25,4],"tags":[],"class_list":["post-25520","post","type-post","status-publish","format-standard","has-post-thumbnail","hentry","category-educacion","category-sala-de-prensa"],"_links":{"self":[{"href":"https:\/\/www.muniancud.cl\/portal\/wp-json\/wp\/v2\/posts\/25520","targetHints":{"allow":["GET"]}}],"collection":[{"href":"https:\/\/www.muniancud.cl\/portal\/wp-json\/wp\/v2\/posts"}],"about":[{"href":"https:\/\/www.muniancud.cl\/portal\/wp-json\/wp\/v2\/types\/post"}],"author":[{"embeddable":true,"href":"https:\/\/www.muniancud.cl\/portal\/wp-json\/wp\/v2\/users\/4"}],"replies":[{"embeddable":true,"href":"https:\/\/www.muniancud.cl\/portal\/wp-json\/wp\/v2\/comments?post=25520"}],"version-history":[{"count":1,"href":"https:\/\/www.muniancud.cl\/portal\/wp-json\/wp\/v2\/posts\/25520\/revisions"}],"predecessor-version":[{"id":25522,"href":"https:\/\/www.muniancud.cl\/portal\/wp-json\/wp\/v2\/posts\/25520\/revisions\/25522"}],"wp:featuredmedia":[{"embeddable":true,"href":"https:\/\/www.muniancud.cl\/portal\/wp-json\/wp\/v2\/media\/25521"}],"wp:attachment":[{"href":"https:\/\/www.muniancud.cl\/portal\/wp-json\/wp\/v2\/media?parent=25520"}],"wp:term":[{"taxonomy":"category","embeddable":true,"href":"https:\/\/www.muniancud.cl\/portal\/wp-json\/wp\/v2\/categories?post=25520"},{"taxonomy":"post_tag","embeddable":true,"href":"https:\/\/www.muniancud.cl\/portal\/wp-json\/wp\/v2\/tags?post=25520"}],"curies":[{"name":"wp","href":"https:\/\/api.w.org\/{rel}","templated":true}]}}