{"id":25916,"date":"2019-11-04T09:05:44","date_gmt":"2019-11-04T12:05:44","guid":{"rendered":"https:\/\/www.muniancud.cl\/portal\/?p=25916"},"modified":"2020-06-08T11:02:32","modified_gmt":"2020-06-08T15:02:32","slug":"concurso-publico-1-profesional-trabajador-social","status":"publish","type":"post","link":"https:\/\/www.muniancud.cl\/portal\/concurso-publico-1-profesional-trabajador-social\/","title":{"rendered":"Resultado \u2013 1 Profesional Trabajador Social"},"content":{"rendered":"<div class=\"wpb-content-wrapper\"><p>[vc_row][vc_column][vc_message message_box_style=\u00bbsolid\u00bb message_box_color=\u00bbjuicy_pink\u00bb]Estado del Concurso: Finalizado[\/vc_message][vc_column_text]La Municipalidad de Ancud, llama a Concurso P\u00fablico para la provisi\u00f3n del Profesional Trabajador Social para Programa de Prevenci\u00f3n Selectiva e Indicada Actuar a Tiempo, comuna de Ancud, Regi\u00f3n de Los Lagos.<\/p>\n<ul class=\"td-arrow-list\">\n<li><strong>Contrato :<\/strong> Honorarios Suma Alzada<\/li>\n<li><strong>N\u00b0 de cargos :<\/strong> Uno (1)<\/li>\n<li><strong>Jornada :<\/strong> 44 horas semanales<\/li>\n<li><strong>Ingreso:<\/strong> $842.868 bruto mensual<\/li>\n<\/ul>\n<p>Los\/as interesados\/as en postular deben hacer llegar\u00a0<strong>sus antecedentes<\/strong>\u00a0en sobre cerrado a la Ilustre Municipalidad de Ancud, \u00a0ubicada en\u00a0calle Blanco Encalada n\u00b0660, Ancud indicando el cargo al cual se postula.<\/p>\n<p>El plazo para la recepci\u00f3n de antecedentes se llevar\u00e1 a efecto desde el\u00a0<strong>viernes 04 de Octubre de 2019 hasta el Viernes 11 de Octubre de 2019<\/strong>, en los siguientes horarios:<\/p>\n<p>Lunes\u00a0a\u00a0jueves\u00a0de 08:00 a 13:00 horas y de 14:30 a 17:00 y el d\u00eda viernes de 08:00 a 13:00[\/vc_column_text][vc_tta_accordion style=\u00bbflat\u00bb c_icon=\u00bbchevron\u00bb active_section=\u00bb3&#8243;][vc_tta_section title=\u00bbLlamado a Concurso P\u00fablico\u00bb tab_id=\u00bb1569501348920-7ae695ac-932a\u00bb][vc_btn title=\u00bbBases del Concurso P\u00fablico\u00bb style=\u00bbflat\u00bb color=\u00bbprimary\u00bb align=\u00bbleft\u00bb i_icon_fontawesome=\u00bbfa fa-cloud-download\u00bb button_block=\u00bbtrue\u00bb add_icon=\u00bbtrue\u00bb link=\u00bburl:https%3A%2F%2Fwww.muniancud.cl%2Fportal%2Fwp-content%2Fuploads%2F2019%2F10%2FConcurso-Profesional-Trabajador-Social-AAT-Ancud.pdf|title:Bases%20Concurso%20Publico%20Profesional%20Trabajador%20Social|target:%20_blank|\u00bb][\/vc_tta_section][vc_tta_section title=\u00bbEtapa Entrevistas\u00bb tab_id=\u00bb1571229737597-fdb8d0ff-f2a7&#8243;][vc_btn title=\u00bbComunicado Etapa Entrevistas\u00bb style=\u00bbflat\u00bb color=\u00bbprimary\u00bb align=\u00bbleft\u00bb i_icon_fontawesome=\u00bbfa fa-cloud-download\u00bb button_block=\u00bbtrue\u00bb add_icon=\u00bbtrue\u00bb link=\u00bburl:https%3A%2F%2Fwww.muniancud.cl%2Fportal%2Fwp-content%2Fuploads%2F2019%2F10%2FCOMUNICADO-ENTREVISTA-CONCURSO-SENDA-TRABAJADOR-SOCIAL.pdf||target:%20_blank|\u00bb][\/vc_tta_section][vc_tta_section title=\u00bbResultado\u00bb tab_id=\u00bb1572870295436-57fcf121-e8c7&#8243;][vc_btn title=\u00bbComunicado Resultado Final\u00bb style=\u00bbflat\u00bb color=\u00bbprimary\u00bb align=\u00bbleft\u00bb i_icon_fontawesome=\u00bbfa fa-cloud-download\u00bb button_block=\u00bbtrue\u00bb add_icon=\u00bbtrue\u00bb link=\u00bburl:https%3A%2F%2Fwww.muniancud.cl%2Fportal%2Fwp-content%2Fuploads%2F2019%2F11%2FRESULTADO-FINAL-CONCURSO-SENDA-2019.pdf||target:%20_blank|\u00bb][\/vc_tta_section][\/vc_tta_accordion][\/vc_column][\/vc_row]<\/p>\n<\/div>","protected":false},"excerpt":{"rendered":"<p>[vc_row][vc_column][vc_message message_box_style=\u00bbsolid\u00bb message_box_color=\u00bbjuicy_pink\u00bb]Estado del Concurso: Finalizado[\/vc_message][vc_column_text]La Municipalidad de Ancud, llama a Concurso P\u00fablico para la provisi\u00f3n del Profesional Trabajador Social para Programa de Prevenci\u00f3n Selectiva e Indicada Actuar a Tiempo, comuna de Ancud, Regi\u00f3n de Los Lagos. Contrato : Honorarios Suma Alzada N\u00b0 de cargos : Uno (1) Jornada : 44 horas semanales Ingreso: $842.868 [&hellip;]<\/p>\n","protected":false},"author":1,"featured_media":23109,"comment_status":"closed","ping_status":"closed","sticky":false,"template":"","format":"standard","meta":{"footnotes":""},"categories":[16],"tags":[],"class_list":["post-25916","post","type-post","status-publish","format-standard","has-post-thumbnail","hentry","category-concursos-publicos"],"_links":{"self":[{"href":"https:\/\/www.muniancud.cl\/portal\/wp-json\/wp\/v2\/posts\/25916","targetHints":{"allow":["GET"]}}],"collection":[{"href":"https:\/\/www.muniancud.cl\/portal\/wp-json\/wp\/v2\/posts"}],"about":[{"href":"https:\/\/www.muniancud.cl\/portal\/wp-json\/wp\/v2\/types\/post"}],"author":[{"embeddable":true,"href":"https:\/\/www.muniancud.cl\/portal\/wp-json\/wp\/v2\/users\/1"}],"replies":[{"embeddable":true,"href":"https:\/\/www.muniancud.cl\/portal\/wp-json\/wp\/v2\/comments?post=25916"}],"version-history":[{"count":6,"href":"https:\/\/www.muniancud.cl\/portal\/wp-json\/wp\/v2\/posts\/25916\/revisions"}],"predecessor-version":[{"id":27623,"href":"https:\/\/www.muniancud.cl\/portal\/wp-json\/wp\/v2\/posts\/25916\/revisions\/27623"}],"wp:featuredmedia":[{"embeddable":true,"href":"https:\/\/www.muniancud.cl\/portal\/wp-json\/wp\/v2\/media\/23109"}],"wp:attachment":[{"href":"https:\/\/www.muniancud.cl\/portal\/wp-json\/wp\/v2\/media?parent=25916"}],"wp:term":[{"taxonomy":"category","embeddable":true,"href":"https:\/\/www.muniancud.cl\/portal\/wp-json\/wp\/v2\/categories?post=25916"},{"taxonomy":"post_tag","embeddable":true,"href":"https:\/\/www.muniancud.cl\/portal\/wp-json\/wp\/v2\/tags?post=25916"}],"curies":[{"name":"wp","href":"https:\/\/api.w.org\/{rel}","templated":true}]}}