{"id":26033,"date":"2019-10-26T10:37:17","date_gmt":"2019-10-26T13:37:17","guid":{"rendered":"https:\/\/www.muniancud.cl\/portal\/?p=26033"},"modified":"2019-10-26T15:02:15","modified_gmt":"2019-10-26T18:02:15","slug":"servicio-de-recoleccion-de-residuos-solidos-domiciliarios-26-de-octubre","status":"publish","type":"post","link":"https:\/\/www.muniancud.cl\/portal\/servicio-de-recoleccion-de-residuos-solidos-domiciliarios-26-de-octubre\/","title":{"rendered":"Servicio de recolecci\u00f3n de Residuos S\u00f3lidos Domiciliarios 26 de octubre"},"content":{"rendered":"<div>\n<div class=\"\">\n<div class=\"_1mf _1mj\">El servicio de recolecci\u00f3n de Residuos S\u00f3lidos domiciliarios de\u00a0<span id=\"OBJ_PREFIX_DWT826_com_zimbra_date\" class=\"Object\"><span id=\"OBJ_PREFIX_DWT890_com_zimbra_date\" class=\"Object\">hoy<\/span><\/span>\u00a0<span id=\"OBJ_PREFIX_DWT891_com_zimbra_date\" class=\"Object\">s\u00e1<\/span>bado\u00a0<span id=\"OBJ_PREFIX_DWT827_com_zimbra_date\" class=\"Object\"><span id=\"OBJ_PREFIX_DWT892_com_zimbra_date\" class=\"Object\">26 de octubre<\/span><\/span>\u00a0corresponde a los sectores rurales pendientes del\u00a0<span id=\"OBJ_PREFIX_DWT828_com_zimbra_date\" class=\"Object\"><span id=\"OBJ_PREFIX_DWT893_com_zimbra_date\" class=\"Object\">mi<\/span><\/span>\u00e9rcoles 23.<\/div>\n<\/div>\n<div class=\"\">\n<div class=\"_1mf _1mj\">El servicio de recolecci\u00f3n est\u00e1 en labores desde las\u00a009:00 hrs.<\/div>\n<\/div>\n<div class=\"\">\n<div class=\"_1mf _1mj\"><\/div>\n<\/div>\n<div class=\"\">\n<div class=\"_1mf _1mj\">Le reiteramos, estas medidas obedecen a una resoluci\u00f3n sanitaria establecida por la autoridad de salud regional, en el marco de la alerta sanitaria que rige para Chilo\u00e9, y que permita recolectar con solo 3 (tres) camiones para toda la comuna. Si a\u00fan no pasan por su sector, recuerde dejar los Residuos dentro de un contenedor con tapa a la espera del paso del cami\u00f3n. No deje desechos en la v\u00eda p\u00fablica o colgados en cercos.<\/div>\n<\/div>\n<div class=\"\">\n<div class=\"_1mf _1mj\"><\/div>\n<\/div>\n<div class=\"\">\n<div class=\"_1mf _1mj\">Reiteramos el llamado a:<\/div>\n<\/div>\n<div class=\"\">\n<div class=\"_1mf _1mj\">Reducir al m\u00e1ximo, desechando s\u00f3lo lo necesario.<\/div>\n<\/div>\n<div class=\"\">\n<div class=\"_1mf _1mj\">Reutilizar, no bote papeles y cartones.<\/div>\n<\/div>\n<div class=\"\">\n<div class=\"_1mf _1mj\">Reciclar, todos los materiales que puedan tener una segunda utilizaci\u00f3n.<\/div>\n<\/div>\n<\/div>\n<div>SECTORES RURALES PARA RECOLECCI\u00d3N<\/div>\n<p>&nbsp;<\/p>\n<div>MECHAICO, PUNTRA (ESTACI\u00d3N Y CAJUNCO), CHEPU, COIPOM\u00d3, DEGA\u00d1, Y RUTA 5 HASTA DE RETORNO A ANCUD.<\/div>\n<p>&nbsp;<\/p>\n<div>\n<div class=\"\">\n<div class=\"_1mf _1mj\">Nuevamente le reiteramos el llamado a:<\/div>\n<\/div>\n<div class=\"\">\n<div class=\"_1mf _1mj\">Reducir al m\u00e1ximo, desechando s\u00f3lo lo necesario.<\/div>\n<\/div>\n<div class=\"\">\n<div class=\"_1mf _1mj\">Reutilizar, no bote papeles y cartones.<\/div>\n<\/div>\n<div class=\"\">\n<div class=\"_1mf _1mj\">Reciclar, todos los materiales que puedan tener una segunda utilizaci\u00f3n.<\/div>\n<\/div>\n<div class=\"\">\n<div class=\"_1mf _1mj\"><\/div>\n<\/div>\n<div class=\"\">\n<div class=\"_1mf _1mj\">Mapa Online para Cuadrantes y puntos de acopio y reciclaje.<\/div>\n<\/div>\n<div class=\"\">\n<div class=\"_1mf _1mj\"><span id=\"OBJ_PREFIX_DWT829_com_zimbra_url\" class=\"Object\"><span id=\"OBJ_PREFIX_DWT894_com_zimbra_url\" class=\"Object\"><a href=\"https:\/\/www.google.com\/maps\/d\/u\/0\/viewer?hl=es&amp;mid=1HxEPnEKA74EbzjFELx87zTJ1m4-Hto1s&amp;ll=-41.858195061902904%2C-73.78723943308495&amp;z=13&amp;fbclid=IwAR3dko0QVFOrRR-2dezqs_C1CzGyWsKl2udSTvur8gvnkhb-hZE4PjO8bGY\" target=\"_blank\" rel=\"noopener noreferrer\">https:\/\/www.google.com\/maps\/d\/u\/0\/viewer?hl=es&amp;mid=1HxEPnEKA74EbzjFELx87zTJ1m4-Hto1s&amp;ll=-41.858195061902904%2C-73.78723943308495&amp;z=13&amp;fbclid=IwAR3dko0QVFOrRR-2dezqs_C1CzGyWsKl2udSTvur8gvnkhb-hZE4PjO8bGY<\/a><\/span><\/span><\/div>\n<\/div>\n<div class=\"\">\n<div class=\"_1mf _1mj\"><\/div>\n<\/div>\n<div class=\"\">\n<div class=\"_1mf _1mj\">Coordine operativos vecinales para el retiro de Chatarra o escombros, con la Direcci\u00f3n de Aseo y Ornato de la Ilustre Municipalidad de Ancud.<\/div>\n<\/div>\n<div class=\"\">\n<div class=\"_1mf _1mj\">Tel\u00e9fono: 65-2487669<\/div>\n<\/div>\n<div class=\"\">\n<div class=\"_1mf _1mj\">Consultas directas al WhatsApp\u00a0<span id=\"OBJ_PREFIX_DWT830_com_zimbra_phone\" class=\"Object-hover\"><a href=\"+5696760450\">+5696760450<\/a><\/span><\/div>\n<div><img loading=\"lazy\" decoding=\"async\" class=\"alignnone wp-image-25777 size-large\" src=\"https:\/\/www.muniancud.cl\/portal\/wp-content\/uploads\/2019\/09\/Recoleccio\u0301n-Residuos-So\u0301lidos-Domiciliarios-camnios-1024x736.png\" alt=\"\" width=\"696\" height=\"500\" srcset=\"https:\/\/www.muniancud.cl\/portal\/wp-content\/uploads\/2019\/09\/Recoleccio\u0301n-Residuos-So\u0301lidos-Domiciliarios-camnios-1024x736.png 1024w, https:\/\/www.muniancud.cl\/portal\/wp-content\/uploads\/2019\/09\/Recoleccio\u0301n-Residuos-So\u0301lidos-Domiciliarios-camnios-300x216.png 300w, https:\/\/www.muniancud.cl\/portal\/wp-content\/uploads\/2019\/09\/Recoleccio\u0301n-Residuos-So\u0301lidos-Domiciliarios-camnios-768x552.png 768w, https:\/\/www.muniancud.cl\/portal\/wp-content\/uploads\/2019\/09\/Recoleccio\u0301n-Residuos-So\u0301lidos-Domiciliarios-camnios-696x500.png 696w, https:\/\/www.muniancud.cl\/portal\/wp-content\/uploads\/2019\/09\/Recoleccio\u0301n-Residuos-So\u0301lidos-Domiciliarios-camnios-1068x767.png 1068w, https:\/\/www.muniancud.cl\/portal\/wp-content\/uploads\/2019\/09\/Recoleccio\u0301n-Residuos-So\u0301lidos-Domiciliarios-camnios-585x420.png 585w, https:\/\/www.muniancud.cl\/portal\/wp-content\/uploads\/2019\/09\/Recoleccio\u0301n-Residuos-So\u0301lidos-Domiciliarios-camnios-1920x1380.png 1920w\" sizes=\"auto, (max-width: 696px) 100vw, 696px\" \/><\/div>\n<div><img loading=\"lazy\" decoding=\"async\" class=\"alignnone wp-image-25665 size-large\" src=\"https:\/\/www.muniancud.cl\/portal\/wp-content\/uploads\/2019\/09\/Manejo-RSD-Puntos-de-reciclaje-1-1024x618.jpg\" alt=\"\" width=\"696\" height=\"420\" srcset=\"https:\/\/www.muniancud.cl\/portal\/wp-content\/uploads\/2019\/09\/Manejo-RSD-Puntos-de-reciclaje-1-1024x618.jpg 1024w, https:\/\/www.muniancud.cl\/portal\/wp-content\/uploads\/2019\/09\/Manejo-RSD-Puntos-de-reciclaje-1-300x181.jpg 300w, https:\/\/www.muniancud.cl\/portal\/wp-content\/uploads\/2019\/09\/Manejo-RSD-Puntos-de-reciclaje-1-768x464.jpg 768w, https:\/\/www.muniancud.cl\/portal\/wp-content\/uploads\/2019\/09\/Manejo-RSD-Puntos-de-reciclaje-1-696x420.jpg 696w, https:\/\/www.muniancud.cl\/portal\/wp-content\/uploads\/2019\/09\/Manejo-RSD-Puntos-de-reciclaje-1-1068x645.jpg 1068w, https:\/\/www.muniancud.cl\/portal\/wp-content\/uploads\/2019\/09\/Manejo-RSD-Puntos-de-reciclaje-1-1920x1159.jpg 1920w\" sizes=\"auto, (max-width: 696px) 100vw, 696px\" \/><\/div>\n<\/div>\n<\/div>\n","protected":false},"excerpt":{"rendered":"<p>El servicio de recolecci\u00f3n de Residuos S\u00f3lidos domiciliarios de\u00a0hoy\u00a0s\u00e1bado\u00a026 de octubre\u00a0corresponde a los sectores rurales pendientes del\u00a0mi\u00e9rcoles 23. El servicio de recolecci\u00f3n est\u00e1 en labores desde las\u00a009:00 hrs. Le reiteramos, estas medidas obedecen a una resoluci\u00f3n sanitaria establecida por la autoridad de salud regional, en el marco de la alerta sanitaria que rige para Chilo\u00e9, [&hellip;]<\/p>\n","protected":false},"author":4,"featured_media":0,"comment_status":"closed","ping_status":"closed","sticky":false,"template":"","format":"standard","meta":{"footnotes":""},"categories":[37],"tags":[],"class_list":["post-26033","post","type-post","status-publish","format-standard","hentry","category-alerta-sanitaria"],"_links":{"self":[{"href":"https:\/\/www.muniancud.cl\/portal\/wp-json\/wp\/v2\/posts\/26033","targetHints":{"allow":["GET"]}}],"collection":[{"href":"https:\/\/www.muniancud.cl\/portal\/wp-json\/wp\/v2\/posts"}],"about":[{"href":"https:\/\/www.muniancud.cl\/portal\/wp-json\/wp\/v2\/types\/post"}],"author":[{"embeddable":true,"href":"https:\/\/www.muniancud.cl\/portal\/wp-json\/wp\/v2\/users\/4"}],"replies":[{"embeddable":true,"href":"https:\/\/www.muniancud.cl\/portal\/wp-json\/wp\/v2\/comments?post=26033"}],"version-history":[{"count":1,"href":"https:\/\/www.muniancud.cl\/portal\/wp-json\/wp\/v2\/posts\/26033\/revisions"}],"predecessor-version":[{"id":26034,"href":"https:\/\/www.muniancud.cl\/portal\/wp-json\/wp\/v2\/posts\/26033\/revisions\/26034"}],"wp:attachment":[{"href":"https:\/\/www.muniancud.cl\/portal\/wp-json\/wp\/v2\/media?parent=26033"}],"wp:term":[{"taxonomy":"category","embeddable":true,"href":"https:\/\/www.muniancud.cl\/portal\/wp-json\/wp\/v2\/categories?post=26033"},{"taxonomy":"post_tag","embeddable":true,"href":"https:\/\/www.muniancud.cl\/portal\/wp-json\/wp\/v2\/tags?post=26033"}],"curies":[{"name":"wp","href":"https:\/\/api.w.org\/{rel}","templated":true}]}}