{"id":26035,"date":"2019-10-28T08:57:25","date_gmt":"2019-10-28T11:57:25","guid":{"rendered":"https:\/\/www.muniancud.cl\/portal\/?p=26035"},"modified":"2019-10-28T09:02:06","modified_gmt":"2019-10-28T12:02:06","slug":"servicio-de-recoleccion-de-residuos-solidos-domiciliarios-28-de-octubre","status":"publish","type":"post","link":"https:\/\/www.muniancud.cl\/portal\/servicio-de-recoleccion-de-residuos-solidos-domiciliarios-28-de-octubre\/","title":{"rendered":"Servicio de recolecci\u00f3n de Residuos S\u00f3lidos Domiciliarios 28 de octubre"},"content":{"rendered":"<p>El servicio de recolecci\u00f3n de Residuos S\u00f3lidos domiciliarios de hoy lunes 28 de octubre corresponde a los cuadrantes 1 y 2.<\/p>\n<div class=\"text_exposed_show\">\n<p>El servicio de recolecci\u00f3n est\u00e1 en labores desde las 08:15 hrs.<\/p>\n<p>Reiteramos el llamado a:<br \/>\nReducir al m\u00e1ximo, desechando s\u00f3lo lo necesario.<br \/>\nReutilizar, no bote papeles y cartones.<br \/>\nReciclar, todos los materiales que puedan tener una segunda utilizaci\u00f3n.<\/p>\n<p>CUADRANTE 1<br \/>\nEl cuadrante uno, corresponde a todas las viviendas comprendidas en el sector que cubre Arena Gruesa hasta Fuerte San Antonio, incluyendo Villa Fuerte Real. Sigue por el lado norte de esta calle para conectar con Baquedano, y bajar por calle O\u2019Higgins en direcci\u00f3n a la intersecci\u00f3n con Pedro Montt. Contin\u00faa por Almirante Latorre hasta Villa Las Araucarias y cubrir Villa Nueva Galicia. Abarca el costado del cerro Huaihuen que incorpora la poblaci\u00f3n Goleta Sebastiana, Casamar 1 y 2, Vista Hermosa y Jos\u00e9 Joaqu\u00edn Prieto. Este cuadrante comprende tambi\u00e9n las poblaciones de Bonilla, Borquez Solar y 22 de Mayo. Y todas las calles y pasajes al interior del sector.<\/p>\n<p>CUADRANTE 2<br \/>\nEl cuadrante dos corresponde el centro de Ancud. Este, est\u00e1 delimitado por la costanera Salvador Allende hasta calle Yungay, subiendo hasta la intersecci\u00f3n de Los Carreras. Sigue por calle Yerbas Buenas, hasta Err\u00e1zuriz, baja hacia el centro por calle Pudeto y conecta con calle San Carlos. Desde ah\u00ed por An\u00edbal Pinto, para continuar por calle Esmeralda, a un costado del Gimnasio fiscal hasta el encuentro con Almirante Latorre, cubriendo todo el lado sur de esta, hasta la intersecci\u00f3n con Baquedano. Para gira por San Antonio, y retornar por Lord Cochrane en direcci\u00f3n al muelle y la Costanera.<\/p>\n<p>Nuevamente le reiteramos el llamado a:<br \/>\nReducir al m\u00e1ximo, desechando s\u00f3lo lo necesario.<br \/>\nReutilizar, no bote papeles y cartones.<br \/>\nReciclar, todos los materiales que puedan tener una segunda utilizaci\u00f3n.<\/p>\n<p>Mapa Online para Cuadrantes y puntos de acopio y reciclaje.<br \/>\n<a href=\"https:\/\/www.google.com\/maps\/d\/u\/0\/viewer?hl=es&amp;mid=1HxEPnEKA74EbzjFELx87zTJ1m4-Hto1s&amp;ll=-41.858195061902904%2C-73.78723943308495&amp;z=13&amp;fbclid=IwAR0TBfS6uwDn2x7UzBhaftaRbxvPhOhHoUlyXoKngpWiIPjpW0KNlPbCfKU\" target=\"_blank\" rel=\"noopener nofollow noreferrer\" data-ft=\"{&quot;tn&quot;:&quot;-U&quot;}\" data-lynx-mode=\"async\" data-lynx-uri=\"https:\/\/l.facebook.com\/l.php?u=https%3A%2F%2Fwww.google.com%2Fmaps%2Fd%2Fu%2F0%2Fviewer%3Fhl%3Des%26mid%3D1HxEPnEKA74EbzjFELx87zTJ1m4-Hto1s%26ll%3D-41.858195061902904%252C-73.78723943308495%26z%3D13%26fbclid%3DIwAR0TBfS6uwDn2x7UzBhaftaRbxvPhOhHoUlyXoKngpWiIPjpW0KNlPbCfKU&amp;h=AT1uiYCJk1j92Zq0KNcAB5zZH-9wV_iPBWrnmctLBiaL6MwyAJWLnpAb2qBdS7kd8Eyq5LXibbsMJtzv6KwScxDu9bjJccnpKKKLHyKTrdxTqcpASS2v0c2YLA9qW2zk4FvlhfQR0A14DPAA9Lw31e6NixB1Bq0dVzsEnDwhbmqHGsH0MOStvAn4f22YFWEBaPXib2gzgd-gb75p0q7ZUs0ZgsyS10wf7qbzV7KY5Htb66OqZ1mc7AiQBo7hupRUOSVkEM2BYysFB2J6khhkoG23h6nLHRCZF9_7D-umFzgN_Ym9nnCipjE-fNC6X9kVKwJLeO1CCopr9HpMNX655UpbHEk8v49cfJ6nUprhS1AEDcI48OYJzC2Mh9zk23fLBMV7lCr-x2p96t02emmVPdJabXQ2RjW1HEadE9cdSJBOZDpV8WHBCOLKW2kGg1xLXtJXeL803Kj2-q8oM4GQTqVtH2ldCDWHaOrsS6hWi9g7aeGennP7s8PsydE5_WjARdovbc8sZzHhIuhlG5jUkGDaKiLSBveTK3mh_F6Spia5kO_T6riNf80264tgWPWXGqo2QpsHwd665zHSyADT4sS9CoJbeiMgiBkBSnNjICp0ISXCeEj46GrjYr6rWEjo6aNv9YCFB47NUOc\">https:\/\/www.google.com\/maps\/d\/u\/0\/viewer\u2026<\/a><\/p>\n<p>Coordine operativos vecinales para el retiro de Chatarra o escombros, con la Direcci\u00f3n de Aseo y Ornato de la Ilustre Municipalidad de Ancud.<br \/>\nTel\u00e9fono: 65-2487669<br \/>\nConsultas directas al WhatsApp +5696760450<\/p>\n<\/div>\n","protected":false},"excerpt":{"rendered":"<p>El servicio de recolecci\u00f3n de Residuos S\u00f3lidos domiciliarios de hoy lunes 28 de octubre corresponde a los cuadrantes 1 y 2. El servicio de recolecci\u00f3n est\u00e1 en labores desde las 08:15 hrs. Reiteramos el llamado a: Reducir al m\u00e1ximo, desechando s\u00f3lo lo necesario. Reutilizar, no bote papeles y cartones. Reciclar, todos los materiales que puedan [&hellip;]<\/p>\n","protected":false},"author":4,"featured_media":0,"comment_status":"closed","ping_status":"closed","sticky":false,"template":"","format":"standard","meta":{"footnotes":""},"categories":[37],"tags":[],"class_list":["post-26035","post","type-post","status-publish","format-standard","hentry","category-alerta-sanitaria"],"_links":{"self":[{"href":"https:\/\/www.muniancud.cl\/portal\/wp-json\/wp\/v2\/posts\/26035","targetHints":{"allow":["GET"]}}],"collection":[{"href":"https:\/\/www.muniancud.cl\/portal\/wp-json\/wp\/v2\/posts"}],"about":[{"href":"https:\/\/www.muniancud.cl\/portal\/wp-json\/wp\/v2\/types\/post"}],"author":[{"embeddable":true,"href":"https:\/\/www.muniancud.cl\/portal\/wp-json\/wp\/v2\/users\/4"}],"replies":[{"embeddable":true,"href":"https:\/\/www.muniancud.cl\/portal\/wp-json\/wp\/v2\/comments?post=26035"}],"version-history":[{"count":1,"href":"https:\/\/www.muniancud.cl\/portal\/wp-json\/wp\/v2\/posts\/26035\/revisions"}],"predecessor-version":[{"id":26036,"href":"https:\/\/www.muniancud.cl\/portal\/wp-json\/wp\/v2\/posts\/26035\/revisions\/26036"}],"wp:attachment":[{"href":"https:\/\/www.muniancud.cl\/portal\/wp-json\/wp\/v2\/media?parent=26035"}],"wp:term":[{"taxonomy":"category","embeddable":true,"href":"https:\/\/www.muniancud.cl\/portal\/wp-json\/wp\/v2\/categories?post=26035"},{"taxonomy":"post_tag","embeddable":true,"href":"https:\/\/www.muniancud.cl\/portal\/wp-json\/wp\/v2\/tags?post=26035"}],"curies":[{"name":"wp","href":"https:\/\/api.w.org\/{rel}","templated":true}]}}