{"id":26037,"date":"2019-10-28T09:54:29","date_gmt":"2019-10-28T12:54:29","guid":{"rendered":"https:\/\/www.muniancud.cl\/portal\/?p=26037"},"modified":"2019-10-29T11:03:51","modified_gmt":"2019-10-29T14:03:51","slug":"los-municipios-del-lado-de-las-personas","status":"publish","type":"post","link":"https:\/\/www.muniancud.cl\/portal\/los-municipios-del-lado-de-las-personas\/","title":{"rendered":"Los municipios del lado de las personas"},"content":{"rendered":"<p>El despertar ciudadano que se est\u00e1 viviendo a nivel nacional, nos recuerda una m\u00e1xima de la pol\u00edtica: los representantes, en toda la escala de la organizaci\u00f3n del Estado, se deben a la ciudadan\u00eda, y como tal, sus esfuerzos deben estar centrados en mejorar, cada d\u00eda, la calidad de vida de sus representados.<\/p>\n<p>Esta m\u00e1xima nos ayuda a comprender, en parte, el porqu\u00e9 de este estallido social. Independiente de las diferencias y afinidades pol\u00edticas existentes, varios concordamos en la desconexi\u00f3n que ha tenido la clase pol\u00edtica con las necesidades y demandas de la gente. A dos a\u00f1os de iniciado el actual gobierno, cuesta encontrar una nueva ley o pol\u00edtica p\u00fablica, con contenido social, implementada de acuerdo con las aspiraciones ciudadanas. El excesivo \u00e9nfasis en el crecimiento y la seguridad \u2013 tambi\u00e9n al debe \u2013, sin un discurso centrado en c\u00f3mo alcanzar mayor equidad y justicia social, llev\u00f3 a que la sociedad civil sintiera una distancia total de sus representantes, y las consecuencias est\u00e1n a la vista.<\/p>\n<p>Sin embargo, la desconexi\u00f3n con la ciudadan\u00eda que se ha observado por parte del nivel central, es contrario al trabajo 24\/7 que desarrollan los gobiernos locales, a trav\u00e9s de sus alcaldes, concejales y funcionarios municipales, quienes tenemos el contacto m\u00e1s directo y genuino con los territorios, con las poblaciones, con las juntas de vecinos, palpando d\u00eda a d\u00eda las necesidades reales y concretas de la gente, y siendo testigos de las profundas injusticias que vive nuestro pueblo.<\/p>\n<p>En este escenario, de abandono y vac\u00edo de representaci\u00f3n, a los municipios les ha correspondido jugar un papel fundamental, mediante la implementaci\u00f3n de diversas pol\u00edticas p\u00fablicas con un marcado \u00e9nfasis social, las que en muchos casos han venido a suplir derechos que deber\u00edan estar garantizados desde hace a\u00f1os. Desde la provisi\u00f3n de agua potable en sectores rurales, la construcci\u00f3n de colegios para nuestros ni\u00f1os, la edificaci\u00f3n de centros de atenci\u00f3n primaria de salud, la pavimentaci\u00f3n de calles, y un largo etc\u00e9tera, dan cuenta del trabajo social centrado en las personas que se realiza cada d\u00eda en beneficio directo de la comunidad.<\/p>\n<p>Misma situaci\u00f3n se observa en una parte importante de los municipios del pa\u00eds, donde los vecinos pueden ver a sus autoridades locales en el terreno, dise\u00f1ando estrategias para utilizar, de la manera m\u00e1s eficiente posible, los recursos muchas veces insuficientes que han sido asignados para la gesti\u00f3n municipal.<\/p>\n<p>En mi labor como alcalde de Ancud, y a pesar de todas las pol\u00edticas que hemos podido desarrollar en beneficio de nuestros vecinos, he sido testigo, por una parte, de las m\u00faltiples necesidades y leg\u00edtimas demandas que hoy tiene la comunidad, y por otra, de la desigual distribuci\u00f3n de los recursos asignados a los municipios a lo largo del pa\u00eds. Hace algunos d\u00edas hemos presenciado la donaci\u00f3n de mil millones de pesos que realiz\u00f3 la comuna de Las Condes, liderada por Joaqu\u00edn Lav\u00edn, a la comuna de La Pintana, comandada por la alcaldesa Claudia Pizarro. Sin duda, esta acci\u00f3n constituye un gesto loable y de mucha generosidad, no obstante, es una muestra palpable de que las iniquidades e injusticias existentes a nivel nacional, se hacen manifiestas tambi\u00e9n a nivel de los gobiernos locales \u00bfC\u00f3mo se puede explicar que mientras un municipio dispone de mil millones de pesos para donar, otros necesiten recursos adicionales para sobrellevar la crisis?<\/p>\n<p>Esto nos lleva a plantear, en l\u00ednea con lo se\u00f1alado por la Asociaci\u00f3n Chilena de Municipalidades al Presidente de la Rep\u00fablica, la necesidad urgente de una Reforma al Sistema Municipal, que nos permita disponer de mayores recursos, especialmente en aquellas comunas susceptibles de vulnerabilidades, aquellas con \u00edndices de pobreza superiores a la media nacional, aquellas que se encuentran en los extremos territoriales y que presentan dificultades de acceso, como es el caso de las comunas de la provincia de Chilo\u00e9. Es imprescindible para este alcalde, dar continuidad a las pol\u00edticas ya implementadas, pero para ello es necesario acceder a recursos econ\u00f3micos que actualmente no tenemos, realidad inexorable que nos obliga a seguir con d\u00e9ficit en temas tan sensibles como las cotizaciones de los profesores ancuditanos, situaci\u00f3n que se arrastra de gestiones pasadas y respecto de la cual he insistido de manera permanente a las autoridades nacionales. La calidad y la eficacia en nuestras pol\u00edticas comunales dependen de un compromiso y medidas concretas que deben adoptarse desde el Ejecutivo y reformularse en el Congreso, con modificaciones a la actual Constituci\u00f3n del Estado.<\/p>\n<p>\u00bfQui\u00e9n m\u00e1s que un chilote puede hablar de desigualdad si la vivimos todos los d\u00edas en nuestra isla? Hace falta hacer un recorrido durante los \u00faltimos a\u00f1os para entender que las demandas en salud y educaci\u00f3n en Chilo\u00e9 no han sido ni medianamente cubiertas. El centralismo del pa\u00eds se hace presente en la cotidianidad, cuando vemos que el costo de vida en nuestra isla es superior al de un chileno que reside en Santiago, dig\u00e1moslo claro, la pensi\u00f3n de un adulto mayor en Chilo\u00e9 vale menos que en otras partes del pa\u00eds, los padres se ven obligados a dejar marchar a sus hijos desde temprana edad para poder acceder a la educaci\u00f3n superior, con la ilusi\u00f3n de un futuro mejor, y las especialidades m\u00e9dicas deben ser resueltas en la capital regional porque en esta parte de Chile no existen m\u00e9dicos que las traten, lo que evidencia el abandono en que se encuentra, no tan solo nuestra comuna, sino que cientos de ellas a lo largo y ancho del pa\u00eds.<\/p>\n<p>La lucha de hoy, es para que aquellos que han sido postergados tengan las mismas oportunidades de ser parte del Chile que viven los privilegiados, de acceder a una educaci\u00f3n de calidad, a un sistema de salud integral, a una vivienda confortable, de tener una vejez en paz y sin preocupaciones despu\u00e9s de haber entregado la vida al pa\u00eds\u2026 lo que la gente quiere, no es m\u00e1s ni menos, que tener el derecho a una vida digna. El despertar ciudadano que nos convoca ha estado latente en nuestra Isla desde hace a\u00f1os, pero hoy se est\u00e1 haciendo visible desde Arica a Magallanes, y ser\u00e1 mediante la uni\u00f3n de cada habitante de nuestro pa\u00eds, que alcanzaremos la dignidad para todas y todos.<\/p>\n","protected":false},"excerpt":{"rendered":"<p>El despertar ciudadano que se est\u00e1 viviendo a nivel nacional, nos recuerda una m\u00e1xima de la pol\u00edtica: los representantes, en toda la escala de la organizaci\u00f3n del Estado, se deben a la ciudadan\u00eda, y como tal, sus esfuerzos deben estar centrados en mejorar, cada d\u00eda, la calidad de vida de sus representados. Esta m\u00e1xima nos [&hellip;]<\/p>\n","protected":false},"author":4,"featured_media":25581,"comment_status":"closed","ping_status":"closed","sticky":false,"template":"","format":"standard","meta":{"footnotes":""},"categories":[4],"tags":[],"class_list":["post-26037","post","type-post","status-publish","format-standard","has-post-thumbnail","hentry","category-sala-de-prensa"],"_links":{"self":[{"href":"https:\/\/www.muniancud.cl\/portal\/wp-json\/wp\/v2\/posts\/26037","targetHints":{"allow":["GET"]}}],"collection":[{"href":"https:\/\/www.muniancud.cl\/portal\/wp-json\/wp\/v2\/posts"}],"about":[{"href":"https:\/\/www.muniancud.cl\/portal\/wp-json\/wp\/v2\/types\/post"}],"author":[{"embeddable":true,"href":"https:\/\/www.muniancud.cl\/portal\/wp-json\/wp\/v2\/users\/4"}],"replies":[{"embeddable":true,"href":"https:\/\/www.muniancud.cl\/portal\/wp-json\/wp\/v2\/comments?post=26037"}],"version-history":[{"count":3,"href":"https:\/\/www.muniancud.cl\/portal\/wp-json\/wp\/v2\/posts\/26037\/revisions"}],"predecessor-version":[{"id":26045,"href":"https:\/\/www.muniancud.cl\/portal\/wp-json\/wp\/v2\/posts\/26037\/revisions\/26045"}],"wp:featuredmedia":[{"embeddable":true,"href":"https:\/\/www.muniancud.cl\/portal\/wp-json\/wp\/v2\/media\/25581"}],"wp:attachment":[{"href":"https:\/\/www.muniancud.cl\/portal\/wp-json\/wp\/v2\/media?parent=26037"}],"wp:term":[{"taxonomy":"category","embeddable":true,"href":"https:\/\/www.muniancud.cl\/portal\/wp-json\/wp\/v2\/categories?post=26037"},{"taxonomy":"post_tag","embeddable":true,"href":"https:\/\/www.muniancud.cl\/portal\/wp-json\/wp\/v2\/tags?post=26037"}],"curies":[{"name":"wp","href":"https:\/\/api.w.org\/{rel}","templated":true}]}}