{"id":26040,"date":"2019-10-29T08:29:16","date_gmt":"2019-10-29T11:29:16","guid":{"rendered":"https:\/\/www.muniancud.cl\/portal\/?p=26040"},"modified":"2019-10-29T08:38:11","modified_gmt":"2019-10-29T11:38:11","slug":"servicio-de-recoleccion-de-residuos-solidos-domiciliarios-29-de-octubre","status":"publish","type":"post","link":"https:\/\/www.muniancud.cl\/portal\/servicio-de-recoleccion-de-residuos-solidos-domiciliarios-29-de-octubre\/","title":{"rendered":"Servicio de recolecci\u00f3n de Residuos S\u00f3lidos Domiciliarios 29 de octubre"},"content":{"rendered":"<p style=\"margin: 0px\">El servicio de recolecci\u00f3n de Residuos S\u00f3lidos domiciliarios de hoy martes 29 de octubre corresponde al cuadrante 3.<\/p>\n<p style=\"margin: 0px\">El servicio de recolecci\u00f3n est\u00e1 en labores desde las 10:30 hrs.<\/p>\n<p style=\"margin: 0px\">Reiteramos el llamado a:<\/p>\n<p style=\"margin: 0px\">Reducir al m\u00e1ximo, desechando s\u00f3lo lo necesario.<\/p>\n<p style=\"margin: 0px\">Reutilizar, no bote papeles y cartones.<\/p>\n<p style=\"margin: 0px\">Reciclar, todos los materiales que puedan tener una segunda utilizaci\u00f3n.<\/p>\n<p style=\"margin: 0px\">CUADRANTE 3<\/p>\n<p style=\"margin: 0px\">Todos los domicilios hacia el sur de la ciudad, comprende a todos los domicilios que se encuentran en el per\u00edmetro que forman las calles que van desde Yungay, Los Carreras y parte de Yerbas Buenas. Contin\u00faa por Pepita Manns y Primero de Mayo hacia el sur, limita con el ESFOCAR de Carabineros, incorporando las poblaciones Bellavista 1, 2, 3 y 4, adem\u00e1s de Villa Archipi\u00e9lago. Contin\u00faa hacia el sur, por costanera y abarca las poblaciones Primero de Mayo, Poblaci\u00f3n Libertad, y Villa Subercaseaux. Componen este cuadrante, adem\u00e1s las poblaciones F\u00e1tima, Lomas de Puquillihue, Villa Esperanza, Villa Solidaridad y Cardenal Silva Henr\u00edquez.<\/p>\n<p style=\"margin: 0px\">Nuevamente le reiteramos el llamado a:<\/p>\n<p style=\"margin: 0px\">Reducir al m\u00e1ximo, desechando s\u00f3lo lo necesario.<\/p>\n<p style=\"margin: 0px\">Reutilizar, no bote papeles y cartones.<\/p>\n<p style=\"margin: 0px\">Reciclar, todos los materiales que puedan tener una segunda utilizaci\u00f3n.<\/p>\n<p style=\"margin: 0px\">Mapa Online para Cuadrantes y puntos de acopio y reciclaje.<\/p>\n<p style=\"margin: 0px\"><span style=\"font-family: 'Times New Roman',serif\"><a href=\"https:\/\/www.google.com\/maps\/d\/u\/0\/viewer?hl=es&amp;mid=1HxEPnEKA74EbzjFELx87zTJ1m4-Hto1s&amp;ll=-41.858195061902904%2C-73.78723943308495&amp;z=13&amp;fbclid=IwAR0TBfS6uwDn2x7UzBhaftaRbxvPhOhHoUlyXoKngpWiIPjpW0KNlPbCfKU\"><span style=\"color: blue\">https:\/\/www.google.com\/maps\/d\/u\/0\/viewer?hl=es&amp;mid=1HxEPnEKA74EbzjFELx87zTJ1m4-Hto1s&amp;ll=-41.858195061902904%2C-73.78723943308495&amp;z=13&amp;fbclid=IwAR0TBfS6uwDn2x7UzBhaftaRbxvPhOhHoUlyXoKngpWiIPjpW0KNlPbCfKU<\/span><\/a><\/span><\/p>\n<p style=\"margin: 0px\">Coordine operativos vecinales para el retiro de Chatarra o escombros, con la Direcci\u00f3n de Aseo y Ornato de la Ilustre Municipalidad de Ancud.<\/p>\n<p style=\"margin: 0px\">Tel\u00e9fono: 65-2487669<\/p>\n<p style=\"margin: 0px\">Consultas directas al WhatsApp +5696760450<\/p>\n<p><img loading=\"lazy\" decoding=\"async\" class=\"alignnone wp-image-25777 size-large\" src=\"https:\/\/www.muniancud.cl\/portal\/wp-content\/uploads\/2019\/09\/Recoleccio\u0301n-Residuos-So\u0301lidos-Domiciliarios-camnios-1024x736.png\" alt=\"\" width=\"696\" height=\"500\" srcset=\"https:\/\/www.muniancud.cl\/portal\/wp-content\/uploads\/2019\/09\/Recoleccio\u0301n-Residuos-So\u0301lidos-Domiciliarios-camnios-1024x736.png 1024w, https:\/\/www.muniancud.cl\/portal\/wp-content\/uploads\/2019\/09\/Recoleccio\u0301n-Residuos-So\u0301lidos-Domiciliarios-camnios-300x216.png 300w, https:\/\/www.muniancud.cl\/portal\/wp-content\/uploads\/2019\/09\/Recoleccio\u0301n-Residuos-So\u0301lidos-Domiciliarios-camnios-768x552.png 768w, https:\/\/www.muniancud.cl\/portal\/wp-content\/uploads\/2019\/09\/Recoleccio\u0301n-Residuos-So\u0301lidos-Domiciliarios-camnios-696x500.png 696w, https:\/\/www.muniancud.cl\/portal\/wp-content\/uploads\/2019\/09\/Recoleccio\u0301n-Residuos-So\u0301lidos-Domiciliarios-camnios-1068x767.png 1068w, https:\/\/www.muniancud.cl\/portal\/wp-content\/uploads\/2019\/09\/Recoleccio\u0301n-Residuos-So\u0301lidos-Domiciliarios-camnios-585x420.png 585w, https:\/\/www.muniancud.cl\/portal\/wp-content\/uploads\/2019\/09\/Recoleccio\u0301n-Residuos-So\u0301lidos-Domiciliarios-camnios-1920x1380.png 1920w\" sizes=\"auto, (max-width: 696px) 100vw, 696px\" \/><\/p>\n<p><img loading=\"lazy\" decoding=\"async\" class=\"alignnone wp-image-25665 size-large\" src=\"https:\/\/www.muniancud.cl\/portal\/wp-content\/uploads\/2019\/09\/Manejo-RSD-Puntos-de-reciclaje-1-1024x618.jpg\" alt=\"\" width=\"696\" height=\"420\" srcset=\"https:\/\/www.muniancud.cl\/portal\/wp-content\/uploads\/2019\/09\/Manejo-RSD-Puntos-de-reciclaje-1-1024x618.jpg 1024w, https:\/\/www.muniancud.cl\/portal\/wp-content\/uploads\/2019\/09\/Manejo-RSD-Puntos-de-reciclaje-1-300x181.jpg 300w, https:\/\/www.muniancud.cl\/portal\/wp-content\/uploads\/2019\/09\/Manejo-RSD-Puntos-de-reciclaje-1-768x464.jpg 768w, https:\/\/www.muniancud.cl\/portal\/wp-content\/uploads\/2019\/09\/Manejo-RSD-Puntos-de-reciclaje-1-696x420.jpg 696w, https:\/\/www.muniancud.cl\/portal\/wp-content\/uploads\/2019\/09\/Manejo-RSD-Puntos-de-reciclaje-1-1068x645.jpg 1068w, https:\/\/www.muniancud.cl\/portal\/wp-content\/uploads\/2019\/09\/Manejo-RSD-Puntos-de-reciclaje-1-1920x1159.jpg 1920w\" sizes=\"auto, (max-width: 696px) 100vw, 696px\" \/><\/p>\n","protected":false},"excerpt":{"rendered":"<p>El servicio de recolecci\u00f3n de Residuos S\u00f3lidos domiciliarios de hoy martes 29 de octubre corresponde al cuadrante 3. El servicio de recolecci\u00f3n est\u00e1 en labores desde las 10:30 hrs. Reiteramos el llamado a: Reducir al m\u00e1ximo, desechando s\u00f3lo lo necesario. Reutilizar, no bote papeles y cartones. Reciclar, todos los materiales que puedan tener una segunda [&hellip;]<\/p>\n","protected":false},"author":4,"featured_media":0,"comment_status":"closed","ping_status":"closed","sticky":false,"template":"","format":"standard","meta":{"footnotes":""},"categories":[37],"tags":[],"class_list":["post-26040","post","type-post","status-publish","format-standard","hentry","category-alerta-sanitaria"],"_links":{"self":[{"href":"https:\/\/www.muniancud.cl\/portal\/wp-json\/wp\/v2\/posts\/26040","targetHints":{"allow":["GET"]}}],"collection":[{"href":"https:\/\/www.muniancud.cl\/portal\/wp-json\/wp\/v2\/posts"}],"about":[{"href":"https:\/\/www.muniancud.cl\/portal\/wp-json\/wp\/v2\/types\/post"}],"author":[{"embeddable":true,"href":"https:\/\/www.muniancud.cl\/portal\/wp-json\/wp\/v2\/users\/4"}],"replies":[{"embeddable":true,"href":"https:\/\/www.muniancud.cl\/portal\/wp-json\/wp\/v2\/comments?post=26040"}],"version-history":[{"count":2,"href":"https:\/\/www.muniancud.cl\/portal\/wp-json\/wp\/v2\/posts\/26040\/revisions"}],"predecessor-version":[{"id":26042,"href":"https:\/\/www.muniancud.cl\/portal\/wp-json\/wp\/v2\/posts\/26040\/revisions\/26042"}],"wp:attachment":[{"href":"https:\/\/www.muniancud.cl\/portal\/wp-json\/wp\/v2\/media?parent=26040"}],"wp:term":[{"taxonomy":"category","embeddable":true,"href":"https:\/\/www.muniancud.cl\/portal\/wp-json\/wp\/v2\/categories?post=26040"},{"taxonomy":"post_tag","embeddable":true,"href":"https:\/\/www.muniancud.cl\/portal\/wp-json\/wp\/v2\/tags?post=26040"}],"curies":[{"name":"wp","href":"https:\/\/api.w.org\/{rel}","templated":true}]}}