{"id":26053,"date":"2019-10-31T10:51:20","date_gmt":"2019-10-31T13:51:20","guid":{"rendered":"https:\/\/www.muniancud.cl\/portal\/?p=26053"},"modified":"2019-10-31T11:32:43","modified_gmt":"2019-10-31T14:32:43","slug":"servicio-de-recoleccion-de-residuos-solidos-domiciliarios-31-de-octubre","status":"publish","type":"post","link":"https:\/\/www.muniancud.cl\/portal\/servicio-de-recoleccion-de-residuos-solidos-domiciliarios-31-de-octubre\/","title":{"rendered":"Servicio de recolecci\u00f3n de Residuos S\u00f3lidos Domiciliarios 31 de octubre"},"content":{"rendered":"<div class=\"\" data-block=\"true\" data-editor=\"11a94\" data-offset-key=\"dofu7-0-0\">Servicio de recolecci\u00f3n de Residuos s\u00f3lidos de hoy jueves 31 de octubre corresponde al cuadrante 4.<\/div>\n<div class=\"\" data-block=\"true\" data-editor=\"11a94\" data-offset-key=\"f5era-0-0\">\n<div class=\"_1mf _1mj\" data-offset-key=\"f5era-0-0\"><span data-offset-key=\"f5era-0-0\">\u00a0<\/span><\/div>\n<\/div>\n<div class=\"\" data-block=\"true\" data-editor=\"11a94\" data-offset-key=\"1qjth-0-0\">\n<div class=\"_1mf _1mj\" data-offset-key=\"1qjth-0-0\"><span data-offset-key=\"1qjth-0-0\">Ma\u00f1ana viernes 1 de noviembre no se realiza recolecci\u00f3n en la comuna, ya que el vertedero autorizado, est\u00e1 cerrado por el feriado largo. <\/span><\/div>\n<\/div>\n<div class=\"\" data-block=\"true\" data-editor=\"11a94\" data-offset-key=\"5ag36-0-0\">\n<div class=\"_1mf _1mj\" data-offset-key=\"5ag36-0-0\"><span data-offset-key=\"5ag36-0-0\">\u00a0<\/span><\/div>\n<\/div>\n<div class=\"\" data-block=\"true\" data-editor=\"11a94\" data-offset-key=\"37pi9-0-0\">\n<div class=\"_1mf _1mj\" data-offset-key=\"37pi9-0-0\"><span data-offset-key=\"37pi9-0-0\">El servicio est\u00e1 en operaciones hoy, desde las 10:00 am horas aproximadamente.<\/span><\/div>\n<\/div>\n<div class=\"\" data-block=\"true\" data-editor=\"11a94\" data-offset-key=\"emnnq-0-0\">\n<div class=\"_1mf _1mj\" data-offset-key=\"emnnq-0-0\"><span data-offset-key=\"emnnq-0-0\">\u00a0<\/span><\/div>\n<\/div>\n<div class=\"\" data-block=\"true\" data-editor=\"11a94\" data-offset-key=\"1pm57-0-0\">\n<div class=\"_1mf _1mj\" data-offset-key=\"1pm57-0-0\"><span data-offset-key=\"1pm57-0-0\">CUADRANTE 4<\/span><\/div>\n<\/div>\n<div class=\"\" data-block=\"true\" data-editor=\"11a94\" data-offset-key=\"8eg99-0-0\">\n<div class=\"_1mf _1mj\" data-offset-key=\"8eg99-0-0\"><span data-offset-key=\"8eg99-0-0\">Corresponde a los hogares dentro del per\u00edmetro formado por las calles Yerbas Buenas, Err\u00e1zuriz hacia la punta de diamante con calle Pudeto, hasta San Carlos. Desde ah\u00ed toma calle Esmeralda y contin\u00faa por Almirante Latorre para cubrir Villa Chilo\u00e9. Girar al sur en la intersecci\u00f3n de An\u00edbal Pinto con Calle Nueva, para conectar con Caicumeo en la misma direcci\u00f3n. Cubre las poblaciones y sectores de esta calle hasta llegar a Altos de Caracoles, Villa Las Artes, Villa San Juan de Dios, Villa Rosaura, y continuar a un costado del ESFOCAR de Carabineros, conectando con la poblaci\u00f3n In\u00e9s de Baz\u00e1n y Cinco de Abril. Se incluyen en este cuadrante Villa O\u2019Higgins, Cabo Vergara, Villa Tantauco, Comandante Araya, adem\u00e1s del sector sur de calle Caicumeo.<\/span><\/div>\n<\/div>\n<div class=\"\" data-block=\"true\" data-editor=\"11a94\" data-offset-key=\"dtnn-0-0\">\n<div class=\"_1mf _1mj\" data-offset-key=\"dtnn-0-0\"><span data-offset-key=\"dtnn-0-0\">\u00a0<\/span><\/div>\n<\/div>\n<div class=\"\" data-block=\"true\" data-editor=\"11a94\" data-offset-key=\"6g2l9-0-0\">\n<div class=\"_1mf _1mj\" data-offset-key=\"6g2l9-0-0\"><span data-offset-key=\"6g2l9-0-0\">Le reiteramos, estas medidas obedecen a una resoluci\u00f3n sanitaria establecida por la autoridad de salud regional en el marco de la alerta sanitaria que rige para Chilo\u00e9, y que permite recolectar solo 3 (tres) camiones diarios, para la comuna de Ancud. <\/span><\/div>\n<\/div>\n<div class=\"\" data-block=\"true\" data-editor=\"11a94\" data-offset-key=\"9nrks-0-0\">\n<div class=\"_1mf _1mj\" data-offset-key=\"9nrks-0-0\"><span data-offset-key=\"9nrks-0-0\">\u00a0<\/span><\/div>\n<\/div>\n<div class=\"\" data-block=\"true\" data-editor=\"11a94\" data-offset-key=\"1jaji-0-0\">\n<div class=\"_1mf _1mj\" data-offset-key=\"1jaji-0-0\"><span data-offset-key=\"1jaji-0-0\">Recuerde reducir al m\u00e1ximo posible sus desechos y no colapsar los contenedores dispuestos en la ciudad.<\/span><\/div>\n<\/div>\n<div class=\"\" data-block=\"true\" data-editor=\"11a94\" data-offset-key=\"29blf-0-0\">\n<div class=\"_1mf _1mj\" data-offset-key=\"29blf-0-0\"><span data-offset-key=\"29blf-0-0\">\u00a0<\/span><\/div>\n<\/div>\n<div class=\"\" data-block=\"true\" data-editor=\"11a94\" data-offset-key=\"cjfkh-0-0\">\n<div class=\"_1mf _1mj\" data-offset-key=\"cjfkh-0-0\"><span data-offset-key=\"cjfkh-0-0\">Reducir al m\u00e1ximo, desechando s\u00f3lo lo necesario.<\/span><\/div>\n<\/div>\n<div class=\"\" data-block=\"true\" data-editor=\"11a94\" data-offset-key=\"aepeu-0-0\">\n<div class=\"_1mf _1mj\" data-offset-key=\"aepeu-0-0\"><span data-offset-key=\"aepeu-0-0\">Reutilizar, no bote papeles y cartones.<\/span><\/div>\n<\/div>\n<div class=\"\" data-block=\"true\" data-editor=\"11a94\" data-offset-key=\"4o17v-0-0\">\n<div class=\"_1mf _1mj\" data-offset-key=\"4o17v-0-0\"><span data-offset-key=\"4o17v-0-0\">Reciclar, todos los materiales que puedan tener una segunda utilizaci\u00f3n.<\/span><\/div>\n<\/div>\n<div class=\"\" data-block=\"true\" data-editor=\"11a94\" data-offset-key=\"1sclp-0-0\">\n<div class=\"_1mf _1mj\" data-offset-key=\"1sclp-0-0\"><span data-offset-key=\"1sclp-0-0\">\u00a0<\/span><\/div>\n<\/div>\n<div class=\"\" data-block=\"true\" data-editor=\"11a94\" data-offset-key=\"89f2o-0-0\">\n<div class=\"_1mf _1mj\" data-offset-key=\"89f2o-0-0\"><span data-offset-key=\"89f2o-0-0\">Mapa Online para Cuadrantes y puntos de acopio y reciclaje.<\/span><\/div>\n<\/div>\n<div class=\"\" data-block=\"true\" data-editor=\"11a94\" data-offset-key=\"fncur-0-0\">\n<div class=\"_1mf _1mj\" data-offset-key=\"fncur-0-0\"><span data-offset-key=\"fncur-0-0\">https:\/\/www.google.com\/maps\/d\/u\/0\/viewer?hl=es&amp;mid=1HxEPnEKA74EbzjFELx87zTJ1m4-Hto1s&amp;ll=-41.85819506190286%2C-73.78723943308495&amp;z=13&amp;fbclid=IwAR3dko0QVFOrRR-2dezqs_C1CzGyWsKl2udSTvur8gvnkhb-hZE4PjO8bGY<\/span><\/div>\n<\/div>\n<div class=\"\" data-block=\"true\" data-editor=\"11a94\" data-offset-key=\"1pvni-0-0\">\n<div class=\"_1mf _1mj\" data-offset-key=\"1pvni-0-0\"><span data-offset-key=\"1pvni-0-0\">\u00a0<\/span><\/div>\n<\/div>\n<div class=\"\" data-block=\"true\" data-editor=\"11a94\" data-offset-key=\"f7ut7-0-0\">\n<div class=\"_1mf _1mj\" data-offset-key=\"f7ut7-0-0\"><span data-offset-key=\"f7ut7-0-0\">Nuevamente le reiteramos el llamado a:<\/span><\/div>\n<\/div>\n<div class=\"\" data-block=\"true\" data-editor=\"11a94\" data-offset-key=\"7fsf9-0-0\">\n<div class=\"_1mf _1mj\" data-offset-key=\"7fsf9-0-0\"><span data-offset-key=\"7fsf9-0-0\">Reducir al m\u00e1ximo, desechando s\u00f3lo lo necesario.<\/span><\/div>\n<\/div>\n<div class=\"\" data-block=\"true\" data-editor=\"11a94\" data-offset-key=\"63t9l-0-0\">\n<div class=\"_1mf _1mj\" data-offset-key=\"63t9l-0-0\"><span data-offset-key=\"63t9l-0-0\">Reutilizar, no bote papeles y cartones.<\/span><\/div>\n<\/div>\n<div class=\"\" data-block=\"true\" data-editor=\"11a94\" data-offset-key=\"417a4-0-0\">\n<div class=\"_1mf _1mj\" data-offset-key=\"417a4-0-0\"><span data-offset-key=\"417a4-0-0\">Reciclar, todos los materiales que puedan tener una segunda utilizaci\u00f3n<\/span><\/div>\n<\/div>\n<div class=\"\" data-block=\"true\" data-editor=\"11a94\" data-offset-key=\"a7ks4-0-0\">\n<div class=\"_1mf _1mj\" data-offset-key=\"a7ks4-0-0\"><span data-offset-key=\"a7ks4-0-0\">\u00a0<\/span><\/div>\n<\/div>\n<div class=\"\" data-block=\"true\" data-editor=\"11a94\" data-offset-key=\"3bbhq-0-0\">\n<div class=\"_1mf _1mj\" data-offset-key=\"3bbhq-0-0\"><span data-offset-key=\"3bbhq-0-0\">Coordine operativos vecinales para el retiro de Chatarra o escombros, con la Direcci\u00f3n de Aseo y Ornato de la Ilustre Municipalidad de Ancud.<\/span><\/div>\n<\/div>\n<div class=\"\" data-block=\"true\" data-editor=\"11a94\" data-offset-key=\"ft6tp-0-0\">\n<div class=\"_1mf _1mj\" data-offset-key=\"ft6tp-0-0\"><span data-offset-key=\"ft6tp-0-0\">\u00a0<\/span><\/div>\n<\/div>\n<div class=\"\" data-block=\"true\" data-editor=\"11a94\" data-offset-key=\"24rrt-0-0\">\n<div class=\"_1mf _1mj\" data-offset-key=\"24rrt-0-0\"><span data-offset-key=\"24rrt-0-0\">Tel\u00e9fono: 65-2487669<\/span><\/div>\n<\/div>\n<div class=\"\" data-block=\"true\" data-editor=\"11a94\" data-offset-key=\"cn3a3-0-0\">\n<div class=\"_1mf _1mj\" data-offset-key=\"cn3a3-0-0\"><span data-offset-key=\"cn3a3-0-0\">Consultas directas al WhatsApp +5696760450<\/span><\/div>\n<div data-offset-key=\"cn3a3-0-0\"><img loading=\"lazy\" decoding=\"async\" class=\"alignnone wp-image-25547 size-large\" src=\"https:\/\/www.muniancud.cl\/portal\/wp-content\/uploads\/2019\/08\/RSD-desde-19-08-2019-1024x735.png\" alt=\"\" width=\"696\" height=\"500\" srcset=\"https:\/\/www.muniancud.cl\/portal\/wp-content\/uploads\/2019\/08\/RSD-desde-19-08-2019.png 1024w, https:\/\/www.muniancud.cl\/portal\/wp-content\/uploads\/2019\/08\/RSD-desde-19-08-2019-300x215.png 300w, https:\/\/www.muniancud.cl\/portal\/wp-content\/uploads\/2019\/08\/RSD-desde-19-08-2019-768x551.png 768w, https:\/\/www.muniancud.cl\/portal\/wp-content\/uploads\/2019\/08\/RSD-desde-19-08-2019-696x500.png 696w, https:\/\/www.muniancud.cl\/portal\/wp-content\/uploads\/2019\/08\/RSD-desde-19-08-2019-585x420.png 585w\" sizes=\"auto, (max-width: 696px) 100vw, 696px\" \/><\/div>\n<div data-offset-key=\"cn3a3-0-0\"><img loading=\"lazy\" decoding=\"async\" class=\"alignnone wp-image-25665 size-large\" src=\"https:\/\/www.muniancud.cl\/portal\/wp-content\/uploads\/2019\/09\/Manejo-RSD-Puntos-de-reciclaje-1-1024x618.jpg\" alt=\"\" width=\"696\" height=\"420\" srcset=\"https:\/\/www.muniancud.cl\/portal\/wp-content\/uploads\/2019\/09\/Manejo-RSD-Puntos-de-reciclaje-1-1024x618.jpg 1024w, https:\/\/www.muniancud.cl\/portal\/wp-content\/uploads\/2019\/09\/Manejo-RSD-Puntos-de-reciclaje-1-300x181.jpg 300w, https:\/\/www.muniancud.cl\/portal\/wp-content\/uploads\/2019\/09\/Manejo-RSD-Puntos-de-reciclaje-1-768x464.jpg 768w, https:\/\/www.muniancud.cl\/portal\/wp-content\/uploads\/2019\/09\/Manejo-RSD-Puntos-de-reciclaje-1-696x420.jpg 696w, https:\/\/www.muniancud.cl\/portal\/wp-content\/uploads\/2019\/09\/Manejo-RSD-Puntos-de-reciclaje-1-1068x645.jpg 1068w, https:\/\/www.muniancud.cl\/portal\/wp-content\/uploads\/2019\/09\/Manejo-RSD-Puntos-de-reciclaje-1-1920x1159.jpg 1920w\" sizes=\"auto, (max-width: 696px) 100vw, 696px\" \/><\/div>\n<\/div>\n","protected":false},"excerpt":{"rendered":"<p>Servicio de recolecci\u00f3n de Residuos s\u00f3lidos de hoy jueves 31 de octubre corresponde al cuadrante 4. \u00a0 Ma\u00f1ana viernes 1 de noviembre no se realiza recolecci\u00f3n en la comuna, ya que el vertedero autorizado, est\u00e1 cerrado por el feriado largo. \u00a0 El servicio est\u00e1 en operaciones hoy, desde las 10:00 am horas aproximadamente. \u00a0 CUADRANTE [&hellip;]<\/p>\n","protected":false},"author":4,"featured_media":0,"comment_status":"closed","ping_status":"closed","sticky":false,"template":"","format":"standard","meta":{"footnotes":""},"categories":[37],"tags":[],"class_list":["post-26053","post","type-post","status-publish","format-standard","hentry","category-alerta-sanitaria"],"_links":{"self":[{"href":"https:\/\/www.muniancud.cl\/portal\/wp-json\/wp\/v2\/posts\/26053","targetHints":{"allow":["GET"]}}],"collection":[{"href":"https:\/\/www.muniancud.cl\/portal\/wp-json\/wp\/v2\/posts"}],"about":[{"href":"https:\/\/www.muniancud.cl\/portal\/wp-json\/wp\/v2\/types\/post"}],"author":[{"embeddable":true,"href":"https:\/\/www.muniancud.cl\/portal\/wp-json\/wp\/v2\/users\/4"}],"replies":[{"embeddable":true,"href":"https:\/\/www.muniancud.cl\/portal\/wp-json\/wp\/v2\/comments?post=26053"}],"version-history":[{"count":3,"href":"https:\/\/www.muniancud.cl\/portal\/wp-json\/wp\/v2\/posts\/26053\/revisions"}],"predecessor-version":[{"id":26056,"href":"https:\/\/www.muniancud.cl\/portal\/wp-json\/wp\/v2\/posts\/26053\/revisions\/26056"}],"wp:attachment":[{"href":"https:\/\/www.muniancud.cl\/portal\/wp-json\/wp\/v2\/media?parent=26053"}],"wp:term":[{"taxonomy":"category","embeddable":true,"href":"https:\/\/www.muniancud.cl\/portal\/wp-json\/wp\/v2\/categories?post=26053"},{"taxonomy":"post_tag","embeddable":true,"href":"https:\/\/www.muniancud.cl\/portal\/wp-json\/wp\/v2\/tags?post=26053"}],"curies":[{"name":"wp","href":"https:\/\/api.w.org\/{rel}","templated":true}]}}