{"id":26060,"date":"2019-11-02T08:46:33","date_gmt":"2019-11-02T11:46:33","guid":{"rendered":"https:\/\/www.muniancud.cl\/portal\/?p=26060"},"modified":"2019-11-02T08:47:34","modified_gmt":"2019-11-02T11:47:34","slug":"servicio-de-recoleccion-de-residuos-solidos-domiciliarios-2-de-noviembre","status":"publish","type":"post","link":"https:\/\/www.muniancud.cl\/portal\/servicio-de-recoleccion-de-residuos-solidos-domiciliarios-2-de-noviembre\/","title":{"rendered":"Servicio de recolecci\u00f3n de Residuos S\u00f3lidos Domiciliarios 2 de noviembre"},"content":{"rendered":"<div class=\"\" data-block=\"true\" data-editor=\"65f4k\" data-offset-key=\"ft416-0-0\">\n<div class=\"_1mf _1mj\" data-offset-key=\"ft416-0-0\"><span data-offset-key=\"ft416-0-0\">El servicio de recolecci\u00f3n de Residuos S\u00f3lidos Domiciliarios hoy s\u00e1bado 2 de noviembre es en los cuadrantes 2, 5 y sector rural Chacao. <\/span><\/div>\n<\/div>\n<div class=\"\" data-block=\"true\" data-editor=\"65f4k\" data-offset-key=\"faehb-0-0\">\n<div class=\"_1mf _1mj\" data-offset-key=\"faehb-0-0\"><span data-offset-key=\"faehb-0-0\">\u00a0<\/span><\/div>\n<\/div>\n<div class=\"\" data-block=\"true\" data-editor=\"65f4k\" data-offset-key=\"3huh5-0-0\">\n<div class=\"_1mf _1mj\" data-offset-key=\"3huh5-0-0\"><span data-offset-key=\"3huh5-0-0\">El servicio de recolecci\u00f3n est\u00e1 en labores desde las 9:30 hrs.<\/span><\/div>\n<\/div>\n<div class=\"\" data-block=\"true\" data-editor=\"65f4k\" data-offset-key=\"dgebl-0-0\">\n<div class=\"_1mf _1mj\" data-offset-key=\"dgebl-0-0\"><span data-offset-key=\"dgebl-0-0\">Reiteramos el llamado a:<\/span><\/div>\n<\/div>\n<div class=\"\" data-block=\"true\" data-editor=\"65f4k\" data-offset-key=\"2g1hp-0-0\">\n<div class=\"_1mf _1mj\" data-offset-key=\"2g1hp-0-0\"><span data-offset-key=\"2g1hp-0-0\">Reducir al m\u00e1ximo, desechando s\u00f3lo lo necesario.<\/span><\/div>\n<\/div>\n<div class=\"\" data-block=\"true\" data-editor=\"65f4k\" data-offset-key=\"fldq5-0-0\">\n<div class=\"_1mf _1mj\" data-offset-key=\"fldq5-0-0\"><span data-offset-key=\"fldq5-0-0\">Reutilizar, no bote papeles y cartones.<\/span><\/div>\n<\/div>\n<div class=\"\" data-block=\"true\" data-editor=\"65f4k\" data-offset-key=\"agene-0-0\">\n<div class=\"_1mf _1mj\" data-offset-key=\"agene-0-0\"><span data-offset-key=\"agene-0-0\">Reciclar, todos los materiales que puedan tener una segunda utilizaci\u00f3n.<\/span><\/div>\n<\/div>\n<div class=\"\" data-block=\"true\" data-editor=\"65f4k\" data-offset-key=\"c1sku-0-0\">\n<div class=\"_1mf _1mj\" data-offset-key=\"c1sku-0-0\"><span data-offset-key=\"c1sku-0-0\">\u00a0<\/span><\/div>\n<\/div>\n<div class=\"\" data-block=\"true\" data-editor=\"65f4k\" data-offset-key=\"3hrm5-0-0\">\n<div class=\"_1mf _1mj\" data-offset-key=\"3hrm5-0-0\"><span data-offset-key=\"3hrm5-0-0\">Cuadrante 2<\/span><\/div>\n<\/div>\n<div class=\"\" data-block=\"true\" data-editor=\"65f4k\" data-offset-key=\"auuqn-0-0\">\n<div class=\"_1mf _1mj\" data-offset-key=\"auuqn-0-0\"><span data-offset-key=\"auuqn-0-0\">\u00a0<\/span><\/div>\n<\/div>\n<div class=\"\" data-block=\"true\" data-editor=\"65f4k\" data-offset-key=\"6br3j-0-0\">\n<div class=\"_1mf _1mj\" data-offset-key=\"6br3j-0-0\"><span data-offset-key=\"6br3j-0-0\">Corresponde el centro de Ancud. Este, est\u00e1 delimitado por la costanera Salvador Allende hasta calle Yungay, subiendo hasta la intersecci\u00f3n de Los Carreras. Sigue por calle Yerbas Buenas, hasta Err\u00e1zuriz, baja hacia el centro por calle Pudeto y conecta con calle San Carlos. Desde ah\u00ed por An\u00edbal Pinto, para continuar por calle Esmeralda, a un costado del Gimnasio fiscal hasta el encuentro con Almirante Latorre, cubriendo todo el lado sur de esta, hasta la intersecci\u00f3n con Baquedano. Para gira por San Antonio, y retornar por Lord Cochrane en direcci\u00f3n al muelle y la Costanera.<\/span><\/div>\n<\/div>\n<div class=\"\" data-block=\"true\" data-editor=\"65f4k\" data-offset-key=\"7jomr-0-0\">\n<div class=\"_1mf _1mj\" data-offset-key=\"7jomr-0-0\"><span data-offset-key=\"7jomr-0-0\">\u00a0<\/span><\/div>\n<\/div>\n<div class=\"\" data-block=\"true\" data-editor=\"65f4k\" data-offset-key=\"dom7b-0-0\">\n<div class=\"_1mf _1mj\" data-offset-key=\"dom7b-0-0\"><span data-offset-key=\"dom7b-0-0\"> Cuadrtante 5<\/span><\/div>\n<\/div>\n<div class=\"\" data-block=\"true\" data-editor=\"65f4k\" data-offset-key=\"baddv-0-0\">\n<div class=\"_1mf _1mj\" data-offset-key=\"baddv-0-0\"><span data-offset-key=\"baddv-0-0\">corresponde a los hogares dentro de la delimitaci\u00f3n de las calles An\u00edbal Pinto, y el sector de calle Cruz del Sur. Baja por Ribera Sur e incluye el \u00e1rea de Cancha de los Huasos hasta Camino y pasarela de Pupelde. Contempla tambi\u00e9n los tramos contiguos a la Carretera 5 Sur, Pudeto Medio y Pudeto Bajo, Padre Alberto Hurtado, Villa Pudeto hasta el aer\u00f3dromo de Pupelde<\/span><\/div>\n<\/div>\n<div class=\"\" data-block=\"true\" data-editor=\"65f4k\" data-offset-key=\"cildg-0-0\">\n<div class=\"_1mf _1mj\" data-offset-key=\"cildg-0-0\"><\/div>\n<\/div>\n<div class=\"\" data-block=\"true\" data-editor=\"65f4k\" data-offset-key=\"cb2kh-0-0\">\n<div class=\"_1mf _1mj\" data-offset-key=\"cb2kh-0-0\"><span data-offset-key=\"cb2kh-0-0\">Sector Chacao <\/span><\/div>\n<\/div>\n<div class=\"\" data-block=\"true\" data-editor=\"65f4k\" data-offset-key=\"5g0kk-0-0\">\n<div class=\"_1mf _1mj\" data-offset-key=\"5g0kk-0-0\"><span data-offset-key=\"5g0kk-0-0\">Todo el sector inmediato del Gran Chacao, en especial Villa Chacao, Chacao Viejo.<\/span><\/div>\n<\/div>\n<div class=\"\" data-block=\"true\" data-editor=\"65f4k\" data-offset-key=\"ltg8-0-0\">\n<div class=\"_1mf _1mj\" data-offset-key=\"ltg8-0-0\"><span data-offset-key=\"ltg8-0-0\">\u00a0<\/span><\/div>\n<\/div>\n<div class=\"\" data-block=\"true\" data-editor=\"65f4k\" data-offset-key=\"e5add-0-0\">\n<div class=\"_1mf _1mj\" data-offset-key=\"e5add-0-0\"><span data-offset-key=\"e5add-0-0\">Nuevamente le reiteramos el llamado a:<\/span><\/div>\n<\/div>\n<div class=\"\" data-block=\"true\" data-editor=\"65f4k\" data-offset-key=\"8crel-0-0\">\n<div class=\"_1mf _1mj\" data-offset-key=\"8crel-0-0\"><span data-offset-key=\"8crel-0-0\">Reducir al m\u00e1ximo, desechando s\u00f3lo lo necesario.<\/span><\/div>\n<\/div>\n<div class=\"\" data-block=\"true\" data-editor=\"65f4k\" data-offset-key=\"6qig4-0-0\">\n<div class=\"_1mf _1mj\" data-offset-key=\"6qig4-0-0\"><span data-offset-key=\"6qig4-0-0\">Reutilizar, no bote papeles y cartones.<\/span><\/div>\n<\/div>\n<div class=\"\" data-block=\"true\" data-editor=\"65f4k\" data-offset-key=\"ctgin-0-0\">\n<div class=\"_1mf _1mj\" data-offset-key=\"ctgin-0-0\"><span data-offset-key=\"ctgin-0-0\">Reciclar, todos los materiales que puedan tener una segunda utilizaci\u00f3n.<\/span><\/div>\n<\/div>\n<div class=\"\" data-block=\"true\" data-editor=\"65f4k\" data-offset-key=\"8c45s-0-0\">\n<div class=\"_1mf _1mj\" data-offset-key=\"8c45s-0-0\"><span data-offset-key=\"8c45s-0-0\">\u00a0<\/span><\/div>\n<\/div>\n<div class=\"\" data-block=\"true\" data-editor=\"65f4k\" data-offset-key=\"1q22m-0-0\">\n<div class=\"_1mf _1mj\" data-offset-key=\"1q22m-0-0\"><span data-offset-key=\"1q22m-0-0\">Mapa Online para Cuadrantes y puntos de acopio y reciclaje.<\/span><\/div>\n<\/div>\n<div class=\"\" data-block=\"true\" data-editor=\"65f4k\" data-offset-key=\"g27t-0-0\">\n<div class=\"_1mf _1mj\" data-offset-key=\"g27t-0-0\"><span data-offset-key=\"g27t-0-0\">\u00a0<\/span><\/div>\n<\/div>\n<div class=\"\" data-block=\"true\" data-editor=\"65f4k\" data-offset-key=\"1papu-0-0\">\n<div class=\"_1mf _1mj\" data-offset-key=\"1papu-0-0\"><span data-offset-key=\"1papu-0-0\">https:\/\/www.google.com\/maps\/d\/u\/0\/viewer?hl=es&amp;mid=1HxEPnEKA74EbzjFELx87zTJ1m4-Hto1s&amp;ll=-41.858195061902904%2C-73.78723943308495&amp;z=13&amp;fbclid=IwAR0TBfS6uwDn2x7UzBhaftaRbxvPhOhHoUlyXoKngpWiIPjpW0KNlPbCfKU<\/span><\/div>\n<\/div>\n<div class=\"\" data-block=\"true\" data-editor=\"65f4k\" data-offset-key=\"8605j-0-0\">\n<div class=\"_1mf _1mj\" data-offset-key=\"8605j-0-0\"><span data-offset-key=\"8605j-0-0\">\u00a0<\/span><\/div>\n<\/div>\n<div class=\"\" data-block=\"true\" data-editor=\"65f4k\" data-offset-key=\"4fo03-0-0\">\n<div class=\"_1mf _1mj\" data-offset-key=\"4fo03-0-0\"><span data-offset-key=\"4fo03-0-0\">Coordine operativos vecinales para el retiro de Chatarra o escombros, con la Direcci\u00f3n de Aseo y Ornato de la Ilustre Municipalidad de Ancud.<\/span><\/div>\n<\/div>\n<div class=\"\" data-block=\"true\" data-editor=\"65f4k\" data-offset-key=\"fl90i-0-0\">\n<div class=\"_1mf _1mj\" data-offset-key=\"fl90i-0-0\"><span data-offset-key=\"fl90i-0-0\">Tel\u00e9fono: 65-2487669<\/span><\/div>\n<\/div>\n<div class=\"\" data-block=\"true\" data-editor=\"65f4k\" data-offset-key=\"7q3d7-0-0\">\n<div class=\"_1mf _1mj\" data-offset-key=\"7q3d7-0-0\"><span data-offset-key=\"7q3d7-0-0\">Consultas directas al WhatsApp +5696760450<\/span><\/div>\n<div data-offset-key=\"7q3d7-0-0\"><img loading=\"lazy\" decoding=\"async\" class=\"alignnone wp-image-25777 size-large\" src=\"https:\/\/www.muniancud.cl\/portal\/wp-content\/uploads\/2019\/09\/Recoleccio\u0301n-Residuos-So\u0301lidos-Domiciliarios-camnios-1024x736.png\" alt=\"\" width=\"696\" height=\"500\" srcset=\"https:\/\/www.muniancud.cl\/portal\/wp-content\/uploads\/2019\/09\/Recoleccio\u0301n-Residuos-So\u0301lidos-Domiciliarios-camnios-1024x736.png 1024w, https:\/\/www.muniancud.cl\/portal\/wp-content\/uploads\/2019\/09\/Recoleccio\u0301n-Residuos-So\u0301lidos-Domiciliarios-camnios-300x216.png 300w, https:\/\/www.muniancud.cl\/portal\/wp-content\/uploads\/2019\/09\/Recoleccio\u0301n-Residuos-So\u0301lidos-Domiciliarios-camnios-768x552.png 768w, https:\/\/www.muniancud.cl\/portal\/wp-content\/uploads\/2019\/09\/Recoleccio\u0301n-Residuos-So\u0301lidos-Domiciliarios-camnios-696x500.png 696w, https:\/\/www.muniancud.cl\/portal\/wp-content\/uploads\/2019\/09\/Recoleccio\u0301n-Residuos-So\u0301lidos-Domiciliarios-camnios-1068x767.png 1068w, https:\/\/www.muniancud.cl\/portal\/wp-content\/uploads\/2019\/09\/Recoleccio\u0301n-Residuos-So\u0301lidos-Domiciliarios-camnios-585x420.png 585w, https:\/\/www.muniancud.cl\/portal\/wp-content\/uploads\/2019\/09\/Recoleccio\u0301n-Residuos-So\u0301lidos-Domiciliarios-camnios-1920x1380.png 1920w\" sizes=\"auto, (max-width: 696px) 100vw, 696px\" \/><\/div>\n<div data-offset-key=\"7q3d7-0-0\"><img loading=\"lazy\" decoding=\"async\" class=\"alignnone wp-image-25665 size-large\" src=\"https:\/\/www.muniancud.cl\/portal\/wp-content\/uploads\/2019\/09\/Manejo-RSD-Puntos-de-reciclaje-1-1024x618.jpg\" alt=\"\" width=\"696\" height=\"420\" srcset=\"https:\/\/www.muniancud.cl\/portal\/wp-content\/uploads\/2019\/09\/Manejo-RSD-Puntos-de-reciclaje-1-1024x618.jpg 1024w, https:\/\/www.muniancud.cl\/portal\/wp-content\/uploads\/2019\/09\/Manejo-RSD-Puntos-de-reciclaje-1-300x181.jpg 300w, https:\/\/www.muniancud.cl\/portal\/wp-content\/uploads\/2019\/09\/Manejo-RSD-Puntos-de-reciclaje-1-768x464.jpg 768w, https:\/\/www.muniancud.cl\/portal\/wp-content\/uploads\/2019\/09\/Manejo-RSD-Puntos-de-reciclaje-1-696x420.jpg 696w, https:\/\/www.muniancud.cl\/portal\/wp-content\/uploads\/2019\/09\/Manejo-RSD-Puntos-de-reciclaje-1-1068x645.jpg 1068w, https:\/\/www.muniancud.cl\/portal\/wp-content\/uploads\/2019\/09\/Manejo-RSD-Puntos-de-reciclaje-1-1920x1159.jpg 1920w\" sizes=\"auto, (max-width: 696px) 100vw, 696px\" \/><\/div>\n<\/div>\n","protected":false},"excerpt":{"rendered":"<p>El servicio de recolecci\u00f3n de Residuos S\u00f3lidos Domiciliarios hoy s\u00e1bado 2 de noviembre es en los cuadrantes 2, 5 y sector rural Chacao. \u00a0 El servicio de recolecci\u00f3n est\u00e1 en labores desde las 9:30 hrs. Reiteramos el llamado a: Reducir al m\u00e1ximo, desechando s\u00f3lo lo necesario. Reutilizar, no bote papeles y cartones. Reciclar, todos los [&hellip;]<\/p>\n","protected":false},"author":4,"featured_media":0,"comment_status":"closed","ping_status":"closed","sticky":false,"template":"","format":"standard","meta":{"footnotes":""},"categories":[37],"tags":[],"class_list":["post-26060","post","type-post","status-publish","format-standard","hentry","category-alerta-sanitaria"],"_links":{"self":[{"href":"https:\/\/www.muniancud.cl\/portal\/wp-json\/wp\/v2\/posts\/26060","targetHints":{"allow":["GET"]}}],"collection":[{"href":"https:\/\/www.muniancud.cl\/portal\/wp-json\/wp\/v2\/posts"}],"about":[{"href":"https:\/\/www.muniancud.cl\/portal\/wp-json\/wp\/v2\/types\/post"}],"author":[{"embeddable":true,"href":"https:\/\/www.muniancud.cl\/portal\/wp-json\/wp\/v2\/users\/4"}],"replies":[{"embeddable":true,"href":"https:\/\/www.muniancud.cl\/portal\/wp-json\/wp\/v2\/comments?post=26060"}],"version-history":[{"count":1,"href":"https:\/\/www.muniancud.cl\/portal\/wp-json\/wp\/v2\/posts\/26060\/revisions"}],"predecessor-version":[{"id":26061,"href":"https:\/\/www.muniancud.cl\/portal\/wp-json\/wp\/v2\/posts\/26060\/revisions\/26061"}],"wp:attachment":[{"href":"https:\/\/www.muniancud.cl\/portal\/wp-json\/wp\/v2\/media?parent=26060"}],"wp:term":[{"taxonomy":"category","embeddable":true,"href":"https:\/\/www.muniancud.cl\/portal\/wp-json\/wp\/v2\/categories?post=26060"},{"taxonomy":"post_tag","embeddable":true,"href":"https:\/\/www.muniancud.cl\/portal\/wp-json\/wp\/v2\/tags?post=26060"}],"curies":[{"name":"wp","href":"https:\/\/api.w.org\/{rel}","templated":true}]}}