{"id":26062,"date":"2019-11-04T08:42:59","date_gmt":"2019-11-04T11:42:59","guid":{"rendered":"https:\/\/www.muniancud.cl\/portal\/?p=26062"},"modified":"2019-11-04T09:03:49","modified_gmt":"2019-11-04T12:03:49","slug":"servicio-de-recoleccion-de-residuos-solidos-domiciliarios-4-de-noviembre","status":"publish","type":"post","link":"https:\/\/www.muniancud.cl\/portal\/servicio-de-recoleccion-de-residuos-solidos-domiciliarios-4-de-noviembre\/","title":{"rendered":"Servicio de recolecci\u00f3n de Residuos S\u00f3lidos Domiciliarios 4 de noviembre"},"content":{"rendered":"<div>\n<div class=\"\" style=\"font-family: system-ui, -apple-system, system-ui, '.SFNSText-Regular', sans-serif;color: #1c1e21;font-size: 14px;font-style: normal;font-weight: 400;letter-spacing: normal;text-align: start;text-indent: 0px;text-transform: none;background-color: #ffffff\" data-block=\"true\" data-editor=\"1c66b\" data-offset-key=\"csbkm-0-0\">\n<div class=\"_1mf _1mj\" style=\"direction: ltr;text-align: left;font-family: inherit\" data-offset-key=\"csbkm-0-0\"><span style=\"font-family: inherit\" data-offset-key=\"csbkm-0-0\">El servicio de recolecci\u00f3n de Residuos S\u00f3lidos domiciliarios de hoy lunes 4 de noviembre corresponde a los cuadrante 1 y 2.<\/span><\/div>\n<\/div>\n<div class=\"\" style=\"font-family: system-ui, -apple-system, system-ui, '.SFNSText-Regular', sans-serif;color: #1c1e21;font-size: 14px;font-style: normal;font-weight: 400;letter-spacing: normal;text-align: start;text-indent: 0px;text-transform: none;background-color: #ffffff\" data-block=\"true\" data-editor=\"1c66b\" data-offset-key=\"crce9-0-0\">\n<div class=\"_1mf _1mj\" style=\"direction: ltr;text-align: left;font-family: inherit\" data-offset-key=\"crce9-0-0\"><span style=\"font-family: inherit\" data-offset-key=\"crce9-0-0\">\u00a0<\/span><\/div>\n<\/div>\n<div class=\"\" style=\"font-family: system-ui, -apple-system, system-ui, '.SFNSText-Regular', sans-serif;color: #1c1e21;font-size: 14px;font-style: normal;font-weight: 400;letter-spacing: normal;text-align: start;text-indent: 0px;text-transform: none;background-color: #ffffff\" data-block=\"true\" data-editor=\"1c66b\" data-offset-key=\"2g6pn-0-0\">\n<div class=\"_1mf _1mj\" style=\"direction: ltr;text-align: left;font-family: inherit\" data-offset-key=\"2g6pn-0-0\"><span style=\"font-family: inherit\" data-offset-key=\"2g6pn-0-0\">El servicio de recolecci\u00f3n est\u00e1 en labores desde las 10:30 hrs.<\/span><\/div>\n<\/div>\n<div class=\"\" style=\"font-family: system-ui, -apple-system, system-ui, '.SFNSText-Regular', sans-serif;color: #1c1e21;font-size: 14px;font-style: normal;font-weight: 400;letter-spacing: normal;text-align: start;text-indent: 0px;text-transform: none;background-color: #ffffff\" data-block=\"true\" data-editor=\"1c66b\" data-offset-key=\"6hfpe-0-0\">\n<div class=\"_1mf _1mj\" style=\"direction: ltr;text-align: left;font-family: inherit\" data-offset-key=\"6hfpe-0-0\"><span style=\"font-family: inherit\" data-offset-key=\"6hfpe-0-0\">Reiteramos el llamado a:<\/span><\/div>\n<\/div>\n<div class=\"\" style=\"font-family: system-ui, -apple-system, system-ui, '.SFNSText-Regular', sans-serif;color: #1c1e21;font-size: 14px;font-style: normal;font-weight: 400;letter-spacing: normal;text-align: start;text-indent: 0px;text-transform: none;background-color: #ffffff\" data-block=\"true\" data-editor=\"1c66b\" data-offset-key=\"7kn6s-0-0\">\n<div class=\"_1mf _1mj\" style=\"direction: ltr;text-align: left;font-family: inherit\" data-offset-key=\"7kn6s-0-0\"><span style=\"font-family: inherit\" data-offset-key=\"7kn6s-0-0\">Reducir al m\u00e1ximo, desechando s\u00f3lo lo necesario.<\/span><\/div>\n<\/div>\n<div class=\"\" style=\"font-family: system-ui, -apple-system, system-ui, '.SFNSText-Regular', sans-serif;color: #1c1e21;font-size: 14px;font-style: normal;font-weight: 400;letter-spacing: normal;text-align: start;text-indent: 0px;text-transform: none;background-color: #ffffff\" data-block=\"true\" data-editor=\"1c66b\" data-offset-key=\"32fgs-0-0\">\n<div class=\"_1mf _1mj\" style=\"direction: ltr;text-align: left;font-family: inherit\" data-offset-key=\"32fgs-0-0\"><span style=\"font-family: inherit\" data-offset-key=\"32fgs-0-0\">Reutilizar, no bote papeles y cartones.<\/span><\/div>\n<\/div>\n<div class=\"\" style=\"font-family: system-ui, -apple-system, system-ui, '.SFNSText-Regular', sans-serif;color: #1c1e21;font-size: 14px;font-style: normal;font-weight: 400;letter-spacing: normal;text-align: start;text-indent: 0px;text-transform: none;background-color: #ffffff\" data-block=\"true\" data-editor=\"1c66b\" data-offset-key=\"a1qq5-0-0\">\n<div class=\"_1mf _1mj\" style=\"direction: ltr;text-align: left;font-family: inherit\" data-offset-key=\"a1qq5-0-0\"><span style=\"font-family: inherit\" data-offset-key=\"a1qq5-0-0\">Reciclar, todos los materiales que puedan tener una segunda utilizaci\u00f3n.<\/span><\/div>\n<\/div>\n<\/div>\n<div>\n<div class=\"\" style=\"font-family: system-ui, -apple-system, system-ui, '.SFNSText-Regular', sans-serif;color: #1c1e21;font-size: 14px;font-style: normal;font-weight: 400;letter-spacing: normal;text-align: start;text-indent: 0px;text-transform: none;background-color: #ffffff\" data-block=\"true\" data-editor=\"1c66b\" data-offset-key=\"a1qq5-0-0\">\n<div class=\"_1mf _1mj\" style=\"direction: ltr;text-align: left;font-family: inherit\" data-offset-key=\"a1qq5-0-0\"><\/div>\n<div class=\"_1mf _1mj\" style=\"direction: ltr;text-align: left;font-family: inherit\" data-offset-key=\"a1qq5-0-0\"><span style=\"font-family: inherit\" data-offset-key=\"a1qq5-0-0\">CUADRANTE 1<\/span><\/div>\n<div class=\"_1mf _1mj\" style=\"direction: ltr;text-align: left;font-family: inherit\" data-offset-key=\"a1qq5-0-0\">\n<p style=\"text-align: justify;margin: 0px\"><span style=\"font-family: 'Arial',sans-serif\">corresponde a todas las viviendas comprendidas en el sector que cubre Arena Gruesa hasta Fuerte San Antonio, incluyendo Villa Fuerte Real. Sigue por el lado norte de esta calle para conectar con Baquedano, y bajar por calle O\u2019Higgins en direcci\u00f3n a la intersecci\u00f3n con Pedro Montt. Contin\u00faa por Almirante Latorre hasta Villa Las Araucarias y cubrir Villa Nueva Galicia. Abarca el costado del cerro Huaihuen que incorpora la poblaci\u00f3n Goleta Sebastiana, Casamar 1 y 2, Vista Hermosa y Jos\u00e9 Joaqu\u00edn Prieto. Este cuadrante comprende tambi\u00e9n las poblaciones de Bonilla, Borquez Solar y 22 de Mayo. Y todas las calles y pasajes al interior del sector.<\/span><\/p>\n<\/div>\n<div class=\"_1mf _1mj\" style=\"direction: ltr;text-align: left;font-family: inherit\" data-offset-key=\"a1qq5-0-0\"><\/div>\n<\/div>\n<\/div>\n<div>CUADRANTE 2<\/div>\n<div>\n<p style=\"text-align: justify;margin: 0px\"><span style=\"font-family: 'Arial',sans-serif\">corresponde el centro de Ancud. Este, est\u00e1 delimitado por la costanera Salvador Allende hasta calle Yungay, subiendo hasta la intersecci\u00f3n de Los Carreras. \u00a0Sigue por calle Yerbas Buenas, hasta Err\u00e1zuriz, baja hacia el centro por calle Pudeto y conecta con \u00a0calle San Carlos. Desde ah\u00ed por An\u00edbal Pinto, para continuar por calle Esmeralda, a un costado del Gimnasio fiscal hasta el encuentro con Almirante Latorre, cubriendo todo el lado sur de esta, hasta la intersecci\u00f3n con Baquedano. Para gira por San Antonio, y retornar por Lord Cochrane en direcci\u00f3n al muelle y la Costanera.<\/span><\/p>\n<p>&nbsp;<\/p>\n<p style=\"margin: 0px\"><span style=\"font-family: 'Arial',sans-serif\">Nuevamente le reiteramos el llamado a:<\/span><\/p>\n<p style=\"margin: 0px\"><span style=\"font-family: 'Arial',sans-serif\">Reducir al m\u00e1ximo, desechando s\u00f3lo lo necesario.<\/span><\/p>\n<p style=\"margin: 0px\"><span style=\"font-family: 'Arial',sans-serif\">Reutilizar, no bote papeles y cartones.<\/span><\/p>\n<p style=\"margin: 0px\"><span style=\"font-family: 'Arial',sans-serif\">Reciclar, todos los materiales que puedan tener una segunda utilizaci\u00f3n.<\/span><\/p>\n<p style=\"margin: 0px\"><span style=\"font-family: 'Arial',sans-serif\">Mapa Online para Cuadrantes y puntos de acopio y reciclaje.<\/span><\/p>\n<p style=\"margin: 0px\"><span style=\"font-family: 'Arial',sans-serif\">\u00a0<\/span><\/p>\n<p style=\"margin: 0px\"><span style=\"font-family: 'Arial',sans-serif\">https:\/\/www.google.com\/maps\/d\/u\/0\/viewer?hl=es&amp;mid=1HxEPnEKA74EbzjFELx87zTJ1m4-Hto1s&amp;ll=-41.85819506190286%2C-73.78723943308495&amp;z=13&amp;fbclid=IwAR3dko0QVFOrRR-2dezqs_C1CzGyWsKl2udSTvur8gvnkhb-hZE4PjO8bGY<\/span><\/p>\n<p style=\"margin: 0px\"><span style=\"font-family: 'Arial',sans-serif\">\u00a0<\/span><\/p>\n<p style=\"margin: 0px\"><span style=\"font-family: 'Arial',sans-serif\">Nuevamente le reiteramos el llamado a:<\/span><\/p>\n<p style=\"margin: 0px\"><span style=\"font-family: 'Arial',sans-serif\">Reducir al m\u00e1ximo, desechando s\u00f3lo lo necesario.<\/span><\/p>\n<p style=\"margin: 0px\"><span style=\"font-family: 'Arial',sans-serif\">Reutilizar, no bote papeles y cartones.<\/span><\/p>\n<p style=\"margin: 0px\"><span style=\"font-family: 'Arial',sans-serif\">Reciclar, todos los materiales que puedan tener una segunda utilizaci\u00f3n<\/span><\/p>\n<p style=\"margin: 0px\"><span style=\"font-family: 'Arial',sans-serif\">\u00a0<\/span><\/p>\n<p style=\"margin: 0px\"><span style=\"font-family: 'Arial',sans-serif\">Coordine operativos vecinales para el retiro de Chatarra o escombros, con la Direcci\u00f3n de Aseo y Ornato de la Ilustre Municipalidad de Ancud.<\/span><\/p>\n<p style=\"margin: 0px\"><span style=\"font-family: 'Arial',sans-serif\">Tel\u00e9fono: 65-2487669<\/span><\/p>\n<p style=\"margin: 0px\"><span style=\"font-family: 'Arial',sans-serif\">Consultas directas al WhatsApp +5696760450<\/span><\/p>\n<p><img loading=\"lazy\" decoding=\"async\" class=\"alignnone wp-image-25777 size-large\" src=\"https:\/\/www.muniancud.cl\/portal\/wp-content\/uploads\/2019\/09\/Recoleccio\u0301n-Residuos-So\u0301lidos-Domiciliarios-camnios-1024x736.png\" alt=\"\" width=\"696\" height=\"500\" srcset=\"https:\/\/www.muniancud.cl\/portal\/wp-content\/uploads\/2019\/09\/Recoleccio\u0301n-Residuos-So\u0301lidos-Domiciliarios-camnios-1024x736.png 1024w, https:\/\/www.muniancud.cl\/portal\/wp-content\/uploads\/2019\/09\/Recoleccio\u0301n-Residuos-So\u0301lidos-Domiciliarios-camnios-300x216.png 300w, https:\/\/www.muniancud.cl\/portal\/wp-content\/uploads\/2019\/09\/Recoleccio\u0301n-Residuos-So\u0301lidos-Domiciliarios-camnios-768x552.png 768w, https:\/\/www.muniancud.cl\/portal\/wp-content\/uploads\/2019\/09\/Recoleccio\u0301n-Residuos-So\u0301lidos-Domiciliarios-camnios-696x500.png 696w, https:\/\/www.muniancud.cl\/portal\/wp-content\/uploads\/2019\/09\/Recoleccio\u0301n-Residuos-So\u0301lidos-Domiciliarios-camnios-1068x767.png 1068w, https:\/\/www.muniancud.cl\/portal\/wp-content\/uploads\/2019\/09\/Recoleccio\u0301n-Residuos-So\u0301lidos-Domiciliarios-camnios-585x420.png 585w, https:\/\/www.muniancud.cl\/portal\/wp-content\/uploads\/2019\/09\/Recoleccio\u0301n-Residuos-So\u0301lidos-Domiciliarios-camnios-1920x1380.png 1920w\" sizes=\"auto, (max-width: 696px) 100vw, 696px\" \/><\/p>\n<p><img loading=\"lazy\" decoding=\"async\" class=\"alignnone wp-image-25665 size-large\" src=\"https:\/\/www.muniancud.cl\/portal\/wp-content\/uploads\/2019\/09\/Manejo-RSD-Puntos-de-reciclaje-1-1024x618.jpg\" alt=\"\" width=\"696\" height=\"420\" srcset=\"https:\/\/www.muniancud.cl\/portal\/wp-content\/uploads\/2019\/09\/Manejo-RSD-Puntos-de-reciclaje-1-1024x618.jpg 1024w, https:\/\/www.muniancud.cl\/portal\/wp-content\/uploads\/2019\/09\/Manejo-RSD-Puntos-de-reciclaje-1-300x181.jpg 300w, https:\/\/www.muniancud.cl\/portal\/wp-content\/uploads\/2019\/09\/Manejo-RSD-Puntos-de-reciclaje-1-768x464.jpg 768w, https:\/\/www.muniancud.cl\/portal\/wp-content\/uploads\/2019\/09\/Manejo-RSD-Puntos-de-reciclaje-1-696x420.jpg 696w, https:\/\/www.muniancud.cl\/portal\/wp-content\/uploads\/2019\/09\/Manejo-RSD-Puntos-de-reciclaje-1-1068x645.jpg 1068w, https:\/\/www.muniancud.cl\/portal\/wp-content\/uploads\/2019\/09\/Manejo-RSD-Puntos-de-reciclaje-1-1920x1159.jpg 1920w\" sizes=\"auto, (max-width: 696px) 100vw, 696px\" \/><\/p>\n<\/div>\n","protected":false},"excerpt":{"rendered":"<p>El servicio de recolecci\u00f3n de Residuos S\u00f3lidos domiciliarios de hoy lunes 4 de noviembre corresponde a los cuadrante 1 y 2. \u00a0 El servicio de recolecci\u00f3n est\u00e1 en labores desde las 10:30 hrs. Reiteramos el llamado a: Reducir al m\u00e1ximo, desechando s\u00f3lo lo necesario. Reutilizar, no bote papeles y cartones. Reciclar, todos los materiales que [&hellip;]<\/p>\n","protected":false},"author":4,"featured_media":0,"comment_status":"closed","ping_status":"closed","sticky":false,"template":"","format":"standard","meta":{"footnotes":""},"categories":[37],"tags":[],"class_list":["post-26062","post","type-post","status-publish","format-standard","hentry","category-alerta-sanitaria"],"_links":{"self":[{"href":"https:\/\/www.muniancud.cl\/portal\/wp-json\/wp\/v2\/posts\/26062","targetHints":{"allow":["GET"]}}],"collection":[{"href":"https:\/\/www.muniancud.cl\/portal\/wp-json\/wp\/v2\/posts"}],"about":[{"href":"https:\/\/www.muniancud.cl\/portal\/wp-json\/wp\/v2\/types\/post"}],"author":[{"embeddable":true,"href":"https:\/\/www.muniancud.cl\/portal\/wp-json\/wp\/v2\/users\/4"}],"replies":[{"embeddable":true,"href":"https:\/\/www.muniancud.cl\/portal\/wp-json\/wp\/v2\/comments?post=26062"}],"version-history":[{"count":2,"href":"https:\/\/www.muniancud.cl\/portal\/wp-json\/wp\/v2\/posts\/26062\/revisions"}],"predecessor-version":[{"id":26064,"href":"https:\/\/www.muniancud.cl\/portal\/wp-json\/wp\/v2\/posts\/26062\/revisions\/26064"}],"wp:attachment":[{"href":"https:\/\/www.muniancud.cl\/portal\/wp-json\/wp\/v2\/media?parent=26062"}],"wp:term":[{"taxonomy":"category","embeddable":true,"href":"https:\/\/www.muniancud.cl\/portal\/wp-json\/wp\/v2\/categories?post=26062"},{"taxonomy":"post_tag","embeddable":true,"href":"https:\/\/www.muniancud.cl\/portal\/wp-json\/wp\/v2\/tags?post=26062"}],"curies":[{"name":"wp","href":"https:\/\/api.w.org\/{rel}","templated":true}]}}