{"id":26071,"date":"2019-11-05T09:00:44","date_gmt":"2019-11-05T12:00:44","guid":{"rendered":"https:\/\/www.muniancud.cl\/portal\/?p=26071"},"modified":"2019-11-05T09:03:59","modified_gmt":"2019-11-05T12:03:59","slug":"servicio-de-recoleccion-de-residuos-solidos-domiciliarios-5-de-noviembre","status":"publish","type":"post","link":"https:\/\/www.muniancud.cl\/portal\/servicio-de-recoleccion-de-residuos-solidos-domiciliarios-5-de-noviembre\/","title":{"rendered":"Servicio de recolecci\u00f3n de Residuos S\u00f3lidos Domiciliarios 5 de noviembre"},"content":{"rendered":"<div>\n<div style=\"color: #222222;font-family: Verdana, Geneva, sans-serif;font-size: 15px;font-style: normal;font-weight: 400;letter-spacing: normal;text-align: start;text-indent: 0px;text-transform: none;background-color: #ffffff\">\n<div class=\"\" style=\"font-family: system-ui, -apple-system, system-ui, '.SFNSText-Regular', sans-serif;color: #1c1e21;font-size: 14px;font-style: normal;font-weight: 400;letter-spacing: normal;text-align: start;text-indent: 0px;text-transform: none;background-color: #ffffff\" data-block=\"true\" data-editor=\"1c66b\" data-offset-key=\"csbkm-0-0\">\n<div class=\"_1mf _1mj\" style=\"direction: ltr;text-align: left;font-family: inherit\" data-offset-key=\"csbkm-0-0\"><span style=\"font-family: inherit\" data-offset-key=\"csbkm-0-0\">El servicio de recolecci\u00f3n de Residuos S\u00f3lidos domiciliarios de hoy\u00a0martes 5\u00a0de noviembre corresponde a los cuadrante\u00a03<\/span><\/div>\n<\/div>\n<div class=\"\" style=\"font-family: system-ui, -apple-system, system-ui, '.SFNSText-Regular', sans-serif;color: #1c1e21;font-size: 14px;font-style: normal;font-weight: 400;letter-spacing: normal;text-align: start;text-indent: 0px;text-transform: none;background-color: #ffffff\" data-block=\"true\" data-editor=\"1c66b\" data-offset-key=\"crce9-0-0\">\n<div class=\"_1mf _1mj\" style=\"direction: ltr;text-align: left;font-family: inherit\" data-offset-key=\"crce9-0-0\"><span style=\"font-family: inherit\" data-offset-key=\"crce9-0-0\">\u00a0<\/span><\/div>\n<\/div>\n<div class=\"\" style=\"font-family: system-ui, -apple-system, system-ui, '.SFNSText-Regular', sans-serif;color: #1c1e21;font-size: 14px;font-style: normal;font-weight: 400;letter-spacing: normal;text-align: start;text-indent: 0px;text-transform: none;background-color: #ffffff\" data-block=\"true\" data-editor=\"1c66b\" data-offset-key=\"2g6pn-0-0\">\n<div class=\"_1mf _1mj\" style=\"direction: ltr;text-align: left;font-family: inherit\" data-offset-key=\"2g6pn-0-0\"><span style=\"font-family: inherit\" data-offset-key=\"2g6pn-0-0\">El servicio de recolecci\u00f3n est\u00e1 en labores desde las 10:30 hrs.<\/span><\/div>\n<div class=\"_1mf _1mj\" style=\"direction: ltr;text-align: left;font-family: inherit\" data-offset-key=\"2g6pn-0-0\"><span style=\"font-family: inherit\" data-offset-key=\"2g6pn-0-0\">Sin embargo, se encuentra en labores de recolecci\u00f3n el cami\u00f3n compactador en los sectores de Bonilla y JJPrieto, pendientes desde ayer.\u00a0<\/span><\/div>\n<div class=\"_1mf _1mj\" style=\"direction: ltr;text-align: left;font-family: inherit\" data-offset-key=\"2g6pn-0-0\"><\/div>\n<\/div>\n<div class=\"\" style=\"font-family: system-ui, -apple-system, system-ui, '.SFNSText-Regular', sans-serif;color: #1c1e21;font-size: 14px;font-style: normal;font-weight: 400;letter-spacing: normal;text-align: start;text-indent: 0px;text-transform: none;background-color: #ffffff\" data-block=\"true\" data-editor=\"1c66b\" data-offset-key=\"6hfpe-0-0\">\n<div class=\"_1mf _1mj\" style=\"direction: ltr;text-align: left;font-family: inherit\" data-offset-key=\"6hfpe-0-0\"><span style=\"font-family: inherit\" data-offset-key=\"6hfpe-0-0\">Reiteramos el llamado a:<\/span><\/div>\n<\/div>\n<div class=\"\" style=\"font-family: system-ui, -apple-system, system-ui, '.SFNSText-Regular', sans-serif;color: #1c1e21;font-size: 14px;font-style: normal;font-weight: 400;letter-spacing: normal;text-align: start;text-indent: 0px;text-transform: none;background-color: #ffffff\" data-block=\"true\" data-editor=\"1c66b\" data-offset-key=\"7kn6s-0-0\">\n<div class=\"_1mf _1mj\" style=\"direction: ltr;text-align: left;font-family: inherit\" data-offset-key=\"7kn6s-0-0\"><span style=\"font-family: inherit\" data-offset-key=\"7kn6s-0-0\">Reducir al m\u00e1ximo, desechando s\u00f3lo lo necesario.<\/span><\/div>\n<\/div>\n<div class=\"\" style=\"font-family: system-ui, -apple-system, system-ui, '.SFNSText-Regular', sans-serif;color: #1c1e21;font-size: 14px;font-style: normal;font-weight: 400;letter-spacing: normal;text-align: start;text-indent: 0px;text-transform: none;background-color: #ffffff\" data-block=\"true\" data-editor=\"1c66b\" data-offset-key=\"32fgs-0-0\">\n<div class=\"_1mf _1mj\" style=\"direction: ltr;text-align: left;font-family: inherit\" data-offset-key=\"32fgs-0-0\"><span style=\"font-family: inherit\" data-offset-key=\"32fgs-0-0\">Reutilizar, no bote papeles y cartones.<\/span><\/div>\n<\/div>\n<div class=\"\" style=\"font-family: system-ui, -apple-system, system-ui, '.SFNSText-Regular', sans-serif;color: #1c1e21;font-size: 14px;font-style: normal;font-weight: 400;letter-spacing: normal;text-align: start;text-indent: 0px;text-transform: none;background-color: #ffffff\" data-block=\"true\" data-editor=\"1c66b\" data-offset-key=\"a1qq5-0-0\">\n<div class=\"_1mf _1mj\" style=\"direction: ltr;text-align: left;font-family: inherit\" data-offset-key=\"a1qq5-0-0\"><span style=\"font-family: inherit\" data-offset-key=\"a1qq5-0-0\">Reciclar, todos los materiales que puedan tener una segunda utilizaci\u00f3n.<\/span><\/div>\n<\/div>\n<\/div>\n<div style=\"color: #222222;font-family: Verdana, Geneva, sans-serif;font-size: 15px;font-style: normal;font-weight: 400;letter-spacing: normal;text-align: start;text-indent: 0px;text-transform: none;background-color: #ffffff\">\n<div class=\"\" style=\"font-family: system-ui, -apple-system, system-ui, '.SFNSText-Regular', sans-serif;color: #1c1e21;font-size: 14px;font-style: normal;font-weight: 400;letter-spacing: normal;text-align: start;text-indent: 0px;text-transform: none;background-color: #ffffff\" data-block=\"true\" data-editor=\"1c66b\" data-offset-key=\"a1qq5-0-0\">\n<div class=\"_1mf _1mj\" style=\"direction: ltr;text-align: left;font-family: inherit\" data-offset-key=\"a1qq5-0-0\"><\/div>\n<div class=\"_1mf _1mj\" style=\"direction: ltr;text-align: left;font-family: inherit\" data-offset-key=\"a1qq5-0-0\"><span style=\"font-family: inherit\" data-offset-key=\"a1qq5-0-0\">CUADRANTE 3 desde las 10:30 am<\/span><\/div>\n<div class=\"_1mf _1mj\" style=\"direction: ltr;text-align: left;font-family: inherit\" data-offset-key=\"a1qq5-0-0\"><span style=\"font-family: inherit\" data-offset-key=\"a1qq5-0-0\"><span style=\"font-size: 12.0pt;font-family: 'Arial',sans-serif\">Hacia el sur de la ciudad, comprende a todos los domicilios que se encuentran en el per\u00edmetro que forman las calles que van desde Yungay, Los Carreras y parte de Yerbas Buenas. Contin\u00faa por Pepita Manns y Primero de Mayo hacia el sur, limita con el ESFOCAR de Carabineros, incorporando las poblaciones Bellavista 1, 2, 3 y 4, adem\u00e1s de Villa Archipi\u00e9lago. Contin\u00faa hacia el sur, por costanera y abarca las poblaciones Primero de Mayo, Poblaci\u00f3n Libertad, y Villa Subercaseaux. Componen este cuadrante, adem\u00e1s las poblaciones F\u00e1tima, Lomas de Puquillihue, Villa Esperanza, Villa Solidaridad y Cardenal Silva Henr\u00edquez.<\/span><\/span><\/div>\n<\/div>\n<\/div>\n<\/div>\n<div>\n<p style=\"font-family: Verdana, Geneva, sans-serif;font-size: 15px;line-height: 26px;margin: 0px;color: #222222;font-style: normal;font-weight: 400;letter-spacing: normal;text-align: start;text-indent: 0px;text-transform: none;background-color: #ffffff\"><span style=\"font-family: Arial, sans-serif\">Nuevamente le reiteramos el llamado a:<\/span><\/p>\n<p style=\"font-family: Verdana, Geneva, sans-serif;font-size: 15px;line-height: 26px;margin: 0px;color: #222222;font-style: normal;font-weight: 400;letter-spacing: normal;text-align: start;text-indent: 0px;text-transform: none;background-color: #ffffff\"><span style=\"font-family: Arial, sans-serif\">Reducir al m\u00e1ximo, desechando s\u00f3lo lo necesario.<\/span><\/p>\n<p style=\"font-family: Verdana, Geneva, sans-serif;font-size: 15px;line-height: 26px;margin: 0px;color: #222222;font-style: normal;font-weight: 400;letter-spacing: normal;text-align: start;text-indent: 0px;text-transform: none;background-color: #ffffff\"><span style=\"font-family: Arial, sans-serif\">Reutilizar, no bote papeles y cartones.<\/span><\/p>\n<p style=\"font-family: Verdana, Geneva, sans-serif;font-size: 15px;line-height: 26px;margin: 0px;color: #222222;font-style: normal;font-weight: 400;letter-spacing: normal;text-align: start;text-indent: 0px;text-transform: none;background-color: #ffffff\"><span style=\"font-family: Arial, sans-serif\">Reciclar, todos los materiales que puedan tener una segunda utilizaci\u00f3n.<\/span><\/p>\n<p style=\"font-family: Verdana, Geneva, sans-serif;font-size: 15px;line-height: 26px;margin: 0px;color: #222222;font-style: normal;font-weight: 400;letter-spacing: normal;text-align: start;text-indent: 0px;text-transform: none;background-color: #ffffff\"><span style=\"font-family: Arial, sans-serif\">Mapa Online para Cuadrantes y puntos de acopio y reciclaje.<\/span><\/p>\n<p style=\"font-family: Verdana, Geneva, sans-serif;font-size: 15px;line-height: 26px;margin: 0px;color: #222222;font-style: normal;font-weight: 400;letter-spacing: normal;text-align: start;text-indent: 0px;text-transform: none;background-color: #ffffff\"><span style=\"font-family: Arial, sans-serif\">\u00a0<\/span><\/p>\n<p style=\"font-family: Verdana, Geneva, sans-serif;font-size: 15px;line-height: 26px;margin: 0px;color: #222222;font-style: normal;font-weight: 400;letter-spacing: normal;text-align: start;text-indent: 0px;text-transform: none;background-color: #ffffff\"><span style=\"font-family: Arial, sans-serif\">https:\/\/www.google.com\/maps\/d\/u\/0\/viewer?hl=es&amp;mid=1HxEPnEKA74EbzjFELx87zTJ1m4-Hto1s&amp;ll=-41.85819506190286%2C-73.78723943308495&amp;z=13&amp;fbclid=IwAR3dko0QVFOrRR-2dezqs_C1CzGyWsKl2udSTvur8gvnkhb-hZE4PjO8bGY<\/span><\/p>\n<p style=\"font-family: Verdana, Geneva, sans-serif;font-size: 15px;line-height: 26px;margin: 0px;color: #222222;font-style: normal;font-weight: 400;letter-spacing: normal;text-align: start;text-indent: 0px;text-transform: none;background-color: #ffffff\"><span style=\"font-family: Arial, sans-serif\">Nuevamente le reiteramos el llamado a:<\/span><\/p>\n<p style=\"font-family: Verdana, Geneva, sans-serif;font-size: 15px;line-height: 26px;margin: 0px;color: #222222;font-style: normal;font-weight: 400;letter-spacing: normal;text-align: start;text-indent: 0px;text-transform: none;background-color: #ffffff\"><span style=\"font-family: Arial, sans-serif\">Reducir al m\u00e1ximo, desechando s\u00f3lo lo necesario.<\/span><\/p>\n<p style=\"font-family: Verdana, Geneva, sans-serif;font-size: 15px;line-height: 26px;margin: 0px;color: #222222;font-style: normal;font-weight: 400;letter-spacing: normal;text-align: start;text-indent: 0px;text-transform: none;background-color: #ffffff\"><span style=\"font-family: Arial, sans-serif\">Reutilizar, no bote papeles y cartones.<\/span><\/p>\n<p style=\"font-family: Verdana, Geneva, sans-serif;font-size: 15px;line-height: 26px;margin: 0px;color: #222222;font-style: normal;font-weight: 400;letter-spacing: normal;text-align: start;text-indent: 0px;text-transform: none;background-color: #ffffff\"><span style=\"font-family: Arial, sans-serif\">Reciclar, todos los materiales que puedan tener una segunda utilizaci\u00f3n<\/span><\/p>\n<p style=\"font-family: Verdana, Geneva, sans-serif;font-size: 15px;line-height: 26px;margin: 0px;color: #222222;font-style: normal;font-weight: 400;letter-spacing: normal;text-align: start;text-indent: 0px;text-transform: none;background-color: #ffffff\"><span style=\"font-family: Arial, sans-serif\">\u00a0<\/span><\/p>\n<p style=\"font-family: Verdana, Geneva, sans-serif;font-size: 15px;line-height: 26px;margin: 0px;color: #222222;font-style: normal;font-weight: 400;letter-spacing: normal;text-align: start;text-indent: 0px;text-transform: none;background-color: #ffffff\"><span style=\"font-family: Arial, sans-serif\">Coordine operativos vecinales para el retiro de Chatarra o escombros, con la Direcci\u00f3n de Aseo y Ornato de la Ilustre Municipalidad de Ancud.<\/span><\/p>\n<p style=\"font-family: Verdana, Geneva, sans-serif;font-size: 15px;line-height: 26px;margin: 0px;color: #222222;font-style: normal;font-weight: 400;letter-spacing: normal;text-align: start;text-indent: 0px;text-transform: none;background-color: #ffffff\"><span style=\"font-family: Arial, sans-serif\">Tel\u00e9fono: 65-2487669<\/span><\/p>\n<p style=\"font-family: Verdana, Geneva, sans-serif;font-size: 15px;line-height: 26px;margin: 0px;color: #222222;font-style: normal;font-weight: 400;letter-spacing: normal;text-align: start;text-indent: 0px;text-transform: none;background-color: #ffffff\"><span style=\"font-family: Arial, sans-serif\">Consultas directas al WhatsApp +5696760450<\/span><\/p>\n<p><img loading=\"lazy\" decoding=\"async\" class=\"alignnone wp-image-25777 size-large\" src=\"https:\/\/www.muniancud.cl\/portal\/wp-content\/uploads\/2019\/09\/Recoleccio\u0301n-Residuos-So\u0301lidos-Domiciliarios-camnios-1024x736.png\" alt=\"\" width=\"696\" height=\"500\" srcset=\"https:\/\/www.muniancud.cl\/portal\/wp-content\/uploads\/2019\/09\/Recoleccio\u0301n-Residuos-So\u0301lidos-Domiciliarios-camnios-1024x736.png 1024w, https:\/\/www.muniancud.cl\/portal\/wp-content\/uploads\/2019\/09\/Recoleccio\u0301n-Residuos-So\u0301lidos-Domiciliarios-camnios-300x216.png 300w, https:\/\/www.muniancud.cl\/portal\/wp-content\/uploads\/2019\/09\/Recoleccio\u0301n-Residuos-So\u0301lidos-Domiciliarios-camnios-768x552.png 768w, https:\/\/www.muniancud.cl\/portal\/wp-content\/uploads\/2019\/09\/Recoleccio\u0301n-Residuos-So\u0301lidos-Domiciliarios-camnios-696x500.png 696w, https:\/\/www.muniancud.cl\/portal\/wp-content\/uploads\/2019\/09\/Recoleccio\u0301n-Residuos-So\u0301lidos-Domiciliarios-camnios-1068x767.png 1068w, https:\/\/www.muniancud.cl\/portal\/wp-content\/uploads\/2019\/09\/Recoleccio\u0301n-Residuos-So\u0301lidos-Domiciliarios-camnios-585x420.png 585w, https:\/\/www.muniancud.cl\/portal\/wp-content\/uploads\/2019\/09\/Recoleccio\u0301n-Residuos-So\u0301lidos-Domiciliarios-camnios-1920x1380.png 1920w\" sizes=\"auto, (max-width: 696px) 100vw, 696px\" \/><\/p>\n<p><img loading=\"lazy\" decoding=\"async\" class=\"alignnone wp-image-25665 size-large\" src=\"https:\/\/www.muniancud.cl\/portal\/wp-content\/uploads\/2019\/09\/Manejo-RSD-Puntos-de-reciclaje-1-1024x618.jpg\" alt=\"\" width=\"696\" height=\"420\" srcset=\"https:\/\/www.muniancud.cl\/portal\/wp-content\/uploads\/2019\/09\/Manejo-RSD-Puntos-de-reciclaje-1-1024x618.jpg 1024w, https:\/\/www.muniancud.cl\/portal\/wp-content\/uploads\/2019\/09\/Manejo-RSD-Puntos-de-reciclaje-1-300x181.jpg 300w, https:\/\/www.muniancud.cl\/portal\/wp-content\/uploads\/2019\/09\/Manejo-RSD-Puntos-de-reciclaje-1-768x464.jpg 768w, https:\/\/www.muniancud.cl\/portal\/wp-content\/uploads\/2019\/09\/Manejo-RSD-Puntos-de-reciclaje-1-696x420.jpg 696w, https:\/\/www.muniancud.cl\/portal\/wp-content\/uploads\/2019\/09\/Manejo-RSD-Puntos-de-reciclaje-1-1068x645.jpg 1068w, https:\/\/www.muniancud.cl\/portal\/wp-content\/uploads\/2019\/09\/Manejo-RSD-Puntos-de-reciclaje-1-1920x1159.jpg 1920w\" sizes=\"auto, (max-width: 696px) 100vw, 696px\" \/><\/p>\n<\/div>\n","protected":false},"excerpt":{"rendered":"<p>El servicio de recolecci\u00f3n de Residuos S\u00f3lidos domiciliarios de hoy\u00a0martes 5\u00a0de noviembre corresponde a los cuadrante\u00a03 \u00a0 El servicio de recolecci\u00f3n est\u00e1 en labores desde las 10:30 hrs. Sin embargo, se encuentra en labores de recolecci\u00f3n el cami\u00f3n compactador en los sectores de Bonilla y JJPrieto, pendientes desde ayer.\u00a0 Reiteramos el llamado a: Reducir al [&hellip;]<\/p>\n","protected":false},"author":4,"featured_media":0,"comment_status":"closed","ping_status":"closed","sticky":false,"template":"","format":"standard","meta":{"footnotes":""},"categories":[37],"tags":[],"class_list":["post-26071","post","type-post","status-publish","format-standard","hentry","category-alerta-sanitaria"],"_links":{"self":[{"href":"https:\/\/www.muniancud.cl\/portal\/wp-json\/wp\/v2\/posts\/26071","targetHints":{"allow":["GET"]}}],"collection":[{"href":"https:\/\/www.muniancud.cl\/portal\/wp-json\/wp\/v2\/posts"}],"about":[{"href":"https:\/\/www.muniancud.cl\/portal\/wp-json\/wp\/v2\/types\/post"}],"author":[{"embeddable":true,"href":"https:\/\/www.muniancud.cl\/portal\/wp-json\/wp\/v2\/users\/4"}],"replies":[{"embeddable":true,"href":"https:\/\/www.muniancud.cl\/portal\/wp-json\/wp\/v2\/comments?post=26071"}],"version-history":[{"count":1,"href":"https:\/\/www.muniancud.cl\/portal\/wp-json\/wp\/v2\/posts\/26071\/revisions"}],"predecessor-version":[{"id":26072,"href":"https:\/\/www.muniancud.cl\/portal\/wp-json\/wp\/v2\/posts\/26071\/revisions\/26072"}],"wp:attachment":[{"href":"https:\/\/www.muniancud.cl\/portal\/wp-json\/wp\/v2\/media?parent=26071"}],"wp:term":[{"taxonomy":"category","embeddable":true,"href":"https:\/\/www.muniancud.cl\/portal\/wp-json\/wp\/v2\/categories?post=26071"},{"taxonomy":"post_tag","embeddable":true,"href":"https:\/\/www.muniancud.cl\/portal\/wp-json\/wp\/v2\/tags?post=26071"}],"curies":[{"name":"wp","href":"https:\/\/api.w.org\/{rel}","templated":true}]}}