{"id":26080,"date":"2019-11-06T08:54:37","date_gmt":"2019-11-06T11:54:37","guid":{"rendered":"https:\/\/www.muniancud.cl\/portal\/?p=26080"},"modified":"2019-11-06T09:30:29","modified_gmt":"2019-11-06T12:30:29","slug":"servicio-de-recoleccion-de-residuos-solidos-domiciliarios-6-de-noviembre","status":"publish","type":"post","link":"https:\/\/www.muniancud.cl\/portal\/servicio-de-recoleccion-de-residuos-solidos-domiciliarios-6-de-noviembre\/","title":{"rendered":"Servicio de recolecci\u00f3n de Residuos S\u00f3lidos Domiciliarios 6 de noviembre"},"content":{"rendered":"<div class=\"\" data-block=\"true\" data-editor=\"bu7ko\" data-offset-key=\"cc04g-0-0\"><\/div>\n<div class=\"\" data-block=\"true\" data-editor=\"bu7ko\" data-offset-key=\"5dna7-0-0\">\n<div class=\"_1mf _1mj\" data-offset-key=\"5dna7-0-0\"><span data-offset-key=\"5dna7-0-0\">El servicio de recolecci\u00f3n de Residuos S\u00f3lidos domiciliarios de hoy mi\u00e9rcoles 6 de noviembre corresponde a los cuadrante y y sector rural de Linao, interiores, Pumanzano, Belb\u00e9n hasta Aguas Buenas. <\/span><\/div>\n<\/div>\n<div class=\"\" data-block=\"true\" data-editor=\"bu7ko\" data-offset-key=\"9atag-0-0\">\n<div class=\"_1mf _1mj\" data-offset-key=\"9atag-0-0\"><\/div>\n<\/div>\n<div class=\"\" data-block=\"true\" data-editor=\"bu7ko\" data-offset-key=\"63ukr-0-0\">\n<div class=\"_1mf _1mj\" data-offset-key=\"63ukr-0-0\"><span data-offset-key=\"63ukr-0-0\">El servicio de recolecci\u00f3n est\u00e1 en labores desde las 10:00 hrs. En el centro se iniciaron las labores de recolecci\u00f3n desde las 08:20 hrs.<\/span><\/div>\n<\/div>\n<div class=\"\" data-block=\"true\" data-editor=\"bu7ko\" data-offset-key=\"2fud5-0-0\">\n<div class=\"_1mf _1mj\" data-offset-key=\"2fud5-0-0\"><span data-offset-key=\"2fud5-0-0\">\u00a0<\/span><\/div>\n<\/div>\n<div class=\"\" data-block=\"true\" data-editor=\"bu7ko\" data-offset-key=\"3cef1-0-0\">\n<div class=\"_1mf _1mj\" data-offset-key=\"3cef1-0-0\"><span data-offset-key=\"3cef1-0-0\">A las 10:00 am, se realiza recolecci\u00f3n en el sector Lomas de Puquillihue, pendiente desde ayer. <\/span><\/div>\n<\/div>\n<div class=\"\" data-block=\"true\" data-editor=\"bu7ko\" data-offset-key=\"7d78n-0-0\">\n<div class=\"_1mf _1mj\" data-offset-key=\"7d78n-0-0\"><span data-offset-key=\"7d78n-0-0\">\u00a0<\/span><\/div>\n<\/div>\n<div class=\"\" data-block=\"true\" data-editor=\"bu7ko\" data-offset-key=\"7efns-0-0\">\n<div class=\"_1mf _1mj\" data-offset-key=\"7efns-0-0\"><span data-offset-key=\"7efns-0-0\">Reiteramos el llamado a:<\/span><\/div>\n<\/div>\n<div class=\"\" data-block=\"true\" data-editor=\"bu7ko\" data-offset-key=\"9hm69-0-0\">\n<div class=\"_1mf _1mj\" data-offset-key=\"9hm69-0-0\"><span data-offset-key=\"9hm69-0-0\">Reducir al m\u00e1ximo, desechando s\u00f3lo lo necesario.<\/span><\/div>\n<\/div>\n<div class=\"\" data-block=\"true\" data-editor=\"bu7ko\" data-offset-key=\"68neb-0-0\">\n<div class=\"_1mf _1mj\" data-offset-key=\"68neb-0-0\"><span data-offset-key=\"68neb-0-0\">Reutilizar, no bote papeles y cartones.<\/span><\/div>\n<\/div>\n<div class=\"\" data-block=\"true\" data-editor=\"bu7ko\" data-offset-key=\"35km7-0-0\">\n<div class=\"_1mf _1mj\" data-offset-key=\"35km7-0-0\"><span data-offset-key=\"35km7-0-0\">Reciclar, todos los materiales que puedan tener una segunda utilizaci\u00f3n.<\/span><\/div>\n<\/div>\n<div class=\"\" data-block=\"true\" data-editor=\"bu7ko\" data-offset-key=\"for43-0-0\">\n<div class=\"_1mf _1mj\" data-offset-key=\"for43-0-0\"><span data-offset-key=\"for43-0-0\">\u00a0<\/span><\/div>\n<\/div>\n<div class=\"\" data-block=\"true\" data-editor=\"bu7ko\" data-offset-key=\"aoi1k-0-0\">\n<div class=\"_1mf _1mj\" data-offset-key=\"aoi1k-0-0\"><span data-offset-key=\"aoi1k-0-0\">CUADRANTE 2<\/span><\/div>\n<\/div>\n<div class=\"\" data-block=\"true\" data-editor=\"bu7ko\" data-offset-key=\"38gep-0-0\">\n<div class=\"_1mf _1mj\" data-offset-key=\"38gep-0-0\"><span data-offset-key=\"38gep-0-0\">corresponde el centro de Ancud. Este, est\u00e1 delimitado por la costanera Salvador Allende hasta calle Yungay, subiendo hasta la intersecci\u00f3n de Los Carreras. Sigue por calle Yerbas Buenas, hasta Err\u00e1zuriz, baja hacia el centro por calle Pudeto y conecta con calle San Carlos. Desde ah\u00ed por An\u00edbal Pinto, para continuar por calle Esmeralda, a un costado del Gimnasio fiscal hasta el encuentro con Almirante Latorre, cubriendo todo el lado sur de esta, hasta la intersecci\u00f3n con Baquedano. Para gira por San Antonio, y retornar por Lord Cochrane en direcci\u00f3n al muelle y la Costanera.<\/span><\/div>\n<\/div>\n<div class=\"\" data-block=\"true\" data-editor=\"bu7ko\" data-offset-key=\"5piaj-0-0\">\n<div class=\"_1mf _1mj\" data-offset-key=\"5piaj-0-0\"><span data-offset-key=\"5piaj-0-0\">\u00a0<\/span><\/div>\n<\/div>\n<div class=\"\" data-block=\"true\" data-editor=\"bu7ko\" data-offset-key=\"7g2lm-0-0\">\n<div class=\"_1mf _1mj\" data-offset-key=\"7g2lm-0-0\"><span data-offset-key=\"7g2lm-0-0\">Nuevamente le reiteramos el llamado a:<\/span><\/div>\n<\/div>\n<div class=\"\" data-block=\"true\" data-editor=\"bu7ko\" data-offset-key=\"2im1m-0-0\">\n<div class=\"_1mf _1mj\" data-offset-key=\"2im1m-0-0\"><span data-offset-key=\"2im1m-0-0\">Reducir al m\u00e1ximo, desechando s\u00f3lo lo necesario.<\/span><\/div>\n<\/div>\n<div class=\"\" data-block=\"true\" data-editor=\"bu7ko\" data-offset-key=\"140ah-0-0\">\n<div class=\"_1mf _1mj\" data-offset-key=\"140ah-0-0\"><span data-offset-key=\"140ah-0-0\">Reutilizar, no bote papeles y cartones.<\/span><\/div>\n<\/div>\n<div class=\"\" data-block=\"true\" data-editor=\"bu7ko\" data-offset-key=\"buoum-0-0\">\n<div class=\"_1mf _1mj\" data-offset-key=\"buoum-0-0\"><span data-offset-key=\"buoum-0-0\">Reciclar, todos los materiales que puedan tener una segunda utilizaci\u00f3n.<\/span><\/div>\n<\/div>\n<div class=\"\" data-block=\"true\" data-editor=\"bu7ko\" data-offset-key=\"2ptri-0-0\">\n<div class=\"_1mf _1mj\" data-offset-key=\"2ptri-0-0\"><span data-offset-key=\"2ptri-0-0\">\u00a0<\/span><\/div>\n<\/div>\n<div class=\"\" data-block=\"true\" data-editor=\"bu7ko\" data-offset-key=\"7teqp-0-0\">\n<div class=\"_1mf _1mj\" data-offset-key=\"7teqp-0-0\"><span data-offset-key=\"7teqp-0-0\">Mapa Online para Cuadrantes y puntos de acopio y reciclaje.<\/span><\/div>\n<\/div>\n<div class=\"\" data-block=\"true\" data-editor=\"bu7ko\" data-offset-key=\"dr413-0-0\">\n<div class=\"_1mf _1mj\" data-offset-key=\"dr413-0-0\"><span data-offset-key=\"dr413-0-0\">https:\/\/www.google.com\/maps\/d\/u\/0\/viewer?hl=es&amp;mid=1HxEPnEKA74EbzjFELx87zTJ1m4-Hto1s&amp;ll=-41.85819506190286%2C-73.78723943308495&amp;z=13&amp;fbclid=IwAR3dko0QVFOrRR-2dezqs_C1CzGyWsKl2udSTvur8gvnkhb-hZE4PjO8bGY<\/span><\/div>\n<\/div>\n<div class=\"\" data-block=\"true\" data-editor=\"bu7ko\" data-offset-key=\"7r0bc-0-0\">\n<div class=\"_1mf _1mj\" data-offset-key=\"7r0bc-0-0\"><span data-offset-key=\"7r0bc-0-0\">\u00a0<\/span><\/div>\n<\/div>\n<div class=\"\" data-block=\"true\" data-editor=\"bu7ko\" data-offset-key=\"5g0ao-0-0\">\n<div class=\"_1mf _1mj\" data-offset-key=\"5g0ao-0-0\"><span data-offset-key=\"5g0ao-0-0\">Nuevamente le reiteramos el llamado a:<\/span><\/div>\n<\/div>\n<div class=\"\" data-block=\"true\" data-editor=\"bu7ko\" data-offset-key=\"sgat-0-0\">\n<div class=\"_1mf _1mj\" data-offset-key=\"sgat-0-0\"><span data-offset-key=\"sgat-0-0\">Reducir al m\u00e1ximo, desechando s\u00f3lo lo necesario.<\/span><\/div>\n<\/div>\n<div class=\"\" data-block=\"true\" data-editor=\"bu7ko\" data-offset-key=\"1rie0-0-0\">\n<div class=\"_1mf _1mj\" data-offset-key=\"1rie0-0-0\"><span data-offset-key=\"1rie0-0-0\">Reutilizar, no bote papeles y cartones.<\/span><\/div>\n<\/div>\n<div class=\"\" data-block=\"true\" data-editor=\"bu7ko\" data-offset-key=\"6o6ke-0-0\">\n<div class=\"_1mf _1mj\" data-offset-key=\"6o6ke-0-0\"><span data-offset-key=\"6o6ke-0-0\">Reciclar, todos los materiales que puedan tener una segunda utilizaci\u00f3n<\/span><\/div>\n<\/div>\n<div class=\"\" data-block=\"true\" data-editor=\"bu7ko\" data-offset-key=\"fu83r-0-0\">\n<div class=\"_1mf _1mj\" data-offset-key=\"fu83r-0-0\"><span data-offset-key=\"fu83r-0-0\">\u00a0<\/span><\/div>\n<\/div>\n<div class=\"\" data-block=\"true\" data-editor=\"bu7ko\" data-offset-key=\"6n1rs-0-0\">\n<div class=\"_1mf _1mj\" data-offset-key=\"6n1rs-0-0\"><span data-offset-key=\"6n1rs-0-0\">Coordine operativos vecinales para el retiro de Chatarra o escombros, con la Direcci\u00f3n de Aseo y Ornato de la Ilustre Municipalidad de Ancud.<\/span><\/div>\n<\/div>\n<div class=\"\" data-block=\"true\" data-editor=\"bu7ko\" data-offset-key=\"dvrih-0-0\">\n<div class=\"_1mf _1mj\" data-offset-key=\"dvrih-0-0\"><span data-offset-key=\"dvrih-0-0\">Tel\u00e9fono: 65-2487669<\/span><\/div>\n<\/div>\n<div class=\"\" data-block=\"true\" data-editor=\"bu7ko\" data-offset-key=\"2a46u-0-0\">\n<div class=\"_1mf _1mj\" data-offset-key=\"2a46u-0-0\"><span data-offset-key=\"2a46u-0-0\">Consultas directas al WhatsApp +5696760450<\/span><\/div>\n<div data-offset-key=\"2a46u-0-0\"><img loading=\"lazy\" decoding=\"async\" class=\"alignnone wp-image-25777 size-large\" src=\"https:\/\/www.muniancud.cl\/portal\/wp-content\/uploads\/2019\/09\/Recoleccio\u0301n-Residuos-So\u0301lidos-Domiciliarios-camnios-1024x736.png\" alt=\"\" width=\"696\" height=\"500\" srcset=\"https:\/\/www.muniancud.cl\/portal\/wp-content\/uploads\/2019\/09\/Recoleccio\u0301n-Residuos-So\u0301lidos-Domiciliarios-camnios-1024x736.png 1024w, https:\/\/www.muniancud.cl\/portal\/wp-content\/uploads\/2019\/09\/Recoleccio\u0301n-Residuos-So\u0301lidos-Domiciliarios-camnios-300x216.png 300w, https:\/\/www.muniancud.cl\/portal\/wp-content\/uploads\/2019\/09\/Recoleccio\u0301n-Residuos-So\u0301lidos-Domiciliarios-camnios-768x552.png 768w, https:\/\/www.muniancud.cl\/portal\/wp-content\/uploads\/2019\/09\/Recoleccio\u0301n-Residuos-So\u0301lidos-Domiciliarios-camnios-696x500.png 696w, https:\/\/www.muniancud.cl\/portal\/wp-content\/uploads\/2019\/09\/Recoleccio\u0301n-Residuos-So\u0301lidos-Domiciliarios-camnios-1068x767.png 1068w, https:\/\/www.muniancud.cl\/portal\/wp-content\/uploads\/2019\/09\/Recoleccio\u0301n-Residuos-So\u0301lidos-Domiciliarios-camnios-585x420.png 585w, https:\/\/www.muniancud.cl\/portal\/wp-content\/uploads\/2019\/09\/Recoleccio\u0301n-Residuos-So\u0301lidos-Domiciliarios-camnios-1920x1380.png 1920w\" sizes=\"auto, (max-width: 696px) 100vw, 696px\" \/><\/div>\n<div data-offset-key=\"2a46u-0-0\"><img loading=\"lazy\" decoding=\"async\" class=\"alignnone wp-image-25665 size-large\" src=\"https:\/\/www.muniancud.cl\/portal\/wp-content\/uploads\/2019\/09\/Manejo-RSD-Puntos-de-reciclaje-1-1024x618.jpg\" alt=\"\" width=\"696\" height=\"420\" srcset=\"https:\/\/www.muniancud.cl\/portal\/wp-content\/uploads\/2019\/09\/Manejo-RSD-Puntos-de-reciclaje-1-1024x618.jpg 1024w, https:\/\/www.muniancud.cl\/portal\/wp-content\/uploads\/2019\/09\/Manejo-RSD-Puntos-de-reciclaje-1-300x181.jpg 300w, https:\/\/www.muniancud.cl\/portal\/wp-content\/uploads\/2019\/09\/Manejo-RSD-Puntos-de-reciclaje-1-768x464.jpg 768w, https:\/\/www.muniancud.cl\/portal\/wp-content\/uploads\/2019\/09\/Manejo-RSD-Puntos-de-reciclaje-1-696x420.jpg 696w, https:\/\/www.muniancud.cl\/portal\/wp-content\/uploads\/2019\/09\/Manejo-RSD-Puntos-de-reciclaje-1-1068x645.jpg 1068w, https:\/\/www.muniancud.cl\/portal\/wp-content\/uploads\/2019\/09\/Manejo-RSD-Puntos-de-reciclaje-1-1920x1159.jpg 1920w\" sizes=\"auto, (max-width: 696px) 100vw, 696px\" \/><\/div>\n<\/div>\n","protected":false},"excerpt":{"rendered":"<p>El servicio de recolecci\u00f3n de Residuos S\u00f3lidos domiciliarios de hoy mi\u00e9rcoles 6 de noviembre corresponde a los cuadrante y y sector rural de Linao, interiores, Pumanzano, Belb\u00e9n hasta Aguas Buenas. El servicio de recolecci\u00f3n est\u00e1 en labores desde las 10:00 hrs. En el centro se iniciaron las labores de recolecci\u00f3n desde las 08:20 hrs. \u00a0 [&hellip;]<\/p>\n","protected":false},"author":4,"featured_media":0,"comment_status":"closed","ping_status":"closed","sticky":false,"template":"","format":"standard","meta":{"footnotes":""},"categories":[37],"tags":[],"class_list":["post-26080","post","type-post","status-publish","format-standard","hentry","category-alerta-sanitaria"],"_links":{"self":[{"href":"https:\/\/www.muniancud.cl\/portal\/wp-json\/wp\/v2\/posts\/26080","targetHints":{"allow":["GET"]}}],"collection":[{"href":"https:\/\/www.muniancud.cl\/portal\/wp-json\/wp\/v2\/posts"}],"about":[{"href":"https:\/\/www.muniancud.cl\/portal\/wp-json\/wp\/v2\/types\/post"}],"author":[{"embeddable":true,"href":"https:\/\/www.muniancud.cl\/portal\/wp-json\/wp\/v2\/users\/4"}],"replies":[{"embeddable":true,"href":"https:\/\/www.muniancud.cl\/portal\/wp-json\/wp\/v2\/comments?post=26080"}],"version-history":[{"count":1,"href":"https:\/\/www.muniancud.cl\/portal\/wp-json\/wp\/v2\/posts\/26080\/revisions"}],"predecessor-version":[{"id":26081,"href":"https:\/\/www.muniancud.cl\/portal\/wp-json\/wp\/v2\/posts\/26080\/revisions\/26081"}],"wp:attachment":[{"href":"https:\/\/www.muniancud.cl\/portal\/wp-json\/wp\/v2\/media?parent=26080"}],"wp:term":[{"taxonomy":"category","embeddable":true,"href":"https:\/\/www.muniancud.cl\/portal\/wp-json\/wp\/v2\/categories?post=26080"},{"taxonomy":"post_tag","embeddable":true,"href":"https:\/\/www.muniancud.cl\/portal\/wp-json\/wp\/v2\/tags?post=26080"}],"curies":[{"name":"wp","href":"https:\/\/api.w.org\/{rel}","templated":true}]}}