{"id":26088,"date":"2019-11-07T08:49:09","date_gmt":"2019-11-07T11:49:09","guid":{"rendered":"https:\/\/www.muniancud.cl\/portal\/?p=26088"},"modified":"2019-11-07T08:51:11","modified_gmt":"2019-11-07T11:51:11","slug":"servicio-de-recoleccion-de-residuos-solidos-domiciliarios-7-de-noviembre","status":"publish","type":"post","link":"https:\/\/www.muniancud.cl\/portal\/servicio-de-recoleccion-de-residuos-solidos-domiciliarios-7-de-noviembre\/","title":{"rendered":"Servicio de recolecci\u00f3n de Residuos S\u00f3lidos Domiciliarios 7 de noviembre"},"content":{"rendered":"<div class=\"\" data-block=\"true\" data-editor=\"c76if\" data-offset-key=\"4g2hj-0-0\">\n<div class=\"_1mf _1mj\" data-offset-key=\"4g2hj-0-0\"><span data-offset-key=\"4g2hj-0-0\">El servicio de recolecci\u00f3n de Residuos S\u00f3lidos domiciliarios de hoy jueves 7 de noviembre corresponde al cuadrante 4<\/span><\/div>\n<\/div>\n<div class=\"\" data-block=\"true\" data-editor=\"c76if\" data-offset-key=\"8eppu-0-0\">\n<div class=\"_1mf _1mj\" data-offset-key=\"8eppu-0-0\"><span data-offset-key=\"8eppu-0-0\">\u00a0<\/span><\/div>\n<\/div>\n<div class=\"\" data-block=\"true\" data-editor=\"c76if\" data-offset-key=\"1jjmp-0-0\">\n<div class=\"_1mf _1mj\" data-offset-key=\"1jjmp-0-0\"><span data-offset-key=\"1jjmp-0-0\">El servicio de recolecci\u00f3n comienza a las 10:00 am.<\/span><\/div>\n<\/div>\n<div class=\"\" data-block=\"true\" data-editor=\"c76if\" data-offset-key=\"emuuq-0-0\">\n<div class=\"_1mf _1mj\" data-offset-key=\"emuuq-0-0\"><\/div>\n<\/div>\n<div class=\"\" data-block=\"true\" data-editor=\"c76if\" data-offset-key=\"47vv5-0-0\">\n<div class=\"_1mf _1mj\" data-offset-key=\"47vv5-0-0\"><span data-offset-key=\"47vv5-0-0\">Reiteramos el llamado a:<\/span><\/div>\n<\/div>\n<div class=\"\" data-block=\"true\" data-editor=\"c76if\" data-offset-key=\"1fth9-0-0\">\n<div class=\"_1mf _1mj\" data-offset-key=\"1fth9-0-0\"><span data-offset-key=\"1fth9-0-0\">Reducir al m\u00e1ximo, desechando s\u00f3lo lo necesario.<\/span><\/div>\n<\/div>\n<div class=\"\" data-block=\"true\" data-editor=\"c76if\" data-offset-key=\"o76e-0-0\">\n<div class=\"_1mf _1mj\" data-offset-key=\"o76e-0-0\"><span data-offset-key=\"o76e-0-0\">Reutilizar, no bote papeles y cartones.<\/span><\/div>\n<\/div>\n<div class=\"\" data-block=\"true\" data-editor=\"c76if\" data-offset-key=\"7h5a8-0-0\">\n<div class=\"_1mf _1mj\" data-offset-key=\"7h5a8-0-0\"><span data-offset-key=\"7h5a8-0-0\">Reciclar, todos los materiales que puedan tener una segunda utilizaci\u00f3n.<\/span><\/div>\n<\/div>\n<div class=\"\" data-block=\"true\" data-editor=\"c76if\" data-offset-key=\"cl1k9-0-0\">\n<div class=\"_1mf _1mj\" data-offset-key=\"cl1k9-0-0\"><span data-offset-key=\"cl1k9-0-0\">\u00a0<\/span><\/div>\n<\/div>\n<div class=\"\" data-block=\"true\" data-editor=\"c76if\" data-offset-key=\"8aq9u-0-0\">\n<div class=\"_1mf _1mj\" data-offset-key=\"8aq9u-0-0\"><span data-offset-key=\"8aq9u-0-0\">CUADRANTE 4<\/span><\/div>\n<\/div>\n<div class=\"\" data-block=\"true\" data-editor=\"c76if\" data-offset-key=\"fscul-0-0\">\n<div class=\"_1mf _1mj\" data-offset-key=\"fscul-0-0\"><span data-offset-key=\"fscul-0-0\">Corresponde a los hogares dentro del per\u00edmetro formado por las calles Yerbas Buenas, Err\u00e1zuriz hacia la punta de diamante con calle Pudeto, hasta San Carlos. Desde ah\u00ed toma calle Esmeralda y contin\u00faa por Almirante Latorre para cubrir Villa Chilo\u00e9. Girar al sur en la intersecci\u00f3n de An\u00edbal Pinto con Calle Nueva, para conectar con Caicumeo en la misma direcci\u00f3n. Cubre las poblaciones y sectores de esta calle hasta llegar a Altos de Caracoles, Villa Las Artes, Villa San Juan de Dios, Villa Rosaura, y continuar a un costado del ESFOCAR de Carabineros, conectando con la poblaci\u00f3n In\u00e9s de Baz\u00e1n y Cinco de Abril. Se incluyen en este cuadrante Villa O\u2019Higgins, Cabo Vergara, Villa Tantauco, Comandante Araya, adem\u00e1s del sector sur de calle Caicumeo.<\/span><\/div>\n<\/div>\n<div class=\"\" data-block=\"true\" data-editor=\"c76if\" data-offset-key=\"379v8-0-0\">\n<div class=\"_1mf _1mj\" data-offset-key=\"379v8-0-0\"><span data-offset-key=\"379v8-0-0\">\u00a0<\/span><\/div>\n<\/div>\n<div class=\"\" data-block=\"true\" data-editor=\"c76if\" data-offset-key=\"8koi9-0-0\">\n<div class=\"_1mf _1mj\" data-offset-key=\"8koi9-0-0\"><span data-offset-key=\"8koi9-0-0\">Nuevamente le reiteramos el llamado a:<\/span><\/div>\n<\/div>\n<div class=\"\" data-block=\"true\" data-editor=\"c76if\" data-offset-key=\"8iabu-0-0\">\n<div class=\"_1mf _1mj\" data-offset-key=\"8iabu-0-0\"><span data-offset-key=\"8iabu-0-0\">Reducir al m\u00e1ximo, desechando s\u00f3lo lo necesario.<\/span><\/div>\n<\/div>\n<div class=\"\" data-block=\"true\" data-editor=\"c76if\" data-offset-key=\"1o8h4-0-0\">\n<div class=\"_1mf _1mj\" data-offset-key=\"1o8h4-0-0\"><span data-offset-key=\"1o8h4-0-0\">Reutilizar, no bote papeles y cartones.<\/span><\/div>\n<\/div>\n<div class=\"\" data-block=\"true\" data-editor=\"c76if\" data-offset-key=\"4s9rj-0-0\">\n<div class=\"_1mf _1mj\" data-offset-key=\"4s9rj-0-0\"><span data-offset-key=\"4s9rj-0-0\">Reciclar, todos los materiales que puedan tener una segunda utilizaci\u00f3n.<\/span><\/div>\n<\/div>\n<div class=\"\" data-block=\"true\" data-editor=\"c76if\" data-offset-key=\"baec7-0-0\">\n<div class=\"_1mf _1mj\" data-offset-key=\"baec7-0-0\"><\/div>\n<\/div>\n<div class=\"\" data-block=\"true\" data-editor=\"c76if\" data-offset-key=\"28ocl-0-0\">\n<div class=\"_1mf _1mj\" data-offset-key=\"28ocl-0-0\"><span data-offset-key=\"28ocl-0-0\">Mapa Online para Cuadrantes y puntos de acopio y reciclaje.<\/span><\/div>\n<\/div>\n<div class=\"\" data-block=\"true\" data-editor=\"c76if\" data-offset-key=\"8vfjo-0-0\">\n<div class=\"_1mf _1mj\" data-offset-key=\"8vfjo-0-0\"><span data-offset-key=\"8vfjo-0-0\">https:\/\/www.google.com\/maps\/d\/u\/0\/viewer?hl=es&amp;mid=1HxEPnEKA74EbzjFELx87zTJ1m4-Hto1s&amp;ll=-41.85819506190286%2C-73.78723943308495&amp;z=13&amp;fbclid=IwAR3dko0QVFOrRR-2dezqs_C1CzGyWsKl2udSTvur8gvnkhb-hZE4PjO8bGY<\/span><\/div>\n<\/div>\n<div class=\"\" data-block=\"true\" data-editor=\"c76if\" data-offset-key=\"ajrkq-0-0\">\n<div class=\"_1mf _1mj\" data-offset-key=\"ajrkq-0-0\"><\/div>\n<\/div>\n<div class=\"\" data-block=\"true\" data-editor=\"c76if\" data-offset-key=\"3vqdc-0-0\">\n<div class=\"_1mf _1mj\" data-offset-key=\"3vqdc-0-0\"><span data-offset-key=\"3vqdc-0-0\">Nuevamente le reiteramos el llamado a:<\/span><\/div>\n<\/div>\n<div class=\"\" data-block=\"true\" data-editor=\"c76if\" data-offset-key=\"7hbp-0-0\">\n<div class=\"_1mf _1mj\" data-offset-key=\"7hbp-0-0\"><span data-offset-key=\"7hbp-0-0\">Reducir al m\u00e1ximo, desechando s\u00f3lo lo necesario.<\/span><\/div>\n<\/div>\n<div class=\"\" data-block=\"true\" data-editor=\"c76if\" data-offset-key=\"6jrpu-0-0\">\n<div class=\"_1mf _1mj\" data-offset-key=\"6jrpu-0-0\"><span data-offset-key=\"6jrpu-0-0\">Reutilizar, no bote papeles y cartones.<\/span><\/div>\n<\/div>\n<div class=\"\" data-block=\"true\" data-editor=\"c76if\" data-offset-key=\"fb187-0-0\">\n<div class=\"_1mf _1mj\" data-offset-key=\"fb187-0-0\"><span data-offset-key=\"fb187-0-0\">Reciclar, todos los materiales que puedan tener una segunda utilizaci\u00f3n<\/span><\/div>\n<\/div>\n<div class=\"\" data-block=\"true\" data-editor=\"c76if\" data-offset-key=\"bmklg-0-0\">\n<div class=\"_1mf _1mj\" data-offset-key=\"bmklg-0-0\"><\/div>\n<\/div>\n<div class=\"\" data-block=\"true\" data-editor=\"c76if\" data-offset-key=\"ee9fp-0-0\">\n<div class=\"_1mf _1mj\" data-offset-key=\"ee9fp-0-0\"><span data-offset-key=\"ee9fp-0-0\">Coordine operativos vecinales para el retiro de Chatarra o escombros, con la Direcci\u00f3n de Aseo y Ornato de la Ilustre Municipalidad de Ancud.<\/span><\/div>\n<\/div>\n<div class=\"\" data-block=\"true\" data-editor=\"c76if\" data-offset-key=\"e3mfh-0-0\">\n<div class=\"_1mf _1mj\" data-offset-key=\"e3mfh-0-0\"><span data-offset-key=\"e3mfh-0-0\">Tel\u00e9fono: 65-2487669<\/span><\/div>\n<\/div>\n<div class=\"\" data-block=\"true\" data-editor=\"c76if\" data-offset-key=\"ftm4h-0-0\">\n<div class=\"_1mf _1mj\" data-offset-key=\"ftm4h-0-0\"><span data-offset-key=\"ftm4h-0-0\">Consultas directas al WhatsApp +56967604504<img loading=\"lazy\" decoding=\"async\" class=\"alignnone wp-image-25777 size-large\" src=\"https:\/\/www.muniancud.cl\/portal\/wp-content\/uploads\/2019\/09\/Recoleccio\u0301n-Residuos-So\u0301lidos-Domiciliarios-camnios-1024x736.png\" alt=\"\" width=\"696\" height=\"500\" srcset=\"https:\/\/www.muniancud.cl\/portal\/wp-content\/uploads\/2019\/09\/Recoleccio\u0301n-Residuos-So\u0301lidos-Domiciliarios-camnios-1024x736.png 1024w, https:\/\/www.muniancud.cl\/portal\/wp-content\/uploads\/2019\/09\/Recoleccio\u0301n-Residuos-So\u0301lidos-Domiciliarios-camnios-300x216.png 300w, https:\/\/www.muniancud.cl\/portal\/wp-content\/uploads\/2019\/09\/Recoleccio\u0301n-Residuos-So\u0301lidos-Domiciliarios-camnios-768x552.png 768w, https:\/\/www.muniancud.cl\/portal\/wp-content\/uploads\/2019\/09\/Recoleccio\u0301n-Residuos-So\u0301lidos-Domiciliarios-camnios-696x500.png 696w, https:\/\/www.muniancud.cl\/portal\/wp-content\/uploads\/2019\/09\/Recoleccio\u0301n-Residuos-So\u0301lidos-Domiciliarios-camnios-1068x767.png 1068w, https:\/\/www.muniancud.cl\/portal\/wp-content\/uploads\/2019\/09\/Recoleccio\u0301n-Residuos-So\u0301lidos-Domiciliarios-camnios-585x420.png 585w, https:\/\/www.muniancud.cl\/portal\/wp-content\/uploads\/2019\/09\/Recoleccio\u0301n-Residuos-So\u0301lidos-Domiciliarios-camnios-1920x1380.png 1920w\" sizes=\"auto, (max-width: 696px) 100vw, 696px\" \/><\/span><\/div>\n<div data-offset-key=\"ftm4h-0-0\"><img loading=\"lazy\" decoding=\"async\" class=\"alignnone wp-image-25665 size-large\" src=\"https:\/\/www.muniancud.cl\/portal\/wp-content\/uploads\/2019\/09\/Manejo-RSD-Puntos-de-reciclaje-1-1024x618.jpg\" alt=\"\" width=\"696\" height=\"420\" srcset=\"https:\/\/www.muniancud.cl\/portal\/wp-content\/uploads\/2019\/09\/Manejo-RSD-Puntos-de-reciclaje-1-1024x618.jpg 1024w, https:\/\/www.muniancud.cl\/portal\/wp-content\/uploads\/2019\/09\/Manejo-RSD-Puntos-de-reciclaje-1-300x181.jpg 300w, https:\/\/www.muniancud.cl\/portal\/wp-content\/uploads\/2019\/09\/Manejo-RSD-Puntos-de-reciclaje-1-768x464.jpg 768w, https:\/\/www.muniancud.cl\/portal\/wp-content\/uploads\/2019\/09\/Manejo-RSD-Puntos-de-reciclaje-1-696x420.jpg 696w, https:\/\/www.muniancud.cl\/portal\/wp-content\/uploads\/2019\/09\/Manejo-RSD-Puntos-de-reciclaje-1-1068x645.jpg 1068w, https:\/\/www.muniancud.cl\/portal\/wp-content\/uploads\/2019\/09\/Manejo-RSD-Puntos-de-reciclaje-1-1920x1159.jpg 1920w\" sizes=\"auto, (max-width: 696px) 100vw, 696px\" \/><\/div>\n<\/div>\n","protected":false},"excerpt":{"rendered":"<p>El servicio de recolecci\u00f3n de Residuos S\u00f3lidos domiciliarios de hoy jueves 7 de noviembre corresponde al cuadrante 4 \u00a0 El servicio de recolecci\u00f3n comienza a las 10:00 am. Reiteramos el llamado a: Reducir al m\u00e1ximo, desechando s\u00f3lo lo necesario. Reutilizar, no bote papeles y cartones. Reciclar, todos los materiales que puedan tener una segunda utilizaci\u00f3n. [&hellip;]<\/p>\n","protected":false},"author":4,"featured_media":0,"comment_status":"closed","ping_status":"closed","sticky":false,"template":"","format":"standard","meta":{"footnotes":""},"categories":[37],"tags":[],"class_list":["post-26088","post","type-post","status-publish","format-standard","hentry","category-alerta-sanitaria"],"_links":{"self":[{"href":"https:\/\/www.muniancud.cl\/portal\/wp-json\/wp\/v2\/posts\/26088","targetHints":{"allow":["GET"]}}],"collection":[{"href":"https:\/\/www.muniancud.cl\/portal\/wp-json\/wp\/v2\/posts"}],"about":[{"href":"https:\/\/www.muniancud.cl\/portal\/wp-json\/wp\/v2\/types\/post"}],"author":[{"embeddable":true,"href":"https:\/\/www.muniancud.cl\/portal\/wp-json\/wp\/v2\/users\/4"}],"replies":[{"embeddable":true,"href":"https:\/\/www.muniancud.cl\/portal\/wp-json\/wp\/v2\/comments?post=26088"}],"version-history":[{"count":1,"href":"https:\/\/www.muniancud.cl\/portal\/wp-json\/wp\/v2\/posts\/26088\/revisions"}],"predecessor-version":[{"id":26089,"href":"https:\/\/www.muniancud.cl\/portal\/wp-json\/wp\/v2\/posts\/26088\/revisions\/26089"}],"wp:attachment":[{"href":"https:\/\/www.muniancud.cl\/portal\/wp-json\/wp\/v2\/media?parent=26088"}],"wp:term":[{"taxonomy":"category","embeddable":true,"href":"https:\/\/www.muniancud.cl\/portal\/wp-json\/wp\/v2\/categories?post=26088"},{"taxonomy":"post_tag","embeddable":true,"href":"https:\/\/www.muniancud.cl\/portal\/wp-json\/wp\/v2\/tags?post=26088"}],"curies":[{"name":"wp","href":"https:\/\/api.w.org\/{rel}","templated":true}]}}