{"id":26093,"date":"2019-11-08T17:02:33","date_gmt":"2019-11-08T20:02:33","guid":{"rendered":"https:\/\/www.muniancud.cl\/portal\/?p=26093"},"modified":"2019-11-09T05:04:15","modified_gmt":"2019-11-09T08:04:15","slug":"alcalde-de-ancud-llama-a-consulta-ciudadana-vinculante-para-abordar-demandas-sociales","status":"publish","type":"post","link":"https:\/\/www.muniancud.cl\/portal\/alcalde-de-ancud-llama-a-consulta-ciudadana-vinculante-para-abordar-demandas-sociales\/","title":{"rendered":"Alcalde de Ancud llama a consulta ciudadana vinculante para abordar demandas sociales"},"content":{"rendered":"<p>Con la participaci\u00f3n del alcalde Carlos G\u00f3mez, como el \u00fanico edil representante del Archipi\u00e9lago de Chilo\u00e9, este jueves pasado, se realiz\u00f3 la asamblea extraordinaria de la Asociaci\u00f3n Chilena de Municipalidades en la ciudad de Santiago. La instancia determin\u00f3 la realizaci\u00f3n de una consulta ciudadana vinculante, para el pr\u00f3ximo siete de diciembre. El encuentro, cont\u00f3 con representantes de municipios de todo el pa\u00eds, con el objetivo de buscar una respuesta a las demandas de la ciudadan\u00eda ante la grave crisis pol\u00edtica y social que vive el territorio nacional. Manifestaciones ciudadanas que completan tres semanas consecutivas, las que han sido duramente reprimidas por el gobierno, sin respuestas concretas a las peticiones de la poblaci\u00f3n en todo el pa\u00eds.<\/p>\n<p>Cabe destacar que la comuna de Ancud, se ha expresado masiva y pac\u00edficamente a lo largo de estas semanas, contando con el respaldo responsable del alcalde G\u00f3mez y la comunidad. En este sentido, el encuentro realizado en la capital, resolvi\u00f3 mediante acuerdo de las municipalidades, realizar la consulta con car\u00e1cter vinculante y simult\u00e1nea en todo el pa\u00eds. As\u00ed los detalla el alcalde, quien destac\u00f3 la necesidad de dar respuestas a las demandas de la poblaci\u00f3n y que afectan su calidad de vida.<\/p>\n<p>\u201c<em>En esta consulta se van a realizar, algunas que hoy d\u00eda est\u00e1n definidas y otras que se van a definir a trav\u00e9s del mandato que le ha dado la asamblea extraordinaria a la mesa directiva de la asociaci\u00f3n chilena de municipalidades. Los temas que se van a consultar a la ciudadan\u00eda son los siguientes, necesidad o no de una nueva Constituci\u00f3n para Chile, priorizar las demandas sociales mas sentidas por la ciudadan\u00eda como, por ejemplo, pensiones, salud, equidad, sueldos, servicios b\u00e1sicos transporte, seguridad, medioambiente, pueblos originarios, agua, corrupci\u00f3n y abuso, entre otros. Y tambi\u00e9n qued\u00f3 establecido por la asamblea, de que cada regi\u00f3n podr\u00e1 incorporar temas de inter\u00e9s de la regi\u00f3n. Es por eso que se hace sumamente importante, que dentro de los pr\u00f3ximos d\u00edas comencemos a dise\u00f1ar algunas preguntas que se puedan incorporar dentro de esta consulta nacional, y que tengan relaci\u00f3n con cosas un poco m\u00e1s locales, u otros requerimientos de car\u00e1cter nacional que no est\u00e9n incorporadas en este bosquejo que hoy d\u00eda tiene la asociaci\u00f3n chilena de municipalidades<\/em>\u201d, manifest\u00f3 el alcalde, con el fin de recoger la opini\u00f3n de la comunidad para que se manifieste libre y democr\u00e1ticamente a trav\u00e9s de este procedimiento.<\/p>\n<p>Sobre el alcance del proceso, el alcalde G\u00f3mez, destac\u00f3 el valor otorgado por la Asociaci\u00f3n de Municipalidades a la consulta ciudadana. \u201cH<em>emos se\u00f1alado que los resultados de esta consulta sean vinculantes. Para que realmente se tome la decisi\u00f3n final que considere la ciudadan\u00eda. Algunos podr\u00e1n decir que ha sido un poco tarde, que se han dejado pasar muchos d\u00edas de movilizaci\u00f3n, pero tambi\u00e9n es importante que la comunidad sepa, que este es un clamor que nace de la ciudadan\u00eda y como tal, debe ser la ciudadan\u00eda que libremente se exprese<\/em>\u201d, manifestando el edil, agregando que queda en manos de la mesa directiva, las gestiones necesarias para la realizaci\u00f3n de la consulta, como son, los recursos y coordinaciones que garanticen el proceso.<\/p>\n<p>Sobre los acontecimientos de violencia acontecidos durante estas tres semanas, el alcalde G\u00f3mez, inform\u00f3 tambi\u00e9n la decisi\u00f3n de los ediles presentes en la Asamblea. \u201c<em>Condenar en forma clara, fuerte, contundente, las violaciones a los Derechos Humanos que se han dado en el contexto de todas estas movilizaciones. Yo quisiera tambi\u00e9n se\u00f1alar que, como Municipalidad, nos hicimos parte de este proceso. Estuvimos apoyando, desde el primer momento, la convocatoria y los temas acordados. Quiero se\u00f1alar, que fuimos el \u00fanico municipio de la provincia de Chilo\u00e9 presente en esta asamblea. Si bien es cierto, hubo varios alcaldes de la regi\u00f3n, pero de la provincia de Chilo\u00e9, solamente estuvo presente quien les habla. Coincid\u00eda lamentablemente con la convocatoria que hab\u00eda hecho la primera autoridad regional, el se\u00f1or Intendente, para reunirnos el d\u00eda de ayer (jueves) en Castro. Yo ya hab\u00eda tenido la posibilidad de estar junto al intendente en una reuni\u00f3n que nos convoc\u00f3 en Puerto Montt a todos los alcaldes de la regi\u00f3n, y donde tambi\u00e9n fui el \u00fanico alcalde de Chilo\u00e9, porque no fue nadie. Y me parec\u00eda de suma importancia que mi presencia, ten\u00eda mayor relevancia en Santiago, por las materias que se iban a abordar y por el impacto que ello iba a tener ante la poblaci\u00f3n<\/em>\u201d, argument\u00f3 el alcalde, en referencia a la cita sostenida por la autoridad regional en la capital provincial, instancia que solo abord\u00f3 en lo medular, la reasignaci\u00f3n de recursos del a\u00f1o 2020, oferta que no est\u00e1 exenta de criticas.<\/p>\n<p>Por \u00faltimo, el alcalde G\u00f3mez puntualiz\u00f3 que es labor de la mesa directiva de la Asociaci\u00f3n, coordinar el proceso con las diferentes instancias estatales para garantizar la representaci\u00f3n de cada comuna, provincia y regi\u00f3n del pa\u00eds. \u201c<em>Para que se pueda transformar en ley, y se puedan transformas los acuerdos, en los plazos que correspondan, pero que realmente la comunidad sienta que no solamente se consulta, si no que, se ejecuta el mandato a trav\u00e9s de esta consulta el d\u00eda siete<\/em>\u201d, finaliz\u00f3 el alcalde de Ancud Carlos G\u00f3mez Miranda.<\/p>\n","protected":false},"excerpt":{"rendered":"<p>Con la participaci\u00f3n del alcalde Carlos G\u00f3mez, como el \u00fanico edil representante del Archipi\u00e9lago de Chilo\u00e9, este jueves pasado, se realiz\u00f3 la asamblea extraordinaria de la Asociaci\u00f3n Chilena de Municipalidades en la ciudad de Santiago. La instancia determin\u00f3 la realizaci\u00f3n de una consulta ciudadana vinculante, para el pr\u00f3ximo siete de diciembre. El encuentro, cont\u00f3 con [&hellip;]<\/p>\n","protected":false},"author":4,"featured_media":26094,"comment_status":"closed","ping_status":"closed","sticky":false,"template":"","format":"standard","meta":{"footnotes":""},"categories":[4],"tags":[],"class_list":["post-26093","post","type-post","status-publish","format-standard","has-post-thumbnail","hentry","category-sala-de-prensa"],"_links":{"self":[{"href":"https:\/\/www.muniancud.cl\/portal\/wp-json\/wp\/v2\/posts\/26093","targetHints":{"allow":["GET"]}}],"collection":[{"href":"https:\/\/www.muniancud.cl\/portal\/wp-json\/wp\/v2\/posts"}],"about":[{"href":"https:\/\/www.muniancud.cl\/portal\/wp-json\/wp\/v2\/types\/post"}],"author":[{"embeddable":true,"href":"https:\/\/www.muniancud.cl\/portal\/wp-json\/wp\/v2\/users\/4"}],"replies":[{"embeddable":true,"href":"https:\/\/www.muniancud.cl\/portal\/wp-json\/wp\/v2\/comments?post=26093"}],"version-history":[{"count":1,"href":"https:\/\/www.muniancud.cl\/portal\/wp-json\/wp\/v2\/posts\/26093\/revisions"}],"predecessor-version":[{"id":26095,"href":"https:\/\/www.muniancud.cl\/portal\/wp-json\/wp\/v2\/posts\/26093\/revisions\/26095"}],"wp:featuredmedia":[{"embeddable":true,"href":"https:\/\/www.muniancud.cl\/portal\/wp-json\/wp\/v2\/media\/26094"}],"wp:attachment":[{"href":"https:\/\/www.muniancud.cl\/portal\/wp-json\/wp\/v2\/media?parent=26093"}],"wp:term":[{"taxonomy":"category","embeddable":true,"href":"https:\/\/www.muniancud.cl\/portal\/wp-json\/wp\/v2\/categories?post=26093"},{"taxonomy":"post_tag","embeddable":true,"href":"https:\/\/www.muniancud.cl\/portal\/wp-json\/wp\/v2\/tags?post=26093"}],"curies":[{"name":"wp","href":"https:\/\/api.w.org\/{rel}","templated":true}]}}