{"id":26100,"date":"2019-11-12T08:47:47","date_gmt":"2019-11-12T11:47:47","guid":{"rendered":"https:\/\/www.muniancud.cl\/portal\/?p=26100"},"modified":"2019-11-12T08:59:27","modified_gmt":"2019-11-12T11:59:27","slug":"servicio-de-recoleccion-de-residuos-solidos-domiciliarios-12-de-noviembre","status":"publish","type":"post","link":"https:\/\/www.muniancud.cl\/portal\/servicio-de-recoleccion-de-residuos-solidos-domiciliarios-12-de-noviembre\/","title":{"rendered":"Servicio de recolecci\u00f3n de Residuos S\u00f3lidos Domiciliarios 12 de noviembre"},"content":{"rendered":"<div>Informamos que producto del paro convocado y que se encuentra en desarrollo hoy 12 de noviembre, y que ha generado la imposibilidad de realizar la disposici\u00f3n de residuos s\u00f3lidos domiciliarios, en el vertedero autorizado por la autoridad de salud regional, el servicio de recolecci\u00f3n no se realiza este d\u00eda martes.<\/div>\n<div><\/div>\n<div>Por este motivo, se informa y solicita a las y los vecinos de Ancud, a no sacar los desechos domiciliarios ya que el servicio de hoy martes 12 de no noviembre no se realizar\u00e1 por las razones ya expuesta.<\/div>\n<div><\/div>\n<div>Reiteramos el llamado a no\u00a0dejar\u00a0los desechos en la v\u00eda p\u00fablica y a contenerlos adecuadamente en los hogares.<\/div>\n<div><\/div>\n<div>Adicionalmente, llamamos a informarse responsablemente, por los canales oficiales, a no caer en la desinformaci\u00f3n por trascendidos.<\/div>\n<div>La informaci\u00f3n se difunde s\u00f3lo por la p\u00e1gina web municipal: www.muniancud.cl y el facebook oficial del municipio ancuditano, desde ah\u00ed a medios de comunicaci\u00f3n y los habitantes de la\u00a0comuna\u00a0en general.<\/div>\n<div><\/div>\n<div>Agradecemos la comprensi\u00f3n.<\/div>\n<div><\/div>\n<div>\n<div class=\"\" style=\"color: #222222;font-family: Verdana, Geneva, sans-serif;font-size: 15px;font-style: normal;font-weight: 400;letter-spacing: normal;text-align: start;text-indent: 0px;text-transform: none;background-color: #ffffff\" data-block=\"true\" data-editor=\"c76if\" data-offset-key=\"8koi9-0-0\">\n<div class=\"_1mf _1mj\" data-offset-key=\"8koi9-0-0\"><span data-offset-key=\"8koi9-0-0\">Reiteramos el llamado a:<\/span><\/div>\n<\/div>\n<div class=\"\" style=\"color: #222222;font-family: Verdana, Geneva, sans-serif;font-size: 15px;font-style: normal;font-weight: 400;letter-spacing: normal;text-align: start;text-indent: 0px;text-transform: none;background-color: #ffffff\" data-block=\"true\" data-editor=\"c76if\" data-offset-key=\"8iabu-0-0\">\n<div class=\"_1mf _1mj\" data-offset-key=\"8iabu-0-0\"><span data-offset-key=\"8iabu-0-0\">Reducir al m\u00e1ximo, desechando s\u00f3lo lo necesario.<\/span><\/div>\n<\/div>\n<div class=\"\" style=\"color: #222222;font-family: Verdana, Geneva, sans-serif;font-size: 15px;font-style: normal;font-weight: 400;letter-spacing: normal;text-align: start;text-indent: 0px;text-transform: none;background-color: #ffffff\" data-block=\"true\" data-editor=\"c76if\" data-offset-key=\"1o8h4-0-0\">\n<div class=\"_1mf _1mj\" data-offset-key=\"1o8h4-0-0\"><span data-offset-key=\"1o8h4-0-0\">Reutilizar, no bote papeles y cartones.<\/span><\/div>\n<\/div>\n<div class=\"\" style=\"color: #222222;font-family: Verdana, Geneva, sans-serif;font-size: 15px;font-style: normal;font-weight: 400;letter-spacing: normal;text-align: start;text-indent: 0px;text-transform: none;background-color: #ffffff\" data-block=\"true\" data-editor=\"c76if\" data-offset-key=\"4s9rj-0-0\">\n<div class=\"_1mf _1mj\" data-offset-key=\"4s9rj-0-0\"><span data-offset-key=\"4s9rj-0-0\">Reciclar, todos los materiales que puedan tener una segunda utilizaci\u00f3n.<\/span><\/div>\n<\/div>\n<div class=\"\" style=\"color: #222222;font-family: Verdana, Geneva, sans-serif;font-size: 15px;font-style: normal;font-weight: 400;letter-spacing: normal;text-align: start;text-indent: 0px;text-transform: none;background-color: #ffffff\" data-block=\"true\" data-editor=\"c76if\" data-offset-key=\"baec7-0-0\">\n<div class=\"_1mf _1mj\" data-offset-key=\"baec7-0-0\"><\/div>\n<\/div>\n<div class=\"\" style=\"color: #222222;font-family: Verdana, Geneva, sans-serif;font-size: 15px;font-style: normal;font-weight: 400;letter-spacing: normal;text-align: start;text-indent: 0px;text-transform: none;background-color: #ffffff\" data-block=\"true\" data-editor=\"c76if\" data-offset-key=\"28ocl-0-0\">\n<div class=\"_1mf _1mj\" data-offset-key=\"28ocl-0-0\"><span data-offset-key=\"28ocl-0-0\">Mapa Online para Cuadrantes y puntos de acopio y reciclaje.<\/span><\/div>\n<\/div>\n<div class=\"\" style=\"color: #222222;font-family: Verdana, Geneva, sans-serif;font-size: 15px;font-style: normal;font-weight: 400;letter-spacing: normal;text-align: start;text-indent: 0px;text-transform: none;background-color: #ffffff\" data-block=\"true\" data-editor=\"c76if\" data-offset-key=\"8vfjo-0-0\">\n<div class=\"_1mf _1mj\" data-offset-key=\"8vfjo-0-0\"><span data-offset-key=\"8vfjo-0-0\">https:\/\/www.google.com\/maps\/d\/u\/0\/viewer?hl=es&amp;mid=1HxEPnEKA74EbzjFELx87zTJ1m4-Hto1s&amp;ll=-41.85819506190286%2C-73.78723943308495&amp;z=13&amp;fbclid=IwAR3dko0QVFOrRR-2dezqs_C1CzGyWsKl2udSTvur8gvnkhb-hZE4PjO8bGY<\/span><\/div>\n<\/div>\n<div class=\"\" style=\"color: #222222;font-family: Verdana, Geneva, sans-serif;font-size: 15px;font-style: normal;font-weight: 400;letter-spacing: normal;text-align: start;text-indent: 0px;text-transform: none;background-color: #ffffff\" data-block=\"true\" data-editor=\"c76if\" data-offset-key=\"ajrkq-0-0\">\n<div class=\"_1mf _1mj\" data-offset-key=\"ajrkq-0-0\"><\/div>\n<\/div>\n<div class=\"\" style=\"color: #222222;font-family: Verdana, Geneva, sans-serif;font-size: 15px;font-style: normal;font-weight: 400;letter-spacing: normal;text-align: start;text-indent: 0px;text-transform: none;background-color: #ffffff\" data-block=\"true\" data-editor=\"c76if\" data-offset-key=\"ee9fp-0-0\">\n<div class=\"_1mf _1mj\" data-offset-key=\"ee9fp-0-0\"><span data-offset-key=\"ee9fp-0-0\">Coordine operativos vecinales para el retiro de Chatarra o escombros, con la Direcci\u00f3n de Aseo y Ornato de la Ilustre Municipalidad de Ancud.<\/span><\/div>\n<\/div>\n<div class=\"\" style=\"color: #222222;font-family: Verdana, Geneva, sans-serif;font-size: 15px;font-style: normal;font-weight: 400;letter-spacing: normal;text-align: start;text-indent: 0px;text-transform: none;background-color: #ffffff\" data-block=\"true\" data-editor=\"c76if\" data-offset-key=\"e3mfh-0-0\">\n<div class=\"_1mf _1mj\" data-offset-key=\"e3mfh-0-0\"><span data-offset-key=\"e3mfh-0-0\">Tel\u00e9fono: 65-2487669<\/span><\/div>\n<\/div>\n<div class=\"\" style=\"color: #222222;font-family: Verdana, Geneva, sans-serif;font-size: 15px;font-style: normal;font-weight: 400;letter-spacing: normal;text-align: start;text-indent: 0px;text-transform: none;background-color: #ffffff\" data-block=\"true\" data-editor=\"c76if\" data-offset-key=\"ftm4h-0-0\">\n<div class=\"_1mf _1mj\" data-offset-key=\"ftm4h-0-0\"><span data-offset-key=\"ftm4h-0-0\">Consultas directas al WhatsApp +56967604504<\/span><\/div>\n<div data-offset-key=\"ftm4h-0-0\"><img loading=\"lazy\" decoding=\"async\" class=\"alignnone wp-image-25777 size-large\" src=\"https:\/\/www.muniancud.cl\/portal\/wp-content\/uploads\/2019\/09\/Recoleccio\u0301n-Residuos-So\u0301lidos-Domiciliarios-camnios-1024x736.png\" alt=\"\" width=\"696\" height=\"500\" srcset=\"https:\/\/www.muniancud.cl\/portal\/wp-content\/uploads\/2019\/09\/Recoleccio\u0301n-Residuos-So\u0301lidos-Domiciliarios-camnios-1024x736.png 1024w, https:\/\/www.muniancud.cl\/portal\/wp-content\/uploads\/2019\/09\/Recoleccio\u0301n-Residuos-So\u0301lidos-Domiciliarios-camnios-300x216.png 300w, https:\/\/www.muniancud.cl\/portal\/wp-content\/uploads\/2019\/09\/Recoleccio\u0301n-Residuos-So\u0301lidos-Domiciliarios-camnios-768x552.png 768w, https:\/\/www.muniancud.cl\/portal\/wp-content\/uploads\/2019\/09\/Recoleccio\u0301n-Residuos-So\u0301lidos-Domiciliarios-camnios-696x500.png 696w, https:\/\/www.muniancud.cl\/portal\/wp-content\/uploads\/2019\/09\/Recoleccio\u0301n-Residuos-So\u0301lidos-Domiciliarios-camnios-1068x767.png 1068w, https:\/\/www.muniancud.cl\/portal\/wp-content\/uploads\/2019\/09\/Recoleccio\u0301n-Residuos-So\u0301lidos-Domiciliarios-camnios-585x420.png 585w, https:\/\/www.muniancud.cl\/portal\/wp-content\/uploads\/2019\/09\/Recoleccio\u0301n-Residuos-So\u0301lidos-Domiciliarios-camnios-1920x1380.png 1920w\" sizes=\"auto, (max-width: 696px) 100vw, 696px\" \/><\/div>\n<div data-offset-key=\"ftm4h-0-0\"><img loading=\"lazy\" decoding=\"async\" class=\"alignnone wp-image-25665 size-large\" src=\"https:\/\/www.muniancud.cl\/portal\/wp-content\/uploads\/2019\/09\/Manejo-RSD-Puntos-de-reciclaje-1-1024x618.jpg\" alt=\"\" width=\"696\" height=\"420\" srcset=\"https:\/\/www.muniancud.cl\/portal\/wp-content\/uploads\/2019\/09\/Manejo-RSD-Puntos-de-reciclaje-1-1024x618.jpg 1024w, https:\/\/www.muniancud.cl\/portal\/wp-content\/uploads\/2019\/09\/Manejo-RSD-Puntos-de-reciclaje-1-300x181.jpg 300w, https:\/\/www.muniancud.cl\/portal\/wp-content\/uploads\/2019\/09\/Manejo-RSD-Puntos-de-reciclaje-1-768x464.jpg 768w, https:\/\/www.muniancud.cl\/portal\/wp-content\/uploads\/2019\/09\/Manejo-RSD-Puntos-de-reciclaje-1-696x420.jpg 696w, https:\/\/www.muniancud.cl\/portal\/wp-content\/uploads\/2019\/09\/Manejo-RSD-Puntos-de-reciclaje-1-1068x645.jpg 1068w, https:\/\/www.muniancud.cl\/portal\/wp-content\/uploads\/2019\/09\/Manejo-RSD-Puntos-de-reciclaje-1-1920x1159.jpg 1920w\" sizes=\"auto, (max-width: 696px) 100vw, 696px\" \/><\/div>\n<\/div>\n<\/div>\n","protected":false},"excerpt":{"rendered":"<p>Informamos que producto del paro convocado y que se encuentra en desarrollo hoy 12 de noviembre, y que ha generado la imposibilidad de realizar la disposici\u00f3n de residuos s\u00f3lidos domiciliarios, en el vertedero autorizado por la autoridad de salud regional, el servicio de recolecci\u00f3n no se realiza este d\u00eda martes. Por este motivo, se informa [&hellip;]<\/p>\n","protected":false},"author":4,"featured_media":0,"comment_status":"closed","ping_status":"closed","sticky":false,"template":"","format":"standard","meta":{"footnotes":""},"categories":[37],"tags":[],"class_list":["post-26100","post","type-post","status-publish","format-standard","hentry","category-alerta-sanitaria"],"_links":{"self":[{"href":"https:\/\/www.muniancud.cl\/portal\/wp-json\/wp\/v2\/posts\/26100","targetHints":{"allow":["GET"]}}],"collection":[{"href":"https:\/\/www.muniancud.cl\/portal\/wp-json\/wp\/v2\/posts"}],"about":[{"href":"https:\/\/www.muniancud.cl\/portal\/wp-json\/wp\/v2\/types\/post"}],"author":[{"embeddable":true,"href":"https:\/\/www.muniancud.cl\/portal\/wp-json\/wp\/v2\/users\/4"}],"replies":[{"embeddable":true,"href":"https:\/\/www.muniancud.cl\/portal\/wp-json\/wp\/v2\/comments?post=26100"}],"version-history":[{"count":2,"href":"https:\/\/www.muniancud.cl\/portal\/wp-json\/wp\/v2\/posts\/26100\/revisions"}],"predecessor-version":[{"id":26102,"href":"https:\/\/www.muniancud.cl\/portal\/wp-json\/wp\/v2\/posts\/26100\/revisions\/26102"}],"wp:attachment":[{"href":"https:\/\/www.muniancud.cl\/portal\/wp-json\/wp\/v2\/media?parent=26100"}],"wp:term":[{"taxonomy":"category","embeddable":true,"href":"https:\/\/www.muniancud.cl\/portal\/wp-json\/wp\/v2\/categories?post=26100"},{"taxonomy":"post_tag","embeddable":true,"href":"https:\/\/www.muniancud.cl\/portal\/wp-json\/wp\/v2\/tags?post=26100"}],"curies":[{"name":"wp","href":"https:\/\/api.w.org\/{rel}","templated":true}]}}