{"id":26104,"date":"2019-11-13T08:40:52","date_gmt":"2019-11-13T11:40:52","guid":{"rendered":"https:\/\/www.muniancud.cl\/portal\/?p=26104"},"modified":"2019-11-13T08:41:07","modified_gmt":"2019-11-13T11:41:07","slug":"servicio-de-recoleccion-de-residuos-solidos-domiciliarios-13-de-noviembre","status":"publish","type":"post","link":"https:\/\/www.muniancud.cl\/portal\/servicio-de-recoleccion-de-residuos-solidos-domiciliarios-13-de-noviembre\/","title":{"rendered":"Servicio de recolecci\u00f3n de Residuos S\u00f3lidos Domiciliarios 13 de noviembre"},"content":{"rendered":"<div>\n<div class=\"\">\n<div class=\"_1mf _1mj\">El servicio de recolecci\u00f3n de Residuos S\u00f3lidos domiciliarios de\u00a0<span id=\"OBJ_PREFIX_DWT475_com_zimbra_date\" class=\"Object\"><span id=\"OBJ_PREFIX_DWT478_com_zimbra_date\" class=\"Object\">hoy<\/span><\/span>\u00a0mi\u00e9rcoles\u00a0<span id=\"OBJ_PREFIX_DWT479_com_zimbra_date\" class=\"Object\">13 de noviembre<\/span>\u00a0corresponde a los cuadrantes 2 y 3 pendiente desde\u00a0<span id=\"OBJ_PREFIX_DWT476_com_zimbra_date\" class=\"Object\"><span id=\"OBJ_PREFIX_DWT480_com_zimbra_date\" class=\"Object\">ayer<\/span><\/span>.<\/div>\n<\/div>\n<div class=\"\">\n<div class=\"_1mf _1mj\"><\/div>\n<\/div>\n<div class=\"\">\n<div class=\"_1mf _1mj\">El servicio de recolecci\u00f3n comienza a las 10:00 am, luego de disponer en el\u00a0 vertedero autorizado.<\/div>\n<\/div>\n<div class=\"\">\n<div class=\"_1mf _1mj\"><\/div>\n<\/div>\n<div class=\"\">\n<div class=\"_1mf _1mj\">Le hacemos el\u00a0llamado a:<\/div>\n<\/div>\n<div class=\"\">\n<div class=\"_1mf _1mj\">Reducir al m\u00e1ximo, desechando s\u00f3lo lo necesario.<\/div>\n<\/div>\n<div class=\"\">\n<div class=\"_1mf _1mj\">Reutilizar, no bote papeles y cartones.<\/div>\n<\/div>\n<div class=\"\">\n<div class=\"_1mf _1mj\">Reciclar, todos los materiales que puedan tener una segunda utilizaci\u00f3n.<\/div>\n<\/div>\n<\/div>\n<div>CUADRANTE 2<\/div>\n<div>Corresponde el centro de Ancud. Este, est\u00e1 delimitado por la costanera Salvador Allende hasta calle Yungay, subiendo hasta la intersecci\u00f3n de Los Carreras. \u00a0Sigue por calle Yerbas Buenas, hasta Err\u00e1zuriz, baja hacia el centro por calle Pudeto y conecta con \u00a0calle San Carlos. Desde ah\u00ed por An\u00edbal Pinto, para continuar por calle Esmeralda, a un costado del Gimnasio fiscal hasta el encuentro con Almirante Latorre, cubriendo todo el lado sur de esta, hasta la intersecci\u00f3n con Baquedano. Para gira por San Antonio, y retornar por Lord Cochrane en direcci\u00f3n al muelle y la Costanera.<\/div>\n<div><\/div>\n<div>Adem\u00e1s de San Valent\u00edn y Vista Hermosa.<\/div>\n<div><\/div>\n<div>CUADRANTE 3<\/div>\n<div>\n<p>Todas las viviendas hacia el sur de la ciudad, comprende a todos los domicilios que se encuentran en el per\u00edmetro que forman las calles que van desde Yungay, Los Carreras y parte de Yerbas Buenas. Contin\u00faa por Pepita Manns y Primero de Mayo hacia el sur, limita con el ESFOCAR de Carabineros, incorporando las poblaciones Bellavista 1, 2, 3 y 4, adem\u00e1s de Villa Archipi\u00e9lago. Contin\u00faa hacia el sur, por costanera y abarca las poblaciones Primero de Mayo, Poblaci\u00f3n Libertad, y Villa Subercaseaux. Componen este cuadrante, adem\u00e1s las poblaciones F\u00e1tima, Lomas de Puquillihue, Villa Esperanza, Villa Solidaridad y Cardenal Silva Henr\u00edquez.<\/p>\n<\/div>\n<div><\/div>\n<div><\/div>\n<div>\n<div class=\"\">\n<div class=\"_1mf _1mj\">Reiteramos el llamado a:<\/div>\n<\/div>\n<div class=\"\">\n<div class=\"_1mf _1mj\">Reducir al m\u00e1ximo, desechando s\u00f3lo lo necesario.<\/div>\n<\/div>\n<div class=\"\">\n<div class=\"_1mf _1mj\">Reutilizar, no bote papeles y cartones.<\/div>\n<\/div>\n<div class=\"\">\n<div class=\"_1mf _1mj\">Reciclar, todos los materiales que puedan tener una segunda utilizaci\u00f3n.<\/div>\n<\/div>\n<div class=\"\">\n<div class=\"_1mf _1mj\"><\/div>\n<div class=\"_1mf _1mj\"><\/div>\n<\/div>\n<div class=\"\">\n<div class=\"_1mf _1mj\">Mapa Online para Cuadrantes y puntos de acopio y reciclaje.<\/div>\n<\/div>\n<div class=\"\">\n<div class=\"_1mf _1mj\"><span id=\"OBJ_PREFIX_DWT477_com_zimbra_url\" class=\"Object\"><span id=\"OBJ_PREFIX_DWT481_com_zimbra_url\" class=\"Object\"><a href=\"https:\/\/www.google.com\/maps\/d\/u\/0\/viewer?hl=es&amp;mid=1HxEPnEKA74EbzjFELx87zTJ1m4-Hto1s&amp;ll=-41.85819506190286%2C-73.78723943308495&amp;z=13&amp;fbclid=IwAR3dko0QVFOrRR-2dezqs_C1CzGyWsKl2udSTvur8gvnkhb-hZE4PjO8bGY\" target=\"_blank\" rel=\"noopener noreferrer\">https:\/\/www.google.com\/maps\/d\/u\/0\/viewer?hl=es&amp;mid=1HxEPnEKA74EbzjFELx87zTJ1m4-Hto1s&amp;ll=-41.85819506190286%2C-73.78723943308495&amp;z=13&amp;fbclid=IwAR3dko0QVFOrRR-2dezqs_C1CzGyWsKl2udSTvur8gvnkhb-hZE4PjO8bGY<\/a><\/span><\/span><\/div>\n<\/div>\n<div class=\"\">\n<div class=\"_1mf _1mj\"><\/div>\n<\/div>\n<div class=\"\">\n<div class=\"_1mf _1mj\">Coordine operativos vecinales para el retiro de Chatarra o escombros, con la Direcci\u00f3n de Aseo y Ornato de la Ilustre Municipalidad de Ancud.<\/div>\n<\/div>\n<div class=\"\">\n<div class=\"_1mf _1mj\">Tel\u00e9fono: 65-2487669<\/div>\n<\/div>\n<div class=\"\">\n<div class=\"_1mf _1mj\">Consultas directas al WhatsApp +56967604504<\/div>\n<\/div>\n<\/div>\n<div><img loading=\"lazy\" decoding=\"async\" class=\"alignnone size-medium wp-image-25777\" src=\"https:\/\/www.muniancud.cl\/portal\/wp-content\/uploads\/2019\/09\/Recoleccio\u0301n-Residuos-So\u0301lidos-Domiciliarios-camnios-300x216.png\" alt=\"\" width=\"300\" height=\"216\" srcset=\"https:\/\/www.muniancud.cl\/portal\/wp-content\/uploads\/2019\/09\/Recoleccio\u0301n-Residuos-So\u0301lidos-Domiciliarios-camnios-300x216.png 300w, https:\/\/www.muniancud.cl\/portal\/wp-content\/uploads\/2019\/09\/Recoleccio\u0301n-Residuos-So\u0301lidos-Domiciliarios-camnios-768x552.png 768w, https:\/\/www.muniancud.cl\/portal\/wp-content\/uploads\/2019\/09\/Recoleccio\u0301n-Residuos-So\u0301lidos-Domiciliarios-camnios-1024x736.png 1024w, https:\/\/www.muniancud.cl\/portal\/wp-content\/uploads\/2019\/09\/Recoleccio\u0301n-Residuos-So\u0301lidos-Domiciliarios-camnios-696x500.png 696w, https:\/\/www.muniancud.cl\/portal\/wp-content\/uploads\/2019\/09\/Recoleccio\u0301n-Residuos-So\u0301lidos-Domiciliarios-camnios-1068x767.png 1068w, https:\/\/www.muniancud.cl\/portal\/wp-content\/uploads\/2019\/09\/Recoleccio\u0301n-Residuos-So\u0301lidos-Domiciliarios-camnios-585x420.png 585w, https:\/\/www.muniancud.cl\/portal\/wp-content\/uploads\/2019\/09\/Recoleccio\u0301n-Residuos-So\u0301lidos-Domiciliarios-camnios-1920x1380.png 1920w\" sizes=\"auto, (max-width: 300px) 100vw, 300px\" \/><\/div>\n","protected":false},"excerpt":{"rendered":"<p>El servicio de recolecci\u00f3n de Residuos S\u00f3lidos domiciliarios de\u00a0hoy\u00a0mi\u00e9rcoles\u00a013 de noviembre\u00a0corresponde a los cuadrantes 2 y 3 pendiente desde\u00a0ayer. El servicio de recolecci\u00f3n comienza a las 10:00 am, luego de disponer en el\u00a0 vertedero autorizado. Le hacemos el\u00a0llamado a: Reducir al m\u00e1ximo, desechando s\u00f3lo lo necesario. Reutilizar, no bote papeles y cartones. Reciclar, todos los [&hellip;]<\/p>\n","protected":false},"author":4,"featured_media":0,"comment_status":"closed","ping_status":"closed","sticky":false,"template":"","format":"standard","meta":{"footnotes":""},"categories":[37],"tags":[],"class_list":["post-26104","post","type-post","status-publish","format-standard","hentry","category-alerta-sanitaria"],"_links":{"self":[{"href":"https:\/\/www.muniancud.cl\/portal\/wp-json\/wp\/v2\/posts\/26104","targetHints":{"allow":["GET"]}}],"collection":[{"href":"https:\/\/www.muniancud.cl\/portal\/wp-json\/wp\/v2\/posts"}],"about":[{"href":"https:\/\/www.muniancud.cl\/portal\/wp-json\/wp\/v2\/types\/post"}],"author":[{"embeddable":true,"href":"https:\/\/www.muniancud.cl\/portal\/wp-json\/wp\/v2\/users\/4"}],"replies":[{"embeddable":true,"href":"https:\/\/www.muniancud.cl\/portal\/wp-json\/wp\/v2\/comments?post=26104"}],"version-history":[{"count":2,"href":"https:\/\/www.muniancud.cl\/portal\/wp-json\/wp\/v2\/posts\/26104\/revisions"}],"predecessor-version":[{"id":26106,"href":"https:\/\/www.muniancud.cl\/portal\/wp-json\/wp\/v2\/posts\/26104\/revisions\/26106"}],"wp:attachment":[{"href":"https:\/\/www.muniancud.cl\/portal\/wp-json\/wp\/v2\/media?parent=26104"}],"wp:term":[{"taxonomy":"category","embeddable":true,"href":"https:\/\/www.muniancud.cl\/portal\/wp-json\/wp\/v2\/categories?post=26104"},{"taxonomy":"post_tag","embeddable":true,"href":"https:\/\/www.muniancud.cl\/portal\/wp-json\/wp\/v2\/tags?post=26104"}],"curies":[{"name":"wp","href":"https:\/\/api.w.org\/{rel}","templated":true}]}}