{"id":26146,"date":"2019-11-18T08:28:58","date_gmt":"2019-11-18T11:28:58","guid":{"rendered":"https:\/\/www.muniancud.cl\/portal\/?p=26146"},"modified":"2019-11-18T09:08:17","modified_gmt":"2019-11-18T12:08:17","slug":"servicio-de-recoleccion-de-residuos-solidos-domiciliarios-18-de-noviembre","status":"publish","type":"post","link":"https:\/\/www.muniancud.cl\/portal\/servicio-de-recoleccion-de-residuos-solidos-domiciliarios-18-de-noviembre\/","title":{"rendered":"Servicio de recolecci\u00f3n de Residuos S\u00f3lidos Domiciliarios 18 de noviembre"},"content":{"rendered":"<div class=\"\" style=\"color: #222222;font-family: Verdana, Geneva, sans-serif;font-size: 15px;font-style: normal;font-weight: 400;letter-spacing: normal;text-align: start;text-indent: 0px;text-transform: none;background-color: #ffffff\">\n<div class=\"_1mf _1mj\">El servicio de recolecci\u00f3n de Residuos S\u00f3lidos domiciliarios de\u00a0<span id=\"OBJ_PREFIX_DWT475_com_zimbra_date\" class=\"Object\"><span id=\"OBJ_PREFIX_DWT478_com_zimbra_date\" class=\"Object\">hoy lunes 18<\/span><\/span><span id=\"OBJ_PREFIX_DWT479_com_zimbra_date\" class=\"Object\">\u00a0de noviembre<\/span>\u00a0corresponde a los cuadrantes 1 y 2.<\/div>\n<\/div>\n<div class=\"\" style=\"color: #222222;font-family: Verdana, Geneva, sans-serif;font-size: 15px;font-style: normal;font-weight: 400;letter-spacing: normal;text-align: start;text-indent: 0px;text-transform: none;background-color: #ffffff\">\n<div class=\"_1mf _1mj\"><\/div>\n<\/div>\n<div class=\"\" style=\"color: #222222;font-family: Verdana, Geneva, sans-serif;font-size: 15px;font-style: normal;font-weight: 400;letter-spacing: normal;text-align: start;text-indent: 0px;text-transform: none;background-color: #ffffff\">\n<div class=\"_1mf _1mj\">El servicio de recolecci\u00f3n comienza a las\u00a010:00\u00a0am.<\/div>\n<\/div>\n<div class=\"\" style=\"color: #222222;font-family: Verdana, Geneva, sans-serif;font-size: 15px;font-style: normal;font-weight: 400;letter-spacing: normal;text-align: start;text-indent: 0px;text-transform: none;background-color: #ffffff\">\n<div class=\"_1mf _1mj\"><\/div>\n<\/div>\n<div class=\"\" style=\"color: #222222;font-family: Verdana, Geneva, sans-serif;font-size: 15px;font-style: normal;font-weight: 400;letter-spacing: normal;text-align: start;text-indent: 0px;text-transform: none;background-color: #ffffff\">\n<div class=\"_1mf _1mj\">Le hacemos el\u00a0llamado a:<\/div>\n<\/div>\n<div class=\"\" style=\"color: #222222;font-family: Verdana, Geneva, sans-serif;font-size: 15px;font-style: normal;font-weight: 400;letter-spacing: normal;text-align: start;text-indent: 0px;text-transform: none;background-color: #ffffff\">\n<div class=\"_1mf _1mj\">Reducir al m\u00e1ximo, desechando s\u00f3lo lo necesario.<\/div>\n<\/div>\n<div class=\"\" style=\"color: #222222;font-family: Verdana, Geneva, sans-serif;font-size: 15px;font-style: normal;font-weight: 400;letter-spacing: normal;text-align: start;text-indent: 0px;text-transform: none;background-color: #ffffff\">\n<div class=\"_1mf _1mj\">Reutilizar, no bote papeles y cartones.<\/div>\n<\/div>\n<div class=\"\" style=\"color: #222222;font-family: Verdana, Geneva, sans-serif;font-size: 15px;font-style: normal;font-weight: 400;letter-spacing: normal;text-align: start;text-indent: 0px;text-transform: none;background-color: #ffffff\">\n<div class=\"_1mf _1mj\">Reciclar, todos los materiales que puedan tener una segunda utilizaci\u00f3n.<\/div>\n<div class=\"_1mf _1mj\"><\/div>\n<div class=\"_1mf _1mj\">CUADRANTE 1<\/div>\n<div class=\"_1mf _1mj\">\n<p style=\"text-align: justify;margin: 0px\"><span style=\"font-family: 'Arial',sans-serif\">Corresponde a todas las viviendas comprendidas en el sector que cubre Arena Gruesa hasta Fuerte San Antonio, incluyendo Villa Fuerte Real. Sigue por el lado norte de esta calle para conectar con Baquedano, y bajar por calle O\u2019Higgins en direcci\u00f3n a la intersecci\u00f3n con Pedro Montt. Contin\u00faa por Almirante Latorre hasta Villa Las Araucarias y cubrir Villa Nueva Galicia. Abarca el costado del cerro Huaihuen que incorpora la poblaci\u00f3n Goleta Sebastiana, Casamar 1 y 2, Vista Hermosa y Jos\u00e9 Joaqu\u00edn Prieto. Este cuadrante comprende tambi\u00e9n las poblaciones de Bonilla, Borquez Solar y 22 de Mayo. Y todas las calles y pasajes al interior del sector.<\/span><\/p>\n<\/div>\n<div class=\"_1mf _1mj\"><\/div>\n<div class=\"_1mf _1mj\">CUADRANTES 2<\/div>\n<div class=\"_1mf _1mj\"><span style=\"font-size: 12.0pt;font-family: 'Arial',sans-serif\">Corresponde el centro de Ancud. Este, est\u00e1 delimitado por la costanera Salvador Allende hasta calle Yungay, subiendo hasta la intersecci\u00f3n de Los Carreras. \u00a0Sigue por calle Yerbas Buenas, hasta Err\u00e1zuriz, baja hacia el centro por calle Pudeto y conecta con \u00a0calle San Carlos. Desde ah\u00ed por An\u00edbal Pinto, para continuar por calle Esmeralda, a un costado del Gimnasio fiscal hasta el encuentro con Almirante Latorre, cubriendo todo el lado sur de esta, hasta la intersecci\u00f3n con Baquedano. Para gira por San Antonio, y retornar por Lord Cochrane en direcci\u00f3n al muelle y la Costanera.<\/span><\/div>\n<div class=\"_1mf _1mj\"><\/div>\n<div class=\"_1mf _1mj\">\n<div class=\"\" style=\"color: #222222;font-family: Verdana, Geneva, sans-serif;font-size: 15px;font-style: normal;font-weight: 400;letter-spacing: normal;text-align: start;text-indent: 0px;text-transform: none;background-color: #ffffff\">\n<div class=\"_1mf _1mj\">Reiteramos el llamado a:<\/div>\n<\/div>\n<div class=\"\" style=\"color: #222222;font-family: Verdana, Geneva, sans-serif;font-size: 15px;font-style: normal;font-weight: 400;letter-spacing: normal;text-align: start;text-indent: 0px;text-transform: none;background-color: #ffffff\">\n<div class=\"_1mf _1mj\">Reducir al m\u00e1ximo, desechando s\u00f3lo lo necesario.<\/div>\n<\/div>\n<div class=\"\" style=\"color: #222222;font-family: Verdana, Geneva, sans-serif;font-size: 15px;font-style: normal;font-weight: 400;letter-spacing: normal;text-align: start;text-indent: 0px;text-transform: none;background-color: #ffffff\">\n<div class=\"_1mf _1mj\">Reutilizar, no bote papeles y cartones.<\/div>\n<\/div>\n<div class=\"\" style=\"color: #222222;font-family: Verdana, Geneva, sans-serif;font-size: 15px;font-style: normal;font-weight: 400;letter-spacing: normal;text-align: start;text-indent: 0px;text-transform: none;background-color: #ffffff\">\n<div class=\"_1mf _1mj\">Reciclar, todos los materiales que puedan tener una segunda utilizaci\u00f3n.<\/div>\n<\/div>\n<div class=\"\" style=\"color: #222222;font-family: Verdana, Geneva, sans-serif;font-size: 15px;font-style: normal;font-weight: 400;letter-spacing: normal;text-align: start;text-indent: 0px;text-transform: none;background-color: #ffffff\">\n<div class=\"_1mf _1mj\"><\/div>\n<\/div>\n<div class=\"\" style=\"color: #222222;font-family: Verdana, Geneva, sans-serif;font-size: 15px;font-style: normal;font-weight: 400;letter-spacing: normal;text-align: start;text-indent: 0px;text-transform: none;background-color: #ffffff\">\n<div class=\"_1mf _1mj\">Mapa Online para Cuadrantes y puntos de acopio y reciclaje.<\/div>\n<\/div>\n<div class=\"\" style=\"color: #222222;font-family: Verdana, Geneva, sans-serif;font-size: 15px;font-style: normal;font-weight: 400;letter-spacing: normal;text-align: start;text-indent: 0px;text-transform: none;background-color: #ffffff\">\n<div class=\"_1mf _1mj\"><span id=\"OBJ_PREFIX_DWT477_com_zimbra_url\" class=\"Object\"><span id=\"OBJ_PREFIX_DWT481_com_zimbra_url\" class=\"Object\"><a style=\"background-color: transparent;color: #1e73be;text-decoration: none\" href=\"https:\/\/www.google.com\/maps\/d\/u\/0\/viewer?hl=es&amp;mid=1HxEPnEKA74EbzjFELx87zTJ1m4-Hto1s&amp;ll=-41.85819506190286%2C-73.78723943308495&amp;z=13&amp;fbclid=IwAR3dko0QVFOrRR-2dezqs_C1CzGyWsKl2udSTvur8gvnkhb-hZE4PjO8bGY\" target=\"_blank\" rel=\"noopener noreferrer\">https:\/\/www.google.com\/maps\/d\/u\/0\/viewer?hl=es&amp;mid=1HxEPnEKA74EbzjFELx87zTJ1m4-Hto1s&amp;ll=-41.85819506190286%2C-73.78723943308495&amp;z=13&amp;fbclid=IwAR3dko0QVFOrRR-2dezqs_C1CzGyWsKl2udSTvur8gvnkhb-hZE4PjO8bGY<\/a><\/span><\/span><\/div>\n<\/div>\n<div class=\"\" style=\"color: #222222;font-family: Verdana, Geneva, sans-serif;font-size: 15px;font-style: normal;font-weight: 400;letter-spacing: normal;text-align: start;text-indent: 0px;text-transform: none;background-color: #ffffff\">\n<div class=\"_1mf _1mj\"><\/div>\n<\/div>\n<div class=\"\" style=\"color: #222222;font-family: Verdana, Geneva, sans-serif;font-size: 15px;font-style: normal;font-weight: 400;letter-spacing: normal;text-align: start;text-indent: 0px;text-transform: none;background-color: #ffffff\">\n<div class=\"_1mf _1mj\">Coordine operativos vecinales para el retiro de Chatarra o escombros, con la Direcci\u00f3n de Aseo y Ornato de la Ilustre Municipalidad de Ancud.<\/div>\n<\/div>\n<div class=\"\" style=\"color: #222222;font-family: Verdana, Geneva, sans-serif;font-size: 15px;font-style: normal;font-weight: 400;letter-spacing: normal;text-align: start;text-indent: 0px;text-transform: none;background-color: #ffffff\">\n<div class=\"_1mf _1mj\">Tel\u00e9fono: 65-2487669<\/div>\n<\/div>\n<\/div>\n<div class=\"_1mf _1mj\"><span style=\"color: #222222;font-family: Verdana, Geneva, sans-serif;font-size: 15px;font-style: normal;font-weight: 400;letter-spacing: normal;text-align: start;text-indent: 0px;text-transform: none;background-color: #ffffff;float: none\">Consultas directas al WhatsApp +56967604504<\/span><\/div>\n<div class=\"_1mf _1mj\"><img loading=\"lazy\" decoding=\"async\" class=\"alignnone wp-image-25777 size-large\" src=\"https:\/\/www.muniancud.cl\/portal\/wp-content\/uploads\/2019\/09\/Recoleccio\u0301n-Residuos-So\u0301lidos-Domiciliarios-camnios-1024x736.png\" alt=\"\" width=\"696\" height=\"500\" srcset=\"https:\/\/www.muniancud.cl\/portal\/wp-content\/uploads\/2019\/09\/Recoleccio\u0301n-Residuos-So\u0301lidos-Domiciliarios-camnios-1024x736.png 1024w, https:\/\/www.muniancud.cl\/portal\/wp-content\/uploads\/2019\/09\/Recoleccio\u0301n-Residuos-So\u0301lidos-Domiciliarios-camnios-300x216.png 300w, https:\/\/www.muniancud.cl\/portal\/wp-content\/uploads\/2019\/09\/Recoleccio\u0301n-Residuos-So\u0301lidos-Domiciliarios-camnios-768x552.png 768w, https:\/\/www.muniancud.cl\/portal\/wp-content\/uploads\/2019\/09\/Recoleccio\u0301n-Residuos-So\u0301lidos-Domiciliarios-camnios-696x500.png 696w, https:\/\/www.muniancud.cl\/portal\/wp-content\/uploads\/2019\/09\/Recoleccio\u0301n-Residuos-So\u0301lidos-Domiciliarios-camnios-1068x767.png 1068w, https:\/\/www.muniancud.cl\/portal\/wp-content\/uploads\/2019\/09\/Recoleccio\u0301n-Residuos-So\u0301lidos-Domiciliarios-camnios-585x420.png 585w, https:\/\/www.muniancud.cl\/portal\/wp-content\/uploads\/2019\/09\/Recoleccio\u0301n-Residuos-So\u0301lidos-Domiciliarios-camnios-1920x1380.png 1920w\" sizes=\"auto, (max-width: 696px) 100vw, 696px\" \/><\/div>\n<div><img loading=\"lazy\" decoding=\"async\" class=\"alignnone wp-image-25665 size-large\" src=\"https:\/\/www.muniancud.cl\/portal\/wp-content\/uploads\/2019\/09\/Manejo-RSD-Puntos-de-reciclaje-1-1024x618.jpg\" alt=\"\" width=\"696\" height=\"420\" srcset=\"https:\/\/www.muniancud.cl\/portal\/wp-content\/uploads\/2019\/09\/Manejo-RSD-Puntos-de-reciclaje-1-1024x618.jpg 1024w, https:\/\/www.muniancud.cl\/portal\/wp-content\/uploads\/2019\/09\/Manejo-RSD-Puntos-de-reciclaje-1-300x181.jpg 300w, https:\/\/www.muniancud.cl\/portal\/wp-content\/uploads\/2019\/09\/Manejo-RSD-Puntos-de-reciclaje-1-768x464.jpg 768w, https:\/\/www.muniancud.cl\/portal\/wp-content\/uploads\/2019\/09\/Manejo-RSD-Puntos-de-reciclaje-1-696x420.jpg 696w, https:\/\/www.muniancud.cl\/portal\/wp-content\/uploads\/2019\/09\/Manejo-RSD-Puntos-de-reciclaje-1-1068x645.jpg 1068w, https:\/\/www.muniancud.cl\/portal\/wp-content\/uploads\/2019\/09\/Manejo-RSD-Puntos-de-reciclaje-1-1920x1159.jpg 1920w\" sizes=\"auto, (max-width: 696px) 100vw, 696px\" \/><\/div>\n<\/div>\n","protected":false},"excerpt":{"rendered":"<p>El servicio de recolecci\u00f3n de Residuos S\u00f3lidos domiciliarios de\u00a0hoy lunes 18\u00a0de noviembre\u00a0corresponde a los cuadrantes 1 y 2. El servicio de recolecci\u00f3n comienza a las\u00a010:00\u00a0am. Le hacemos el\u00a0llamado a: Reducir al m\u00e1ximo, desechando s\u00f3lo lo necesario. Reutilizar, no bote papeles y cartones. Reciclar, todos los materiales que puedan tener una segunda utilizaci\u00f3n. CUADRANTE 1 Corresponde [&hellip;]<\/p>\n","protected":false},"author":4,"featured_media":0,"comment_status":"closed","ping_status":"closed","sticky":false,"template":"","format":"standard","meta":{"footnotes":""},"categories":[37],"tags":[],"class_list":["post-26146","post","type-post","status-publish","format-standard","hentry","category-alerta-sanitaria"],"_links":{"self":[{"href":"https:\/\/www.muniancud.cl\/portal\/wp-json\/wp\/v2\/posts\/26146","targetHints":{"allow":["GET"]}}],"collection":[{"href":"https:\/\/www.muniancud.cl\/portal\/wp-json\/wp\/v2\/posts"}],"about":[{"href":"https:\/\/www.muniancud.cl\/portal\/wp-json\/wp\/v2\/types\/post"}],"author":[{"embeddable":true,"href":"https:\/\/www.muniancud.cl\/portal\/wp-json\/wp\/v2\/users\/4"}],"replies":[{"embeddable":true,"href":"https:\/\/www.muniancud.cl\/portal\/wp-json\/wp\/v2\/comments?post=26146"}],"version-history":[{"count":1,"href":"https:\/\/www.muniancud.cl\/portal\/wp-json\/wp\/v2\/posts\/26146\/revisions"}],"predecessor-version":[{"id":26147,"href":"https:\/\/www.muniancud.cl\/portal\/wp-json\/wp\/v2\/posts\/26146\/revisions\/26147"}],"wp:attachment":[{"href":"https:\/\/www.muniancud.cl\/portal\/wp-json\/wp\/v2\/media?parent=26146"}],"wp:term":[{"taxonomy":"category","embeddable":true,"href":"https:\/\/www.muniancud.cl\/portal\/wp-json\/wp\/v2\/categories?post=26146"},{"taxonomy":"post_tag","embeddable":true,"href":"https:\/\/www.muniancud.cl\/portal\/wp-json\/wp\/v2\/tags?post=26146"}],"curies":[{"name":"wp","href":"https:\/\/api.w.org\/{rel}","templated":true}]}}