{"id":26150,"date":"2019-11-19T08:45:37","date_gmt":"2019-11-19T11:45:37","guid":{"rendered":"https:\/\/www.muniancud.cl\/portal\/?p=26150"},"modified":"2019-11-19T08:45:37","modified_gmt":"2019-11-19T11:45:37","slug":"servicio-de-recoleccion-de-residuos-solidos-domiciliarios-19-de-noviembre","status":"publish","type":"post","link":"https:\/\/www.muniancud.cl\/portal\/servicio-de-recoleccion-de-residuos-solidos-domiciliarios-19-de-noviembre\/","title":{"rendered":"Servicio de recolecci\u00f3n de Residuos S\u00f3lidos Domiciliarios 19 de noviembre"},"content":{"rendered":"<div class=\"\" data-block=\"true\" data-editor=\"en4p1\" data-offset-key=\"a20jd-0-0\"><\/div>\n<div class=\"\" data-block=\"true\" data-editor=\"en4p1\" data-offset-key=\"bvuid-0-0\">\n<div class=\"_1mf _1mj\" data-offset-key=\"bvuid-0-0\"><span data-offset-key=\"bvuid-0-0\">El servicio de recolecci\u00f3n de Residuos S\u00f3lidos domiciliarios de hoy martes 19 de noviembre corresponde al cuadrante 3.<\/span><\/div>\n<\/div>\n<div class=\"\" data-block=\"true\" data-editor=\"en4p1\" data-offset-key=\"dn41i-0-0\">\n<div class=\"_1mf _1mj\" data-offset-key=\"dn41i-0-0\"><span data-offset-key=\"dn41i-0-0\">Labores comienzan a las 10:00 am.<\/span><\/div>\n<\/div>\n<div class=\"\" data-block=\"true\" data-editor=\"en4p1\" data-offset-key=\"64mk2-0-0\">\n<div class=\"_1mf _1mj\" data-offset-key=\"64mk2-0-0\"><span data-offset-key=\"64mk2-0-0\">\u00a0<\/span><\/div>\n<\/div>\n<div class=\"\" data-block=\"true\" data-editor=\"en4p1\" data-offset-key=\"55ulh-0-0\">\n<div class=\"_1mf _1mj\" data-offset-key=\"55ulh-0-0\"><span data-offset-key=\"55ulh-0-0\">Le hacemos el llamado a:<\/span><\/div>\n<\/div>\n<div class=\"\" data-block=\"true\" data-editor=\"en4p1\" data-offset-key=\"e2m59-0-0\">\n<div class=\"_1mf _1mj\" data-offset-key=\"e2m59-0-0\"><span data-offset-key=\"e2m59-0-0\">Reducir al m\u00e1ximo, desechando s\u00f3lo lo necesario.<\/span><\/div>\n<\/div>\n<div class=\"\" data-block=\"true\" data-editor=\"en4p1\" data-offset-key=\"a05vc-0-0\">\n<div class=\"_1mf _1mj\" data-offset-key=\"a05vc-0-0\"><span data-offset-key=\"a05vc-0-0\">Reutilizar, no bote papeles y cartones.<\/span><\/div>\n<\/div>\n<div class=\"\" data-block=\"true\" data-editor=\"en4p1\" data-offset-key=\"dvndl-0-0\">\n<div class=\"_1mf _1mj\" data-offset-key=\"dvndl-0-0\"><span data-offset-key=\"dvndl-0-0\">Reciclar, todos los materiales que puedan tener una segunda utilizaci\u00f3n.<\/span><\/div>\n<\/div>\n<div class=\"\" data-block=\"true\" data-editor=\"en4p1\" data-offset-key=\"9vgav-0-0\">\n<div class=\"_1mf _1mj\" data-offset-key=\"9vgav-0-0\"><span data-offset-key=\"9vgav-0-0\">\u00a0<\/span><\/div>\n<\/div>\n<div class=\"\" data-block=\"true\" data-editor=\"en4p1\" data-offset-key=\"drm9t-0-0\">\n<div class=\"_1mf _1mj\" data-offset-key=\"drm9t-0-0\"><span data-offset-key=\"drm9t-0-0\">Tambi\u00e9n desde las 10:00 comienza la recolecci\u00f3n pendiente de ayer debido al exceso de desechos.<\/span><\/div>\n<\/div>\n<div class=\"\" data-block=\"true\" data-editor=\"en4p1\" data-offset-key=\"1mmqq-0-0\">\n<div class=\"_1mf _1mj\" data-offset-key=\"1mmqq-0-0\"><span data-offset-key=\"1mmqq-0-0\">Casamar<\/span><\/div>\n<\/div>\n<div class=\"\" data-block=\"true\" data-editor=\"en4p1\" data-offset-key=\"9umvi-0-0\">\n<div class=\"_1mf _1mj\" data-offset-key=\"9umvi-0-0\"><span data-offset-key=\"9umvi-0-0\">Almirante Latorre entre Pedro Montt y Esmeralda. <\/span><\/div>\n<\/div>\n<div class=\"\" data-block=\"true\" data-editor=\"en4p1\" data-offset-key=\"ei9di-0-0\">\n<div class=\"_1mf _1mj\" data-offset-key=\"ei9di-0-0\"><span data-offset-key=\"ei9di-0-0\">Poblaci\u00f3n Goleta Ancud<\/span><\/div>\n<\/div>\n<div class=\"\" data-block=\"true\" data-editor=\"en4p1\" data-offset-key=\"3ptvo-0-0\">\n<div class=\"_1mf _1mj\" data-offset-key=\"3ptvo-0-0\"><span data-offset-key=\"3ptvo-0-0\">Calle Pratt hasta Esemralda<\/span><\/div>\n<\/div>\n<div class=\"\" data-block=\"true\" data-editor=\"en4p1\" data-offset-key=\"a86te-0-0\">\n<div class=\"_1mf _1mj\" data-offset-key=\"a86te-0-0\"><span data-offset-key=\"a86te-0-0\">Calle Goycolea y Poblaci\u00f3n Goycolea. <\/span><\/div>\n<\/div>\n<div class=\"\" data-block=\"true\" data-editor=\"en4p1\" data-offset-key=\"8lk58-0-0\">\n<div class=\"_1mf _1mj\" data-offset-key=\"8lk58-0-0\"><span data-offset-key=\"8lk58-0-0\">Lord Corchane <\/span><\/div>\n<\/div>\n<div class=\"\" data-block=\"true\" data-editor=\"en4p1\" data-offset-key=\"5bfqo-0-0\">\n<div class=\"_1mf _1mj\" data-offset-key=\"5bfqo-0-0\"><span data-offset-key=\"5bfqo-0-0\">Covadonga y calle Bellavista.<\/span><\/div>\n<\/div>\n<div class=\"\" data-block=\"true\" data-editor=\"en4p1\" data-offset-key=\"57j4j-0-0\">\n<div class=\"_1mf _1mj\" data-offset-key=\"57j4j-0-0\"><span data-offset-key=\"57j4j-0-0\">\u00a0<\/span><\/div>\n<\/div>\n<div class=\"\" data-block=\"true\" data-editor=\"en4p1\" data-offset-key=\"8s9jf-0-0\">\n<div class=\"_1mf _1mj\" data-offset-key=\"8s9jf-0-0\"><span data-offset-key=\"8s9jf-0-0\">CUADRANTE 3<\/span><\/div>\n<\/div>\n<div class=\"\" data-block=\"true\" data-editor=\"en4p1\" data-offset-key=\"7ms03-0-0\">\n<div class=\"_1mf _1mj\" data-offset-key=\"7ms03-0-0\"><span data-offset-key=\"7ms03-0-0\">Los hogares hacia el sur de la ciudad, comprende a todos los domicilios que se encuentran en el per\u00edmetro que forman las calles que van desde Yungay, Los Carreras y parte de Yerbas Buenas. Contin\u00faa por Pepita Manns y Primero de Mayo hacia el sur, limita con el ESFOCAR de Carabineros, incorporando las poblaciones Bellavista 1, 2, 3 y 4, adem\u00e1s de Villa Archipi\u00e9lago. Contin\u00faa hacia el sur, por costanera y abarca las poblaciones Primero de Mayo, Poblaci\u00f3n Libertad, y Villa Subercaseaux. Componen este cuadrante, adem\u00e1s las poblaciones F\u00e1tima, Lomas de Puquillihue, Villa Esperanza, Villa Solidaridad y Cardenal Silva Henr\u00edquez.<\/span><\/div>\n<\/div>\n<div class=\"\" data-block=\"true\" data-editor=\"en4p1\" data-offset-key=\"f6i0s-0-0\">\n<div class=\"_1mf _1mj\" data-offset-key=\"f6i0s-0-0\"><span data-offset-key=\"f6i0s-0-0\">\u00a0<\/span><\/div>\n<\/div>\n<div class=\"\" data-block=\"true\" data-editor=\"en4p1\" data-offset-key=\"2m540-0-0\">\n<div class=\"_1mf _1mj\" data-offset-key=\"2m540-0-0\"><span data-offset-key=\"2m540-0-0\">Reiteramos el llamado a:<\/span><\/div>\n<\/div>\n<div class=\"\" data-block=\"true\" data-editor=\"en4p1\" data-offset-key=\"frjk6-0-0\">\n<div class=\"_1mf _1mj\" data-offset-key=\"frjk6-0-0\"><span data-offset-key=\"frjk6-0-0\">Reducir al m\u00e1ximo, desechando s\u00f3lo lo necesario.<\/span><\/div>\n<\/div>\n<div class=\"\" data-block=\"true\" data-editor=\"en4p1\" data-offset-key=\"d6pou-0-0\">\n<div class=\"_1mf _1mj\" data-offset-key=\"d6pou-0-0\"><span data-offset-key=\"d6pou-0-0\">Reutilizar, no bote papeles y cartones.<\/span><\/div>\n<\/div>\n<div class=\"\" data-block=\"true\" data-editor=\"en4p1\" data-offset-key=\"6qe55-0-0\">\n<div class=\"_1mf _1mj\" data-offset-key=\"6qe55-0-0\"><span data-offset-key=\"6qe55-0-0\">Reciclar, todos los materiales que puedan tener una segunda utilizaci\u00f3n.<\/span><\/div>\n<\/div>\n<div class=\"\" data-block=\"true\" data-editor=\"en4p1\" data-offset-key=\"70efa-0-0\">\n<div class=\"_1mf _1mj\" data-offset-key=\"70efa-0-0\"><span data-offset-key=\"70efa-0-0\">\u00a0<\/span><\/div>\n<\/div>\n<div class=\"\" data-block=\"true\" data-editor=\"en4p1\" data-offset-key=\"cdca-0-0\">\n<div class=\"_1mf _1mj\" data-offset-key=\"cdca-0-0\"><span data-offset-key=\"cdca-0-0\">Mapa Online para Cuadrantes y puntos de acopio y reciclaje.<\/span><\/div>\n<\/div>\n<div class=\"\" data-block=\"true\" data-editor=\"en4p1\" data-offset-key=\"7i7i8-0-0\">\n<div class=\"_1mf _1mj\" data-offset-key=\"7i7i8-0-0\"><span data-offset-key=\"7i7i8-0-0\">https:\/\/www.google.com\/maps\/d\/u\/0\/viewer?hl=es&amp;mid=1HxEPnEKA74EbzjFELx87zTJ1m4-Hto1s&amp;ll=-41.85819506190286%2C-73.78723943308495&amp;z=13&amp;fbclid=IwAR3dko0QVFOrRR-2dezqs_C1CzGyWsKl2udSTvur8gvnkhb-hZE4PjO8bGY<\/span><\/div>\n<\/div>\n<div class=\"\" data-block=\"true\" data-editor=\"en4p1\" data-offset-key=\"7n704-0-0\">\n<div class=\"_1mf _1mj\" data-offset-key=\"7n704-0-0\"><span data-offset-key=\"7n704-0-0\">\u00a0<\/span><\/div>\n<\/div>\n<div class=\"\" data-block=\"true\" data-editor=\"en4p1\" data-offset-key=\"dc63l-0-0\">\n<div class=\"_1mf _1mj\" data-offset-key=\"dc63l-0-0\"><span data-offset-key=\"dc63l-0-0\">Coordine operativos vecinales para el retiro de Chatarra o escombros, con la Direcci\u00f3n de Aseo y Ornato de la Ilustre Municipalidad de Ancud.<\/span><\/div>\n<\/div>\n<div class=\"\" data-block=\"true\" data-editor=\"en4p1\" data-offset-key=\"193t-0-0\">\n<div class=\"_1mf _1mj\" data-offset-key=\"193t-0-0\"><span data-offset-key=\"193t-0-0\">Tel\u00e9fono: 65-2487669<\/span><\/div>\n<\/div>\n<div class=\"\" data-block=\"true\" data-editor=\"en4p1\" data-offset-key=\"sdt5-0-0\">\n<div class=\"_1mf _1mj\" data-offset-key=\"sdt5-0-0\"><span data-offset-key=\"sdt5-0-0\">Consultas directas al WhatsApp +56967604504<\/span><\/div>\n<div data-offset-key=\"sdt5-0-0\"><img loading=\"lazy\" decoding=\"async\" class=\"alignnone wp-image-25777 size-large\" src=\"https:\/\/www.muniancud.cl\/portal\/wp-content\/uploads\/2019\/09\/Recoleccio\u0301n-Residuos-So\u0301lidos-Domiciliarios-camnios-1024x736.png\" alt=\"\" width=\"696\" height=\"500\" srcset=\"https:\/\/www.muniancud.cl\/portal\/wp-content\/uploads\/2019\/09\/Recoleccio\u0301n-Residuos-So\u0301lidos-Domiciliarios-camnios-1024x736.png 1024w, https:\/\/www.muniancud.cl\/portal\/wp-content\/uploads\/2019\/09\/Recoleccio\u0301n-Residuos-So\u0301lidos-Domiciliarios-camnios-300x216.png 300w, https:\/\/www.muniancud.cl\/portal\/wp-content\/uploads\/2019\/09\/Recoleccio\u0301n-Residuos-So\u0301lidos-Domiciliarios-camnios-768x552.png 768w, https:\/\/www.muniancud.cl\/portal\/wp-content\/uploads\/2019\/09\/Recoleccio\u0301n-Residuos-So\u0301lidos-Domiciliarios-camnios-696x500.png 696w, https:\/\/www.muniancud.cl\/portal\/wp-content\/uploads\/2019\/09\/Recoleccio\u0301n-Residuos-So\u0301lidos-Domiciliarios-camnios-1068x767.png 1068w, https:\/\/www.muniancud.cl\/portal\/wp-content\/uploads\/2019\/09\/Recoleccio\u0301n-Residuos-So\u0301lidos-Domiciliarios-camnios-585x420.png 585w, https:\/\/www.muniancud.cl\/portal\/wp-content\/uploads\/2019\/09\/Recoleccio\u0301n-Residuos-So\u0301lidos-Domiciliarios-camnios-1920x1380.png 1920w\" sizes=\"auto, (max-width: 696px) 100vw, 696px\" \/><\/div>\n<div data-offset-key=\"sdt5-0-0\"><img loading=\"lazy\" decoding=\"async\" class=\"alignnone wp-image-25665 size-large\" src=\"https:\/\/www.muniancud.cl\/portal\/wp-content\/uploads\/2019\/09\/Manejo-RSD-Puntos-de-reciclaje-1-1024x618.jpg\" alt=\"\" width=\"696\" height=\"420\" srcset=\"https:\/\/www.muniancud.cl\/portal\/wp-content\/uploads\/2019\/09\/Manejo-RSD-Puntos-de-reciclaje-1-1024x618.jpg 1024w, https:\/\/www.muniancud.cl\/portal\/wp-content\/uploads\/2019\/09\/Manejo-RSD-Puntos-de-reciclaje-1-300x181.jpg 300w, https:\/\/www.muniancud.cl\/portal\/wp-content\/uploads\/2019\/09\/Manejo-RSD-Puntos-de-reciclaje-1-768x464.jpg 768w, https:\/\/www.muniancud.cl\/portal\/wp-content\/uploads\/2019\/09\/Manejo-RSD-Puntos-de-reciclaje-1-696x420.jpg 696w, https:\/\/www.muniancud.cl\/portal\/wp-content\/uploads\/2019\/09\/Manejo-RSD-Puntos-de-reciclaje-1-1068x645.jpg 1068w, https:\/\/www.muniancud.cl\/portal\/wp-content\/uploads\/2019\/09\/Manejo-RSD-Puntos-de-reciclaje-1-1920x1159.jpg 1920w\" sizes=\"auto, (max-width: 696px) 100vw, 696px\" \/><\/div>\n<\/div>\n","protected":false},"excerpt":{"rendered":"<p>El servicio de recolecci\u00f3n de Residuos S\u00f3lidos domiciliarios de hoy martes 19 de noviembre corresponde al cuadrante 3. Labores comienzan a las 10:00 am. \u00a0 Le hacemos el llamado a: Reducir al m\u00e1ximo, desechando s\u00f3lo lo necesario. Reutilizar, no bote papeles y cartones. Reciclar, todos los materiales que puedan tener una segunda utilizaci\u00f3n. \u00a0 Tambi\u00e9n [&hellip;]<\/p>\n","protected":false},"author":4,"featured_media":0,"comment_status":"closed","ping_status":"closed","sticky":false,"template":"","format":"standard","meta":{"footnotes":""},"categories":[37],"tags":[],"class_list":["post-26150","post","type-post","status-publish","format-standard","hentry","category-alerta-sanitaria"],"_links":{"self":[{"href":"https:\/\/www.muniancud.cl\/portal\/wp-json\/wp\/v2\/posts\/26150","targetHints":{"allow":["GET"]}}],"collection":[{"href":"https:\/\/www.muniancud.cl\/portal\/wp-json\/wp\/v2\/posts"}],"about":[{"href":"https:\/\/www.muniancud.cl\/portal\/wp-json\/wp\/v2\/types\/post"}],"author":[{"embeddable":true,"href":"https:\/\/www.muniancud.cl\/portal\/wp-json\/wp\/v2\/users\/4"}],"replies":[{"embeddable":true,"href":"https:\/\/www.muniancud.cl\/portal\/wp-json\/wp\/v2\/comments?post=26150"}],"version-history":[{"count":1,"href":"https:\/\/www.muniancud.cl\/portal\/wp-json\/wp\/v2\/posts\/26150\/revisions"}],"predecessor-version":[{"id":26151,"href":"https:\/\/www.muniancud.cl\/portal\/wp-json\/wp\/v2\/posts\/26150\/revisions\/26151"}],"wp:attachment":[{"href":"https:\/\/www.muniancud.cl\/portal\/wp-json\/wp\/v2\/media?parent=26150"}],"wp:term":[{"taxonomy":"category","embeddable":true,"href":"https:\/\/www.muniancud.cl\/portal\/wp-json\/wp\/v2\/categories?post=26150"},{"taxonomy":"post_tag","embeddable":true,"href":"https:\/\/www.muniancud.cl\/portal\/wp-json\/wp\/v2\/tags?post=26150"}],"curies":[{"name":"wp","href":"https:\/\/api.w.org\/{rel}","templated":true}]}}