{"id":26181,"date":"2019-11-22T08:23:09","date_gmt":"2019-11-22T11:23:09","guid":{"rendered":"https:\/\/www.muniancud.cl\/portal\/?p=26181"},"modified":"2019-11-22T08:23:09","modified_gmt":"2019-11-22T11:23:09","slug":"servicio-de-recoleccion-de-residuos-solidos-domiciliarios-22-de-noviembre","status":"publish","type":"post","link":"https:\/\/www.muniancud.cl\/portal\/servicio-de-recoleccion-de-residuos-solidos-domiciliarios-22-de-noviembre\/","title":{"rendered":"Servicio de recolecci\u00f3n de Residuos S\u00f3lidos Domiciliarios 22 de noviembre"},"content":{"rendered":"<div>\n<div class=\"\" style=\"color: #222222;font-family: Verdana, Geneva, sans-serif;font-size: 15px;font-style: normal;font-weight: 400;letter-spacing: normal;text-align: start;text-indent: 0px;text-transform: none;background-color: #ffffff\">\n<div class=\"_1mf _1mj\">El servicio de recolecci\u00f3n de Residuos S\u00f3lidos domiciliarios de\u00a0<span id=\"OBJ_PREFIX_DWT432_com_zimbra_date\" class=\"Object\">hoy<\/span>\u00a0viernes 22<span id=\"OBJ_PREFIX_DWT433_com_zimbra_date\" class=\"Object\">\u00a0de noviembre<\/span>\u00a0corresponde al cuadrantes 2 y 5.<\/div>\n<\/div>\n<div class=\"\" style=\"color: #222222;font-family: Verdana, Geneva, sans-serif;font-size: 15px;font-style: normal;font-weight: 400;letter-spacing: normal;text-align: start;text-indent: 0px;text-transform: none;background-color: #ffffff\">\n<div class=\"_1mf _1mj\">Labores comienzan a las 10:00 am.<\/div>\n<\/div>\n<div class=\"\" style=\"color: #222222;font-family: Verdana, Geneva, sans-serif;font-size: 15px;font-style: normal;font-weight: 400;letter-spacing: normal;text-align: start;text-indent: 0px;text-transform: none;background-color: #ffffff\">\n<div class=\"_1mf _1mj\"><\/div>\n<\/div>\n<div class=\"\" style=\"color: #222222;font-family: Verdana, Geneva, sans-serif;font-size: 15px;font-style: normal;font-weight: 400;letter-spacing: normal;text-align: start;text-indent: 0px;text-transform: none;background-color: #ffffff\">\n<div class=\"_1mf _1mj\">Le hacemos el llamado a:<\/div>\n<\/div>\n<div class=\"\" style=\"color: #222222;font-family: Verdana, Geneva, sans-serif;font-size: 15px;font-style: normal;font-weight: 400;letter-spacing: normal;text-align: start;text-indent: 0px;text-transform: none;background-color: #ffffff\">\n<div class=\"_1mf _1mj\">Reducir al m\u00e1ximo, desechando s\u00f3lo lo necesario.<\/div>\n<\/div>\n<div class=\"\" style=\"color: #222222;font-family: Verdana, Geneva, sans-serif;font-size: 15px;font-style: normal;font-weight: 400;letter-spacing: normal;text-align: start;text-indent: 0px;text-transform: none;background-color: #ffffff\">\n<div class=\"_1mf _1mj\">Reutilizar, no bote papeles y cartones.<\/div>\n<\/div>\n<div class=\"\" style=\"color: #222222;font-family: Verdana, Geneva, sans-serif;font-size: 15px;font-style: normal;font-weight: 400;letter-spacing: normal;text-align: start;text-indent: 0px;text-transform: none;background-color: #ffffff\">\n<div class=\"_1mf _1mj\">Reciclar, todos los materiales que puedan tener una segunda utilizaci\u00f3n.<\/div>\n<\/div>\n<\/div>\n<div>CUADRANTE 2<\/div>\n<div><span style=\"font-size: 12.0pt;font-family: 'Arial',sans-serif\">corresponde el centro de Ancud. Este, est\u00e1 delimitado por la costanera Salvador Allende hasta calle Yungay, subiendo hasta la intersecci\u00f3n de Los Carreras. \u00a0Sigue por calle Yerbas Buenas, hasta Err\u00e1zuriz, baja hacia el centro por calle Pudeto y conecta con \u00a0calle San Carlos. Desde ah\u00ed por An\u00edbal Pinto, para continuar por calle Esmeralda, a un costado del Gimnasio fiscal hasta el encuentro con Almirante Latorre, cubriendo todo el lado sur de esta, hasta la intersecci\u00f3n con Baquedano. Para gira por San Antonio, y retornar por Lord Cochrane en direcci\u00f3n al muelle y la Costanera.<\/span><\/div>\n<div><\/div>\n<div>CUADRANTE 5<\/div>\n<div>\n<p style=\"margin: 0px\"><span style=\"font-family: 'Arial',sans-serif\">corresponde a los hogares dentro de la delimitaci\u00f3n de las calles An\u00edbal Pinto, y el sector de calle Cruz del Sur. Baja por Ribera Sur e incluye el \u00e1rea de Cancha de los Huasos hasta Camino y pasarela de Pupelde. Contempla tambi\u00e9n los tramos contiguos a la Carretera 5 Sur, Pudeto Medio y Pudeto Bajo, Padre Alberto Hurtado, Villa Pudeto hasta el aer\u00f3dromo de Pupelde.<\/span><\/p>\n<p style=\"text-align: justify;margin: 0px\"><span style=\"font-family: 'Arial',sans-serif\">\u00a0<\/span><\/p>\n<\/div>\n<div>\n<div class=\"\" style=\"color: #222222;font-family: Verdana, Geneva, sans-serif;font-size: 15px;font-style: normal;font-weight: 400;letter-spacing: normal;text-align: start;text-indent: 0px;text-transform: none;background-color: #ffffff\">\n<div class=\"_1mf _1mj\">Reiteramos el llamado a:<\/div>\n<\/div>\n<div class=\"\" style=\"color: #222222;font-family: Verdana, Geneva, sans-serif;font-size: 15px;font-style: normal;font-weight: 400;letter-spacing: normal;text-align: start;text-indent: 0px;text-transform: none;background-color: #ffffff\">\n<div class=\"_1mf _1mj\">Reducir al m\u00e1ximo, desechando s\u00f3lo lo necesario.<\/div>\n<\/div>\n<div class=\"\" style=\"color: #222222;font-family: Verdana, Geneva, sans-serif;font-size: 15px;font-style: normal;font-weight: 400;letter-spacing: normal;text-align: start;text-indent: 0px;text-transform: none;background-color: #ffffff\">\n<div class=\"_1mf _1mj\">Reutilizar, no bote papeles y cartones.<\/div>\n<\/div>\n<div class=\"\" style=\"color: #222222;font-family: Verdana, Geneva, sans-serif;font-size: 15px;font-style: normal;font-weight: 400;letter-spacing: normal;text-align: start;text-indent: 0px;text-transform: none;background-color: #ffffff\">\n<div class=\"_1mf _1mj\">Reciclar, todos los materiales que puedan tener una segunda utilizaci\u00f3n.<\/div>\n<\/div>\n<div class=\"\" style=\"color: #222222;font-family: Verdana, Geneva, sans-serif;font-size: 15px;font-style: normal;font-weight: 400;letter-spacing: normal;text-align: start;text-indent: 0px;text-transform: none;background-color: #ffffff\">\n<div class=\"_1mf _1mj\"><\/div>\n<\/div>\n<div class=\"\" style=\"color: #222222;font-family: Verdana, Geneva, sans-serif;font-size: 15px;font-style: normal;font-weight: 400;letter-spacing: normal;text-align: start;text-indent: 0px;text-transform: none;background-color: #ffffff\">\n<div class=\"_1mf _1mj\">Mapa Online para Cuadrantes y puntos de acopio y reciclaje.<\/div>\n<\/div>\n<div class=\"\" style=\"color: #222222;font-family: Verdana, Geneva, sans-serif;font-size: 15px;font-style: normal;font-weight: 400;letter-spacing: normal;text-align: start;text-indent: 0px;text-transform: none;background-color: #ffffff\">\n<div class=\"_1mf _1mj\"><span id=\"OBJ_PREFIX_DWT434_com_zimbra_url\" class=\"Object\"><a style=\"background-color: transparent;color: #1e73be;text-decoration: none\" href=\"https:\/\/www.google.com\/maps\/d\/u\/0\/viewer?hl=es&amp;mid=1HxEPnEKA74EbzjFELx87zTJ1m4-Hto1s&amp;ll=-41.85819506190286%2C-73.78723943308495&amp;z=13&amp;fbclid=IwAR3dko0QVFOrRR-2dezqs_C1CzGyWsKl2udSTvur8gvnkhb-hZE4PjO8bGY\" target=\"_blank\" rel=\"noopener noreferrer\">https:\/\/www.google.com\/maps\/d\/u\/0\/viewer?hl=es&amp;mid=1HxEPnEKA74EbzjFELx87zTJ1m4-Hto1s&amp;ll=-41.85819506190286%2C-73.78723943308495&amp;z=13&amp;fbclid=IwAR3dko0QVFOrRR-2dezqs_C1CzGyWsKl2udSTvur8gvnkhb-hZE4PjO8bGY<\/a><\/span><\/div>\n<\/div>\n<div class=\"\" style=\"color: #222222;font-family: Verdana, Geneva, sans-serif;font-size: 15px;font-style: normal;font-weight: 400;letter-spacing: normal;text-align: start;text-indent: 0px;text-transform: none;background-color: #ffffff\">\n<div class=\"_1mf _1mj\"><\/div>\n<\/div>\n<div class=\"\" style=\"color: #222222;font-family: Verdana, Geneva, sans-serif;font-size: 15px;font-style: normal;font-weight: 400;letter-spacing: normal;text-align: start;text-indent: 0px;text-transform: none;background-color: #ffffff\">\n<div class=\"_1mf _1mj\">Coordine operativos vecinales para el retiro de Chatarra o escombros, con la Direcci\u00f3n de Aseo y Ornato de la Ilustre Municipalidad de Ancud.<\/div>\n<\/div>\n<div class=\"\" style=\"color: #222222;font-family: Verdana, Geneva, sans-serif;font-size: 15px;font-style: normal;font-weight: 400;letter-spacing: normal;text-align: start;text-indent: 0px;text-transform: none;background-color: #ffffff\">\n<div class=\"_1mf _1mj\">Tel\u00e9fono: 65-2487669<\/div>\n<\/div>\n<div class=\"\" style=\"color: #222222;font-family: Verdana, Geneva, sans-serif;font-size: 15px;font-style: normal;font-weight: 400;letter-spacing: normal;text-align: start;text-indent: 0px;text-transform: none;background-color: #ffffff\">\n<div class=\"_1mf _1mj\">Consultas directas al WhatsApp +56967604504<img loading=\"lazy\" decoding=\"async\" class=\"alignnone wp-image-25777 size-large\" src=\"https:\/\/www.muniancud.cl\/portal\/wp-content\/uploads\/2019\/09\/Recoleccio\u0301n-Residuos-So\u0301lidos-Domiciliarios-camnios-1024x736.png\" alt=\"\" width=\"696\" height=\"500\" srcset=\"https:\/\/www.muniancud.cl\/portal\/wp-content\/uploads\/2019\/09\/Recoleccio\u0301n-Residuos-So\u0301lidos-Domiciliarios-camnios-1024x736.png 1024w, https:\/\/www.muniancud.cl\/portal\/wp-content\/uploads\/2019\/09\/Recoleccio\u0301n-Residuos-So\u0301lidos-Domiciliarios-camnios-300x216.png 300w, https:\/\/www.muniancud.cl\/portal\/wp-content\/uploads\/2019\/09\/Recoleccio\u0301n-Residuos-So\u0301lidos-Domiciliarios-camnios-768x552.png 768w, https:\/\/www.muniancud.cl\/portal\/wp-content\/uploads\/2019\/09\/Recoleccio\u0301n-Residuos-So\u0301lidos-Domiciliarios-camnios-696x500.png 696w, https:\/\/www.muniancud.cl\/portal\/wp-content\/uploads\/2019\/09\/Recoleccio\u0301n-Residuos-So\u0301lidos-Domiciliarios-camnios-1068x767.png 1068w, https:\/\/www.muniancud.cl\/portal\/wp-content\/uploads\/2019\/09\/Recoleccio\u0301n-Residuos-So\u0301lidos-Domiciliarios-camnios-585x420.png 585w, https:\/\/www.muniancud.cl\/portal\/wp-content\/uploads\/2019\/09\/Recoleccio\u0301n-Residuos-So\u0301lidos-Domiciliarios-camnios-1920x1380.png 1920w\" sizes=\"auto, (max-width: 696px) 100vw, 696px\" \/><\/div>\n<div><img loading=\"lazy\" decoding=\"async\" class=\"alignnone wp-image-25665 size-large\" src=\"https:\/\/www.muniancud.cl\/portal\/wp-content\/uploads\/2019\/09\/Manejo-RSD-Puntos-de-reciclaje-1-1024x618.jpg\" alt=\"\" width=\"696\" height=\"420\" srcset=\"https:\/\/www.muniancud.cl\/portal\/wp-content\/uploads\/2019\/09\/Manejo-RSD-Puntos-de-reciclaje-1-1024x618.jpg 1024w, https:\/\/www.muniancud.cl\/portal\/wp-content\/uploads\/2019\/09\/Manejo-RSD-Puntos-de-reciclaje-1-300x181.jpg 300w, https:\/\/www.muniancud.cl\/portal\/wp-content\/uploads\/2019\/09\/Manejo-RSD-Puntos-de-reciclaje-1-768x464.jpg 768w, https:\/\/www.muniancud.cl\/portal\/wp-content\/uploads\/2019\/09\/Manejo-RSD-Puntos-de-reciclaje-1-696x420.jpg 696w, https:\/\/www.muniancud.cl\/portal\/wp-content\/uploads\/2019\/09\/Manejo-RSD-Puntos-de-reciclaje-1-1068x645.jpg 1068w, https:\/\/www.muniancud.cl\/portal\/wp-content\/uploads\/2019\/09\/Manejo-RSD-Puntos-de-reciclaje-1-1920x1159.jpg 1920w\" sizes=\"auto, (max-width: 696px) 100vw, 696px\" \/><\/div>\n<\/div>\n<\/div>\n","protected":false},"excerpt":{"rendered":"<p>El servicio de recolecci\u00f3n de Residuos S\u00f3lidos domiciliarios de\u00a0hoy\u00a0viernes 22\u00a0de noviembre\u00a0corresponde al cuadrantes 2 y 5. Labores comienzan a las 10:00 am. Le hacemos el llamado a: Reducir al m\u00e1ximo, desechando s\u00f3lo lo necesario. Reutilizar, no bote papeles y cartones. Reciclar, todos los materiales que puedan tener una segunda utilizaci\u00f3n. CUADRANTE 2 corresponde el centro [&hellip;]<\/p>\n","protected":false},"author":4,"featured_media":0,"comment_status":"closed","ping_status":"closed","sticky":false,"template":"","format":"standard","meta":{"footnotes":""},"categories":[37],"tags":[],"class_list":["post-26181","post","type-post","status-publish","format-standard","hentry","category-alerta-sanitaria"],"_links":{"self":[{"href":"https:\/\/www.muniancud.cl\/portal\/wp-json\/wp\/v2\/posts\/26181","targetHints":{"allow":["GET"]}}],"collection":[{"href":"https:\/\/www.muniancud.cl\/portal\/wp-json\/wp\/v2\/posts"}],"about":[{"href":"https:\/\/www.muniancud.cl\/portal\/wp-json\/wp\/v2\/types\/post"}],"author":[{"embeddable":true,"href":"https:\/\/www.muniancud.cl\/portal\/wp-json\/wp\/v2\/users\/4"}],"replies":[{"embeddable":true,"href":"https:\/\/www.muniancud.cl\/portal\/wp-json\/wp\/v2\/comments?post=26181"}],"version-history":[{"count":1,"href":"https:\/\/www.muniancud.cl\/portal\/wp-json\/wp\/v2\/posts\/26181\/revisions"}],"predecessor-version":[{"id":26182,"href":"https:\/\/www.muniancud.cl\/portal\/wp-json\/wp\/v2\/posts\/26181\/revisions\/26182"}],"wp:attachment":[{"href":"https:\/\/www.muniancud.cl\/portal\/wp-json\/wp\/v2\/media?parent=26181"}],"wp:term":[{"taxonomy":"category","embeddable":true,"href":"https:\/\/www.muniancud.cl\/portal\/wp-json\/wp\/v2\/categories?post=26181"},{"taxonomy":"post_tag","embeddable":true,"href":"https:\/\/www.muniancud.cl\/portal\/wp-json\/wp\/v2\/tags?post=26181"}],"curies":[{"name":"wp","href":"https:\/\/api.w.org\/{rel}","templated":true}]}}