{"id":26183,"date":"2019-11-18T17:50:12","date_gmt":"2019-11-18T20:50:12","guid":{"rendered":"https:\/\/www.muniancud.cl\/portal\/?p=26183"},"modified":"2019-11-22T18:10:10","modified_gmt":"2019-11-22T21:10:10","slug":"municipio-realiza-encuentro-informativo-sobre-cabildos-ciudadanos","status":"publish","type":"post","link":"https:\/\/www.muniancud.cl\/portal\/municipio-realiza-encuentro-informativo-sobre-cabildos-ciudadanos\/","title":{"rendered":"Municipio realiza encuentro informativo sobre Cabildos Ciudadanos"},"content":{"rendered":"<p>Este lunes 18 de noviembre se realiz\u00f3 el Encuentro Informativo de cara a la realizaci\u00f3n de los Cabildos Ciudadanos en la comuna de Ancud. Con la asistencia de m\u00e1s de doscientos dirigentes y vecinos de la comuna, el Gimnasio Fiscal fue parte del proceso constituyente que se vive a lo largo y ancho del pa\u00eds.<\/p>\n<p>Cabe destacar, que esta es una respuesta del mundo municipal a la crisis pol\u00edtico, econ\u00f3mica y social que, por espacio de un mes, se hace sentir con fuerza en todos los rincones. En este escenario, el objetivo inicial contemplaba realizar una consulta ciudadana, como aporte al proceso que tiene como eje, el cambio definitivo de la constituci\u00f3n de 1980. Sin embargo, los cambios en los escenarios institucionales ante la crisis, han llevado a suspender la consulta para dar paso a la implementaci\u00f3n de cabildos con el fin de afrontar el proceso por el que transita la ciudadan\u00eda. El motivo, el pasado 15 de noviembre se firma del acuerdo entre los actores pol\u00edticos con presencia en el Congreso Nacional, donde se destaca entre otras medidas, un plebiscito de entrada para el mes de abril.<\/p>\n<p>Durante la realizaci\u00f3n del Encuentro Informativo, el alcalde Carlos G\u00f3mez se refiri\u00f3 al cambio de escenario que motiva la suspensi\u00f3n moment\u00e1nea de la Consulta por parte de la Asociaci\u00f3n Chilena de Municipalidades, as\u00ed como las acciones municipales para contribuir al proceso constituyente que se desarrolla en la actualidad.<\/p>\n<p>\u201c<em>La Asociaci\u00f3n Chilena, a trav\u00e9s de su mesa directiva se re\u00fanen y determina posponer esta consulta ciudadana, hasta un nuevo aviso para reestudiar lo que se va a consultar. Nosotros, previo a aquella decisi\u00f3n, hab\u00edamos convocado a esta reuni\u00f3n de hoy, que ten\u00eda como principal objetivo informar en lo que iba a consultar esta Consulta Ciudadana, y abordar el tema de lo qu\u00e9 es una nueva Constituci\u00f3n, y c\u00f3mo la gente puede participar de forma informada dentro de este proceso. Decidimos junto ala direcci\u00f3n de DIDEF, junto ala direcci\u00f3n de Organizaciones Comunitarias, junto tambi\u00e9n a jur\u00eddica, de llevar adelante esta convocatoria que hab\u00edamos formulado para el d\u00eda de hoy. Porque nos parece que independiente que no se realice esta Consulta Ciudadana, es de mucho inter\u00e9s que nuestra comunidad est\u00e9 informada para este proceso que se va a iniciar en el mes de abril<\/em>\u201d, destac\u00f3 el alcalde G\u00f3mez, con el objetivo de entregar las herramientas que la comunidad requiere para participar del proceso de la forma m\u00e1s informada posible.<\/p>\n<p>En este sentido, el alcalde se refiri\u00f3 a la actividad realizada en el Gimnasio Fiscal, as\u00ed como a la participaci\u00f3n de dirigentes y vecinos de los diferentes estamentos de la sociedad. De los diferentes sectores, adem\u00e1s de las iniciativas de car\u00e1cter tem\u00e1tico o estamental sean estos, de origen institucional o auto convocados.<\/p>\n<p>\u201c<em>Este proceso se viene a sumar a lo que ha estado haciendo la comunidad a trav\u00e9s de las distintas asambleas y llamados a cabildos que ha estado realizando la ciudadan\u00eda. Esto viene a sumarse. Queremos rescatar absolutamente todo lo que ha estado haciendo la comunidad. Ir visualizando los problemas de car\u00e1cter nacional que tenemos que defender y cuales son aquellos problemas y necesidades de un car\u00e1cter m\u00e1s local que tenemos que trabajar en conjunto. Asique aqu\u00ed todo suma. Nosotros no queremos producir ning\u00fan tipo de quiebre o diferencia entre un evento u otro. Todo lo contrario. Creemos que a trav\u00e9s de las distintas acciones que se llevan adelante, pueda participar el m\u00e1ximo de gente. Y esa participaci\u00f3n sea lo m\u00e1s informada posible. No estoy encabezando esta convocatoria, porque tampoco quiero que se comience a ver con una visi\u00f3n pol\u00edtica. Esto no tiene nada de aquello. Yo soy uno mas de los integrantes de esta convocatoria, voy a seguirlo siendo. Son los funcionarios los que van a llevar el protagonismo de este proceso<\/em>\u201d, sostuvo el alcalde G\u00f3mez. Qui\u00e9n tambi\u00e9n recomend\u00f3, participar de las iniciativas que se realicen tanto en el campo como en la ciudad, y en particular con las y los vecinos que no participan de organizaciones, para que estos cuenten con la mayor informaci\u00f3n ante las decisiones que demanda el proceso constituyente que vive el pa\u00eds.<\/p>\n","protected":false},"excerpt":{"rendered":"<p>Este lunes 18 de noviembre se realiz\u00f3 el Encuentro Informativo de cara a la realizaci\u00f3n de los Cabildos Ciudadanos en la comuna de Ancud. Con la asistencia de m\u00e1s de doscientos dirigentes y vecinos de la comuna, el Gimnasio Fiscal fue parte del proceso constituyente que se vive a lo largo y ancho del pa\u00eds. [&hellip;]<\/p>\n","protected":false},"author":4,"featured_media":26184,"comment_status":"closed","ping_status":"closed","sticky":false,"template":"","format":"standard","meta":{"footnotes":""},"categories":[4],"tags":[],"class_list":["post-26183","post","type-post","status-publish","format-standard","has-post-thumbnail","hentry","category-sala-de-prensa"],"_links":{"self":[{"href":"https:\/\/www.muniancud.cl\/portal\/wp-json\/wp\/v2\/posts\/26183","targetHints":{"allow":["GET"]}}],"collection":[{"href":"https:\/\/www.muniancud.cl\/portal\/wp-json\/wp\/v2\/posts"}],"about":[{"href":"https:\/\/www.muniancud.cl\/portal\/wp-json\/wp\/v2\/types\/post"}],"author":[{"embeddable":true,"href":"https:\/\/www.muniancud.cl\/portal\/wp-json\/wp\/v2\/users\/4"}],"replies":[{"embeddable":true,"href":"https:\/\/www.muniancud.cl\/portal\/wp-json\/wp\/v2\/comments?post=26183"}],"version-history":[{"count":1,"href":"https:\/\/www.muniancud.cl\/portal\/wp-json\/wp\/v2\/posts\/26183\/revisions"}],"predecessor-version":[{"id":26185,"href":"https:\/\/www.muniancud.cl\/portal\/wp-json\/wp\/v2\/posts\/26183\/revisions\/26185"}],"wp:featuredmedia":[{"embeddable":true,"href":"https:\/\/www.muniancud.cl\/portal\/wp-json\/wp\/v2\/media\/26184"}],"wp:attachment":[{"href":"https:\/\/www.muniancud.cl\/portal\/wp-json\/wp\/v2\/media?parent=26183"}],"wp:term":[{"taxonomy":"category","embeddable":true,"href":"https:\/\/www.muniancud.cl\/portal\/wp-json\/wp\/v2\/categories?post=26183"},{"taxonomy":"post_tag","embeddable":true,"href":"https:\/\/www.muniancud.cl\/portal\/wp-json\/wp\/v2\/tags?post=26183"}],"curies":[{"name":"wp","href":"https:\/\/api.w.org\/{rel}","templated":true}]}}