{"id":26494,"date":"2020-01-13T09:35:35","date_gmt":"2020-01-13T12:35:35","guid":{"rendered":"https:\/\/www.muniancud.cl\/portal\/?p=26494"},"modified":"2020-01-13T09:56:12","modified_gmt":"2020-01-13T12:56:12","slug":"servicio-de-recoleccion-de-residuos-solidos-domiciliarios-13-de-enero","status":"publish","type":"post","link":"https:\/\/www.muniancud.cl\/portal\/servicio-de-recoleccion-de-residuos-solidos-domiciliarios-13-de-enero\/","title":{"rendered":"Servicio de recolecci\u00f3n de Residuos S\u00f3lidos Domiciliarios 13 de enero"},"content":{"rendered":"<p>La Ilustre Municipalidad de Ancud, a trav\u00e9s de la Direcci\u00f3n de Aseo y Ornato, informa a la comunidad que el servicio de recolecci\u00f3n de Residuos S\u00f3lidos Domiciliarios, se encuentra en labores de disposici\u00f3n y recolecci\u00f3n de acumulaci\u00f3n de desechos en diferentes puntos de la ciudad. En especial,\u00a0hoy\u00a0lunes\u00a0en el sector de las Bellavistas.<\/p>\n<p>Estas labores permitir\u00e1n normalizar el servicio de recolecci\u00f3n de Residuos S\u00f3lidos Domiciliarios, a la brevedad.<br \/>\nMientras se realizan y finalizan estas labores de limpieza de la v\u00eda p\u00fablica, se podr\u00e1\u00a0iniciar el servicio de recolecci\u00f3n domiciliaria con normalidad.<\/p>\n<p>Evite generar micro basurales.<br \/>\nEs muy importante no mezclar los desechos domiciliarios, para que en cuando puedan ser retirados sea de forma r\u00e1pida.<\/p>\n<p>Para el tratamiento de los desechos\u00a0 vegetales, visite www.muniancud.cl y suscr\u00edbase en el Programa de Compostaje Comunal y reduzca a\u00fan m\u00e1s, los desechos del hogar.<\/p>\n<p>Reiteramos.<br \/>\nNo bote cart\u00f3n o papeles voluminosos.<br \/>\nNo deseche escombros o restos de podas en el servicio de recolecci\u00f3n de desechos domiciliarios. Coordine\u00a0operativos vecinales para el retiro de Podas, Chatarra, Chatarra Electr\u00f3nica o escombros con la Direcci\u00f3n de Aseo y Ornato de la Ilustre Municipalidad de Ancud.<br \/>\nTel\u00e9fono: 65-2487669<br \/>\nConsultas directas al WhatsApp +56967604504<\/p>\n<p>Mapa Online para Cuadrantes y puntos de acopio y reciclaje.<br \/>\nhttps:\/\/www.google.com\/maps\/d\/u\/0\/viewer?hl=es&#038;mid=1HxEPnEKA74EbzjFELx87zTJ1m4-Hto1s&#038;ll=-41.85819506190286%2C-73.78723943308495&#038;z=13&#038;fbclid=IwAR3dko0QVFOrRR-2dezqs_C1CzGyWsKl2udSTvur8gvnkhb-hZE4PjO8bGY<\/p>\n<p><img loading=\"lazy\" decoding=\"async\" class=\"alignnone wp-image-25665 size-large\" src=\"https:\/\/www.muniancud.cl\/portal\/wp-content\/uploads\/2019\/09\/Manejo-RSD-Puntos-de-reciclaje-1-1024x618.jpg\" alt=\"\" width=\"696\" height=\"420\" srcset=\"https:\/\/www.muniancud.cl\/portal\/wp-content\/uploads\/2019\/09\/Manejo-RSD-Puntos-de-reciclaje-1-1024x618.jpg 1024w, https:\/\/www.muniancud.cl\/portal\/wp-content\/uploads\/2019\/09\/Manejo-RSD-Puntos-de-reciclaje-1-300x181.jpg 300w, https:\/\/www.muniancud.cl\/portal\/wp-content\/uploads\/2019\/09\/Manejo-RSD-Puntos-de-reciclaje-1-768x464.jpg 768w, https:\/\/www.muniancud.cl\/portal\/wp-content\/uploads\/2019\/09\/Manejo-RSD-Puntos-de-reciclaje-1-696x420.jpg 696w, https:\/\/www.muniancud.cl\/portal\/wp-content\/uploads\/2019\/09\/Manejo-RSD-Puntos-de-reciclaje-1-1068x645.jpg 1068w, https:\/\/www.muniancud.cl\/portal\/wp-content\/uploads\/2019\/09\/Manejo-RSD-Puntos-de-reciclaje-1-1920x1159.jpg 1920w\" sizes=\"auto, (max-width: 696px) 100vw, 696px\" \/><\/p>\n","protected":false},"excerpt":{"rendered":"<p>La Ilustre Municipalidad de Ancud, a trav\u00e9s de la Direcci\u00f3n de Aseo y Ornato, informa a la comunidad que el servicio de recolecci\u00f3n de Residuos S\u00f3lidos Domiciliarios, se encuentra en labores de disposici\u00f3n y recolecci\u00f3n de acumulaci\u00f3n de desechos en diferentes puntos de la ciudad. En especial,\u00a0hoy\u00a0lunes\u00a0en el sector de las Bellavistas. Estas labores permitir\u00e1n [&hellip;]<\/p>\n","protected":false},"author":4,"featured_media":0,"comment_status":"closed","ping_status":"closed","sticky":false,"template":"","format":"standard","meta":{"footnotes":""},"categories":[37],"tags":[],"class_list":["post-26494","post","type-post","status-publish","format-standard","hentry","category-alerta-sanitaria"],"_links":{"self":[{"href":"https:\/\/www.muniancud.cl\/portal\/wp-json\/wp\/v2\/posts\/26494","targetHints":{"allow":["GET"]}}],"collection":[{"href":"https:\/\/www.muniancud.cl\/portal\/wp-json\/wp\/v2\/posts"}],"about":[{"href":"https:\/\/www.muniancud.cl\/portal\/wp-json\/wp\/v2\/types\/post"}],"author":[{"embeddable":true,"href":"https:\/\/www.muniancud.cl\/portal\/wp-json\/wp\/v2\/users\/4"}],"replies":[{"embeddable":true,"href":"https:\/\/www.muniancud.cl\/portal\/wp-json\/wp\/v2\/comments?post=26494"}],"version-history":[{"count":2,"href":"https:\/\/www.muniancud.cl\/portal\/wp-json\/wp\/v2\/posts\/26494\/revisions"}],"predecessor-version":[{"id":26496,"href":"https:\/\/www.muniancud.cl\/portal\/wp-json\/wp\/v2\/posts\/26494\/revisions\/26496"}],"wp:attachment":[{"href":"https:\/\/www.muniancud.cl\/portal\/wp-json\/wp\/v2\/media?parent=26494"}],"wp:term":[{"taxonomy":"category","embeddable":true,"href":"https:\/\/www.muniancud.cl\/portal\/wp-json\/wp\/v2\/categories?post=26494"},{"taxonomy":"post_tag","embeddable":true,"href":"https:\/\/www.muniancud.cl\/portal\/wp-json\/wp\/v2\/tags?post=26494"}],"curies":[{"name":"wp","href":"https:\/\/api.w.org\/{rel}","templated":true}]}}