{"id":26536,"date":"2020-01-17T10:10:52","date_gmt":"2020-01-17T13:10:52","guid":{"rendered":"https:\/\/www.muniancud.cl\/portal\/?p=26536"},"modified":"2020-01-17T10:12:07","modified_gmt":"2020-01-17T13:12:07","slug":"compromiso-medioambiental-se-instala-en-las-muestras-costumbristas-de-ancud","status":"publish","type":"post","link":"https:\/\/www.muniancud.cl\/portal\/compromiso-medioambiental-se-instala-en-las-muestras-costumbristas-de-ancud\/","title":{"rendered":"Compromiso medioambiental se instala en las muestras costumbristas de Ancud"},"content":{"rendered":"<p>La Ilustre Municipalidad de Ancud junto a las organizaciones e instituciones que componen las Muestras Costumbristas de este verano 2020, asumieron como parte del desarrollo de estas actividades, el Compromiso Medioambiental. Iniciativa impulsada desde el municipio, con el objetivo eliminar los elementos desechables, el uso de pl\u00e1sticos, separaci\u00f3n de residuos y la aplicaci\u00f3n de la Ordenanza Municipal Sobre Medio Ambiente, Aseo y Ornato comunal, vigente desde el 31 de diciembre del a\u00f1o 2019.<\/p>\n<p>As\u00ed lo explica Alfredo Caro, encargado de la Oficina Municipal de Gesti\u00f3n de Medioambiente quien, en reuni\u00f3n de coordinaci\u00f3n con los integrantes de la 36 Muestra Gastron\u00f3mica y Folcl\u00f3rica se refiri\u00f3 a la nueva implementaci\u00f3n.<\/p>\n<p>\u201c<em>El alcalde Carlos G\u00f3mez, no pidi\u00f3 reforzar el compromiso medioambiental dentro de nuestra comuna, independiente de las acciones que se est\u00e1n generando como direcci\u00f3n y como Municipalidad. Nos pidi\u00f3 involucrarnos fuertemente en lo que es las costumbristas, es por eso que, desde esta Costumbrista en adelante, vamos a hacer una certificaci\u00f3n de Compromiso Ambiental con cada uno de los m\u00f3dulos que son los generadores de residuos dentro de los que es cada una de estas fiestas. Dando cumplimiento a la ordenanza municipal que fue aprobada el 31 de diciembre que, menciona que no se pueden usar desechables en los eventos masivos, entendiendo a cada una de las costumbristas como un evento masivo. Se va a estar educando, se va a estar fiscalizando y se va a comprometer a cada uno de los propietarios de los m\u00f3dulos, a realizar las acciones necesarias para separar todos los residuos para poder reciclar, y lo org\u00e1nico para poder compostarlo o d\u00e1rselos a sus animales de granja<\/em>\u201d, se\u00f1al\u00f3 Caro, agregando que se trabajar\u00e1 con la empresa de aseo CyH, esperando buenos resultados a diferencia de a\u00f1os anteriores.<\/p>\n<p>Para las organizaciones que dan vida a la 36 Muestra Gastron\u00f3mica, el Compromiso Medioambiental se transforma en una oportunidad que permite mejorar el entorno y el contenido de las Muestras Costumbristas, tal como lo detalla Luis Santana secretario de la Agrupaci\u00f3n Muestra Gastron\u00f3mica y Folcl\u00f3rica de Ancud. \u201c<em>En la mayor\u00eda de las reuniones con los participantes de las distintas instituciones y organizaciones, por lo tanto, yo creo que el medio ambiente ya vamos a empezar a cooperar tambi\u00e9n con la limpieza, con los aseos de lo que es el parque Bellavista. Yo creo que hay que empezar a educar tambi\u00e9n a la gente, porque no estamos muy acostumbrados a ese tema, pero s\u00ed, viendo la necesidad que est\u00e1 ocurriendo en nuestra comuna, tenemos que poner todos nuestro granito de arena. As\u00ed que est\u00e1n cordialmente invitados, todas las personas para concurrir al Parque Bellavista los d\u00edas viernes 17, s\u00e1bado 18 y domingo 19<\/em>\u201d, enfatiz\u00f3 Santana, en la antesala de la 36 Muestra Costumbrista y Folcl\u00f3rica de Ancud que comienza este viernes desde las 17:30 horas.<\/p>\n","protected":false},"excerpt":{"rendered":"<p>La Ilustre Municipalidad de Ancud junto a las organizaciones e instituciones que componen las Muestras Costumbristas de este verano 2020, asumieron como parte del desarrollo de estas actividades, el Compromiso Medioambiental. Iniciativa impulsada desde el municipio, con el objetivo eliminar los elementos desechables, el uso de pl\u00e1sticos, separaci\u00f3n de residuos y la aplicaci\u00f3n de la [&hellip;]<\/p>\n","protected":false},"author":4,"featured_media":26537,"comment_status":"closed","ping_status":"closed","sticky":false,"template":"","format":"standard","meta":{"footnotes":""},"categories":[26,32,4,36],"tags":[],"class_list":["post-26536","post","type-post","status-publish","format-standard","has-post-thumbnail","hentry","category-cultura","category-medio-ambiente-aseo-y-ornato","category-sala-de-prensa","category-turismo"],"_links":{"self":[{"href":"https:\/\/www.muniancud.cl\/portal\/wp-json\/wp\/v2\/posts\/26536","targetHints":{"allow":["GET"]}}],"collection":[{"href":"https:\/\/www.muniancud.cl\/portal\/wp-json\/wp\/v2\/posts"}],"about":[{"href":"https:\/\/www.muniancud.cl\/portal\/wp-json\/wp\/v2\/types\/post"}],"author":[{"embeddable":true,"href":"https:\/\/www.muniancud.cl\/portal\/wp-json\/wp\/v2\/users\/4"}],"replies":[{"embeddable":true,"href":"https:\/\/www.muniancud.cl\/portal\/wp-json\/wp\/v2\/comments?post=26536"}],"version-history":[{"count":1,"href":"https:\/\/www.muniancud.cl\/portal\/wp-json\/wp\/v2\/posts\/26536\/revisions"}],"predecessor-version":[{"id":26538,"href":"https:\/\/www.muniancud.cl\/portal\/wp-json\/wp\/v2\/posts\/26536\/revisions\/26538"}],"wp:featuredmedia":[{"embeddable":true,"href":"https:\/\/www.muniancud.cl\/portal\/wp-json\/wp\/v2\/media\/26537"}],"wp:attachment":[{"href":"https:\/\/www.muniancud.cl\/portal\/wp-json\/wp\/v2\/media?parent=26536"}],"wp:term":[{"taxonomy":"category","embeddable":true,"href":"https:\/\/www.muniancud.cl\/portal\/wp-json\/wp\/v2\/categories?post=26536"},{"taxonomy":"post_tag","embeddable":true,"href":"https:\/\/www.muniancud.cl\/portal\/wp-json\/wp\/v2\/tags?post=26536"}],"curies":[{"name":"wp","href":"https:\/\/api.w.org\/{rel}","templated":true}]}}