{"id":26539,"date":"2020-01-18T08:28:58","date_gmt":"2020-01-18T11:28:58","guid":{"rendered":"https:\/\/www.muniancud.cl\/portal\/?p=26539"},"modified":"2020-01-18T08:30:00","modified_gmt":"2020-01-18T11:30:00","slug":"servicio-de-recoleccion-de-residuos-solidos-domiciliarios-18-de-enero","status":"publish","type":"post","link":"https:\/\/www.muniancud.cl\/portal\/servicio-de-recoleccion-de-residuos-solidos-domiciliarios-18-de-enero\/","title":{"rendered":"Servicio de recolecci\u00f3n de Residuos S\u00f3lidos Domiciliarios 18 de enero"},"content":{"rendered":"<div class=\"\" data-block=\"true\" data-editor=\"fi0ar\" data-offset-key=\"4eplk-0-0\">\n<div class=\"_1mf _1mj\" data-offset-key=\"4eplk-0-0\"><span data-offset-key=\"4eplk-0-0\">El servicio de Recolecci\u00f3n de Residuos S\u00f3lidos Domiciliarios de Ancud de este d\u00eda s\u00e1bado 18 de enero, corresponde al sector rural de la comuna.<\/span><\/div>\n<\/div>\n<div class=\"\" data-block=\"true\" data-editor=\"fi0ar\" data-offset-key=\"6d8ce-0-0\">\n<div class=\"_1mf _1mj\" data-offset-key=\"6d8ce-0-0\"><span data-offset-key=\"6d8ce-0-0\">\u00a0<\/span><\/div>\n<\/div>\n<div class=\"\" data-block=\"true\" data-editor=\"fi0ar\" data-offset-key=\"e95b0-0-0\">\n<div class=\"_1mf _1mj\" data-offset-key=\"e95b0-0-0\"><span data-offset-key=\"e95b0-0-0\">Las labores se inician desde las 08:00 am aproximadamente. <\/span><\/div>\n<\/div>\n<div class=\"\" data-block=\"true\" data-editor=\"fi0ar\" data-offset-key=\"afhbi-0-0\">\n<div class=\"_1mf _1mj\" data-offset-key=\"afhbi-0-0\"><span data-offset-key=\"afhbi-0-0\">El servicio de recolecci\u00f3n de Residuos S\u00f3lidos Domiciliarios de Ancud est\u00e1 volviendo paulatinamente a la normalidad, recuerde reducir al m\u00e1ximo los desechos domiciliarios.<\/span><\/div>\n<\/div>\n<div class=\"\" data-block=\"true\" data-editor=\"fi0ar\" data-offset-key=\"729nk-0-0\">\n<div class=\"_1mf _1mj\" data-offset-key=\"729nk-0-0\"><span data-offset-key=\"729nk-0-0\">\u00a0<\/span><\/div>\n<\/div>\n<div class=\"\" data-block=\"true\" data-editor=\"fi0ar\" data-offset-key=\"3tbce-0-0\">\n<div class=\"_1mf _1mj\" data-offset-key=\"3tbce-0-0\"><span data-offset-key=\"3tbce-0-0\">Sector Rural Pen\u00ednsula:<\/span><\/div>\n<\/div>\n<div class=\"\" data-block=\"true\" data-editor=\"fi0ar\" data-offset-key=\"b1chc-0-0\">\n<div class=\"_1mf _1mj\" data-offset-key=\"b1chc-0-0\"><span data-offset-key=\"b1chc-0-0\">Inicia Lechagua (\u00faltima entrada), toda la Pen\u00ednsula de Lacuy, Pumillahue, Duatao, Cocotu\u00e9, Tehuaco, Aucaco, Pilluco, Cabeza de Baca y hasta retorno a Lechagua. <\/span><\/div>\n<\/div>\n<div class=\"\" data-block=\"true\" data-editor=\"fi0ar\" data-offset-key=\"4lf0a-0-0\">\n<div class=\"_1mf _1mj\" data-offset-key=\"4lf0a-0-0\"><span data-offset-key=\"4lf0a-0-0\">\u00a0<\/span><\/div>\n<\/div>\n<div class=\"\" data-block=\"true\" data-editor=\"fi0ar\" data-offset-key=\"saq0-0-0\">\n<div class=\"_1mf _1mj\" data-offset-key=\"saq0-0-0\"><span data-offset-key=\"saq0-0-0\">Sector Rural Chacao:<\/span><\/div>\n<\/div>\n<div class=\"\" data-block=\"true\" data-editor=\"fi0ar\" data-offset-key=\"26sqa-0-0\">\n<div class=\"_1mf _1mj\" data-offset-key=\"26sqa-0-0\"><span data-offset-key=\"26sqa-0-0\">Chacao Urbano, Tres cruces, Chacao Viejo, Pulelo, Pulelo Los Patos, Manao, Butamanga, Punta Chilen, Punta Chilen costa, Huelden, Lamecura, Co\u00f1imo, Lecam, Linao, Lecam playa, El Quilar, Recta Chacao, Curam\u00f3, La Variante, Sector Quempill\u00e9n. <\/span><\/div>\n<\/div>\n<div class=\"\" data-block=\"true\" data-editor=\"fi0ar\" data-offset-key=\"7q50e-0-0\">\n<div class=\"_1mf _1mj\" data-offset-key=\"7q50e-0-0\"><span data-offset-key=\"7q50e-0-0\">\u00a0<\/span><\/div>\n<\/div>\n<div class=\"\" data-block=\"true\" data-editor=\"fi0ar\" data-offset-key=\"dnsp1-0-0\">\n<div class=\"_1mf _1mj\" data-offset-key=\"dnsp1-0-0\"><span data-offset-key=\"dnsp1-0-0\">Sector Ruta 5<\/span><\/div>\n<\/div>\n<div class=\"\" data-block=\"true\" data-editor=\"fi0ar\" data-offset-key=\"c1e6g-0-0\">\n<div class=\"_1mf _1mj\" data-offset-key=\"c1e6g-0-0\"><span data-offset-key=\"c1e6g-0-0\">Inicia Lajas Blancas, Mechaico, Coipom\u00f3, Las Guachas, Chepu, Kil\u00f3metro 26, Kil\u00f3metro 27, Puntra Estaci\u00f3n, Carretera 5 Sur, Dega\u00f1, Taiquem\u00f3, Chaquihual, retorno por Ruta 5. <\/span><\/div>\n<\/div>\n<div class=\"\" data-block=\"true\" data-editor=\"fi0ar\" data-offset-key=\"637pb-0-0\">\n<div class=\"_1mf _1mj\" data-offset-key=\"637pb-0-0\"><span data-offset-key=\"637pb-0-0\">\u00a0<\/span><\/div>\n<\/div>\n<div class=\"\" data-block=\"true\" data-editor=\"fi0ar\" data-offset-key=\"2ofoi-0-0\">\n<div class=\"_1mf _1mj\" data-offset-key=\"2ofoi-0-0\"><span data-offset-key=\"2ofoi-0-0\">Sector Ruta Cruce San Juan, Caipulli, Huillinco, Los Ma\u00f1\u00edos, Linao, La Tiza, Huapi Linao, Retorno por Huilqueco, Llanco, Chocihue, Belb\u00e9n, Kil\u00f3metro 31, Aguas Buenas, Retorno Ancud Ruta 5 Sur.<\/span><\/div>\n<\/div>\n<div class=\"\" data-block=\"true\" data-editor=\"fi0ar\" data-offset-key=\"aiifa-0-0\">\n<div class=\"_1mf _1mj\" data-offset-key=\"aiifa-0-0\"><span data-offset-key=\"aiifa-0-0\">\u00a0<\/span><\/div>\n<\/div>\n<div class=\"\" data-block=\"true\" data-editor=\"fi0ar\" data-offset-key=\"em108-0-0\">\n<div class=\"_1mf _1mj\" data-offset-key=\"em108-0-0\"><span data-offset-key=\"em108-0-0\">Nuevamente le reiteramos el llamado a:<\/span><\/div>\n<\/div>\n<div class=\"\" data-block=\"true\" data-editor=\"fi0ar\" data-offset-key=\"aau3g-0-0\">\n<div class=\"_1mf _1mj\" data-offset-key=\"aau3g-0-0\"><span data-offset-key=\"aau3g-0-0\">Reducir al m\u00e1ximo, desechando s\u00f3lo lo necesario.<\/span><\/div>\n<\/div>\n<div class=\"\" data-block=\"true\" data-editor=\"fi0ar\" data-offset-key=\"etqv9-0-0\">\n<div class=\"_1mf _1mj\" data-offset-key=\"etqv9-0-0\"><span data-offset-key=\"etqv9-0-0\">Reutilizar, no bote papeles y cartones.<\/span><\/div>\n<\/div>\n<div class=\"\" data-block=\"true\" data-editor=\"fi0ar\" data-offset-key=\"4o3ec-0-0\">\n<div class=\"_1mf _1mj\" data-offset-key=\"4o3ec-0-0\"><span data-offset-key=\"4o3ec-0-0\">Reciclar, todos los materiales que puedan tener una segunda utilidad.<\/span><\/div>\n<\/div>\n<div class=\"\" data-block=\"true\" data-editor=\"fi0ar\" data-offset-key=\"8d1i0-0-0\">\n<div class=\"_1mf _1mj\" data-offset-key=\"8d1i0-0-0\"><span data-offset-key=\"8d1i0-0-0\">\u00a0<\/span><\/div>\n<\/div>\n<div class=\"\" data-block=\"true\" data-editor=\"fi0ar\" data-offset-key=\"gkhd-0-0\">\n<div class=\"_1mf _1mj\" data-offset-key=\"gkhd-0-0\"><span data-offset-key=\"gkhd-0-0\">Mapa Online de Cuadrantes y puntos de acopio y reciclaje:<\/span><\/div>\n<\/div>\n<div class=\"\" data-block=\"true\" data-editor=\"fi0ar\" data-offset-key=\"fhd5b-0-0\">\n<div class=\"_1mf _1mj\" data-offset-key=\"fhd5b-0-0\"><span data-offset-key=\"fhd5b-0-0\">https:\/\/www.google.com\/maps\/d\/u\/0\/viewer?hl=es&amp;mid=1HxEPnEKA74EbzjFELx87zTJ1m4-Hto1s&amp;ll=-41.85819506190286%2C-73.78723943308495&amp;z=13&amp;fbclid=IwAR3dko0QVFOrRR-2dezqs_C1CzGyWsKl2udSTvur8gvnkhb-hZE4PjO8bGY<\/span><\/div>\n<\/div>\n<div class=\"\" data-block=\"true\" data-editor=\"fi0ar\" data-offset-key=\"30gtk-0-0\">\n<div class=\"_1mf _1mj\" data-offset-key=\"30gtk-0-0\"><span data-offset-key=\"30gtk-0-0\">\u00a0<\/span><\/div>\n<\/div>\n<div class=\"\" data-block=\"true\" data-editor=\"fi0ar\" data-offset-key=\"8vh9m-0-0\">\n<div class=\"_1mf _1mj\" data-offset-key=\"8vh9m-0-0\"><span data-offset-key=\"8vh9m-0-0\">Consultas:<\/span><\/div>\n<\/div>\n<div class=\"\" data-block=\"true\" data-editor=\"fi0ar\" data-offset-key=\"9jhgs-0-0\">\n<div class=\"_1mf _1mj\" data-offset-key=\"9jhgs-0-0\"><span data-offset-key=\"9jhgs-0-0\">Direcci\u00f3n de Aseo y Ornato de la Ilustre Municipalidad de Ancud.<\/span><\/div>\n<\/div>\n<div class=\"\" data-block=\"true\" data-editor=\"fi0ar\" data-offset-key=\"ac5he-0-0\">\n<div class=\"_1mf _1mj\" data-offset-key=\"ac5he-0-0\"><span data-offset-key=\"ac5he-0-0\">Tel\u00e9fono: 65-2487669<\/span><\/div>\n<\/div>\n<div class=\"\" data-block=\"true\" data-editor=\"fi0ar\" data-offset-key=\"8lgsb-0-0\">\n<div class=\"_1mf _1mj\" data-offset-key=\"8lgsb-0-0\"><span data-offset-key=\"8lgsb-0-0\">Consultas directas al WhatsApp +56967604504<\/span><\/div>\n<\/div>\n<div class=\"\" data-block=\"true\" data-editor=\"fi0ar\" data-offset-key=\"febo1-0-0\"><\/div>\n","protected":false},"excerpt":{"rendered":"<p>El servicio de Recolecci\u00f3n de Residuos S\u00f3lidos Domiciliarios de Ancud de este d\u00eda s\u00e1bado 18 de enero, corresponde al sector rural de la comuna. \u00a0 Las labores se inician desde las 08:00 am aproximadamente. El servicio de recolecci\u00f3n de Residuos S\u00f3lidos Domiciliarios de Ancud est\u00e1 volviendo paulatinamente a la normalidad, recuerde reducir al m\u00e1ximo los [&hellip;]<\/p>\n","protected":false},"author":4,"featured_media":0,"comment_status":"closed","ping_status":"closed","sticky":false,"template":"","format":"standard","meta":{"footnotes":""},"categories":[37],"tags":[],"class_list":["post-26539","post","type-post","status-publish","format-standard","hentry","category-alerta-sanitaria"],"_links":{"self":[{"href":"https:\/\/www.muniancud.cl\/portal\/wp-json\/wp\/v2\/posts\/26539","targetHints":{"allow":["GET"]}}],"collection":[{"href":"https:\/\/www.muniancud.cl\/portal\/wp-json\/wp\/v2\/posts"}],"about":[{"href":"https:\/\/www.muniancud.cl\/portal\/wp-json\/wp\/v2\/types\/post"}],"author":[{"embeddable":true,"href":"https:\/\/www.muniancud.cl\/portal\/wp-json\/wp\/v2\/users\/4"}],"replies":[{"embeddable":true,"href":"https:\/\/www.muniancud.cl\/portal\/wp-json\/wp\/v2\/comments?post=26539"}],"version-history":[{"count":1,"href":"https:\/\/www.muniancud.cl\/portal\/wp-json\/wp\/v2\/posts\/26539\/revisions"}],"predecessor-version":[{"id":26540,"href":"https:\/\/www.muniancud.cl\/portal\/wp-json\/wp\/v2\/posts\/26539\/revisions\/26540"}],"wp:attachment":[{"href":"https:\/\/www.muniancud.cl\/portal\/wp-json\/wp\/v2\/media?parent=26539"}],"wp:term":[{"taxonomy":"category","embeddable":true,"href":"https:\/\/www.muniancud.cl\/portal\/wp-json\/wp\/v2\/categories?post=26539"},{"taxonomy":"post_tag","embeddable":true,"href":"https:\/\/www.muniancud.cl\/portal\/wp-json\/wp\/v2\/tags?post=26539"}],"curies":[{"name":"wp","href":"https:\/\/api.w.org\/{rel}","templated":true}]}}