{"id":26541,"date":"2020-01-18T17:42:58","date_gmt":"2020-01-18T20:42:58","guid":{"rendered":"https:\/\/www.muniancud.cl\/portal\/?p=26541"},"modified":"2020-01-18T18:04:26","modified_gmt":"2020-01-18T21:04:26","slug":"atentan-contra-maquinaria-de-centro-de-manejo-transitorio-de-residuos-en-puntra-perjudicando-recoleccion-en-ancud","status":"publish","type":"post","link":"https:\/\/www.muniancud.cl\/portal\/atentan-contra-maquinaria-de-centro-de-manejo-transitorio-de-residuos-en-puntra-perjudicando-recoleccion-en-ancud\/","title":{"rendered":"Atentan contra maquinaria de Centro de manejo transitorio de residuos en Puntra perjudicando recolecci\u00f3n en Ancud"},"content":{"rendered":"<p>Un grave hecho delictual qued\u00f3 al descubierto este viernes en el sector de faenas del Centro de manejo transitorio de residuos s\u00f3lidos domiciliarios de Puntra El Roble, en la comuna de Ancud. Se trata, de la maquinaria de trabajo con la que se realizaban las labores de construcci\u00f3n y operaciones de las celdas del relleno sanitario, inutilizando equipos y perjudicando la programaci\u00f3n de recolecci\u00f3n de residuos s\u00f3lidos domiciliarios que se hab\u00eda repuesto hace solo una semana, y que afectar\u00e1 nuevamente a m\u00e1s de 39 mil habitantes a partir de este lunes.<\/p>\n<p><img loading=\"lazy\" decoding=\"async\" class=\"size-medium wp-image-26542 alignleft\" src=\"https:\/\/www.muniancud.cl\/portal\/wp-content\/uploads\/2020\/01\/foto_004-300x225.jpeg\" alt=\"\" width=\"300\" height=\"225\" srcset=\"https:\/\/www.muniancud.cl\/portal\/wp-content\/uploads\/2020\/01\/foto_004-300x225.jpeg 300w, https:\/\/www.muniancud.cl\/portal\/wp-content\/uploads\/2020\/01\/foto_004-768x576.jpeg 768w, https:\/\/www.muniancud.cl\/portal\/wp-content\/uploads\/2020\/01\/foto_004-1024x768.jpeg 1024w, https:\/\/www.muniancud.cl\/portal\/wp-content\/uploads\/2020\/01\/foto_004-80x60.jpeg 80w, https:\/\/www.muniancud.cl\/portal\/wp-content\/uploads\/2020\/01\/foto_004-265x198.jpeg 265w, https:\/\/www.muniancud.cl\/portal\/wp-content\/uploads\/2020\/01\/foto_004-696x522.jpeg 696w, https:\/\/www.muniancud.cl\/portal\/wp-content\/uploads\/2020\/01\/foto_004-1068x801.jpeg 1068w, https:\/\/www.muniancud.cl\/portal\/wp-content\/uploads\/2020\/01\/foto_004-560x420.jpeg 560w, https:\/\/www.muniancud.cl\/portal\/wp-content\/uploads\/2020\/01\/foto_004.jpeg 1280w\" sizes=\"auto, (max-width: 300px) 100vw, 300px\" \/>La informaci\u00f3n fue compartida por Alfredo Caro, encargado de la Oficina de Gesti\u00f3n de Medioambiente de la Ilustre Municipalidad de Ancud, quien describe los detalles del atentado.\u00a0\u201c<em>El d\u00eda viernes la empresa CRECER que est\u00e1 a cargo de la obra y la mantenci\u00f3n del centro transitorio de residuos s\u00f3lidos domiciliario, nos informa que una de su excavadora sufri\u00f3 da\u00f1o con una piedra en uno de las ventanas. Luego, se ponen a trabajar dentro de las funciones que ten\u00edan planificadas para el d\u00eda, y una de las excavadoras comienza a fallar. Por lo tanto, comienzan a utilizar la segunda excavadora la que al prender el motor salta el aceite por todos lados. Por lo tanto, se bajan a revisar los trabajadores, y en base a eso, se dan cuenta que las dos excavadoras que ten\u00edan en el lugar, hab\u00edan sufrido da\u00f1o corto punzante en los cables del motor y es por esto que, nos informan que d\u00eda las dos excavadoras no pueden ser utilizadas<\/em>\u201d, inform\u00f3 el encargado de medioambiente del municipio de Ancud.<\/p>\n<p><img loading=\"lazy\" decoding=\"async\" class=\"size-medium wp-image-26547 alignright\" src=\"https:\/\/www.muniancud.cl\/portal\/wp-content\/uploads\/2020\/01\/foto_006-300x225.jpeg\" alt=\"\" width=\"300\" height=\"225\" srcset=\"https:\/\/www.muniancud.cl\/portal\/wp-content\/uploads\/2020\/01\/foto_006-300x225.jpeg 300w, https:\/\/www.muniancud.cl\/portal\/wp-content\/uploads\/2020\/01\/foto_006-768x576.jpeg 768w, https:\/\/www.muniancud.cl\/portal\/wp-content\/uploads\/2020\/01\/foto_006-1024x768.jpeg 1024w, https:\/\/www.muniancud.cl\/portal\/wp-content\/uploads\/2020\/01\/foto_006-80x60.jpeg 80w, https:\/\/www.muniancud.cl\/portal\/wp-content\/uploads\/2020\/01\/foto_006-265x198.jpeg 265w, https:\/\/www.muniancud.cl\/portal\/wp-content\/uploads\/2020\/01\/foto_006-696x522.jpeg 696w, https:\/\/www.muniancud.cl\/portal\/wp-content\/uploads\/2020\/01\/foto_006-1068x801.jpeg 1068w, https:\/\/www.muniancud.cl\/portal\/wp-content\/uploads\/2020\/01\/foto_006-560x420.jpeg 560w, https:\/\/www.muniancud.cl\/portal\/wp-content\/uploads\/2020\/01\/foto_006.jpeg 1280w\" sizes=\"auto, (max-width: 300px) 100vw, 300px\" \/>Sobre los efectos inmediatos que se har\u00e1n sentir en Ancud, Alfredo Caro fue enf\u00e1tico en se\u00f1alar una nueva alteraci\u00f3n en la programaci\u00f3n, con el consiguiente perjuicio de la comuna en su conjunto. \u201c<em>Causa un atraso en la preparaci\u00f3n de la celda sanitaria que se est\u00e1 trabajando paralela a la que se est\u00e1 utilizando. Esto causa que obviamente, no se cumpla con los tiempos planificados en el cronograma. Y a la vez, causa que la celda que estamos utilizando para disponer tenga mayor presi\u00f3n de Residuos S\u00f3lidos Domiciliarios. Por lo tanto, lamentablemente, vamos a tener que bajar la cantidad de camiones que se est\u00e1n utilizando para recolectar los residuos s\u00f3lidos domiciliarios y vamos a informar a comunidad, vamos a intentar mantener los d\u00edas, pero nuevamente, vamos a tener que volver al r\u00e9gimen semana por medio en sector rural, por lo menos, y una vez en la ciudad<\/em>\u201d, destac\u00f3.<\/p>\n<p>Sobres las acciones legales a seguir, Alfredo Caro se\u00f1al\u00f3 que la empresa CRECER realiz\u00f3 la denuncia correspondiente en Carabineros, mientras que el municipio tomar\u00e1 acciones legales contra quienes resulten responsables. Dado que se trata de un terreno privado, genera un inminente peligro para los trabajadores, compromete recursos y afecta por la acci\u00f3n de terceros, un servicio que la comunidad valora como urgente e importante, para el funcionamiento de Ancud en este verano 2020.<\/p>\n","protected":false},"excerpt":{"rendered":"<p>Un grave hecho delictual qued\u00f3 al descubierto este viernes en el sector de faenas del Centro de manejo transitorio de residuos s\u00f3lidos domiciliarios de Puntra El Roble, en la comuna de Ancud. Se trata, de la maquinaria de trabajo con la que se realizaban las labores de construcci\u00f3n y operaciones de las celdas del relleno [&hellip;]<\/p>\n","protected":false},"author":4,"featured_media":26543,"comment_status":"closed","ping_status":"closed","sticky":false,"template":"","format":"standard","meta":{"footnotes":""},"categories":[32,4,31],"tags":[],"class_list":["post-26541","post","type-post","status-publish","format-standard","has-post-thumbnail","hentry","category-medio-ambiente-aseo-y-ornato","category-sala-de-prensa","category-seguridad-publica"],"_links":{"self":[{"href":"https:\/\/www.muniancud.cl\/portal\/wp-json\/wp\/v2\/posts\/26541","targetHints":{"allow":["GET"]}}],"collection":[{"href":"https:\/\/www.muniancud.cl\/portal\/wp-json\/wp\/v2\/posts"}],"about":[{"href":"https:\/\/www.muniancud.cl\/portal\/wp-json\/wp\/v2\/types\/post"}],"author":[{"embeddable":true,"href":"https:\/\/www.muniancud.cl\/portal\/wp-json\/wp\/v2\/users\/4"}],"replies":[{"embeddable":true,"href":"https:\/\/www.muniancud.cl\/portal\/wp-json\/wp\/v2\/comments?post=26541"}],"version-history":[{"count":3,"href":"https:\/\/www.muniancud.cl\/portal\/wp-json\/wp\/v2\/posts\/26541\/revisions"}],"predecessor-version":[{"id":26548,"href":"https:\/\/www.muniancud.cl\/portal\/wp-json\/wp\/v2\/posts\/26541\/revisions\/26548"}],"wp:featuredmedia":[{"embeddable":true,"href":"https:\/\/www.muniancud.cl\/portal\/wp-json\/wp\/v2\/media\/26543"}],"wp:attachment":[{"href":"https:\/\/www.muniancud.cl\/portal\/wp-json\/wp\/v2\/media?parent=26541"}],"wp:term":[{"taxonomy":"category","embeddable":true,"href":"https:\/\/www.muniancud.cl\/portal\/wp-json\/wp\/v2\/categories?post=26541"},{"taxonomy":"post_tag","embeddable":true,"href":"https:\/\/www.muniancud.cl\/portal\/wp-json\/wp\/v2\/tags?post=26541"}],"curies":[{"name":"wp","href":"https:\/\/api.w.org\/{rel}","templated":true}]}}