{"id":26698,"date":"2020-02-06T21:55:07","date_gmt":"2020-02-07T00:55:07","guid":{"rendered":"https:\/\/www.muniancud.cl\/portal\/?p=26698"},"modified":"2020-02-06T21:55:07","modified_gmt":"2020-02-07T00:55:07","slug":"12a-expo-rural-de-ancud-invita-a-un-fin-de-semana-para-todos-los-gustos-en-el-parque-bellavista","status":"publish","type":"post","link":"https:\/\/www.muniancud.cl\/portal\/12a-expo-rural-de-ancud-invita-a-un-fin-de-semana-para-todos-los-gustos-en-el-parque-bellavista\/","title":{"rendered":"12\u00aa Expo Rural de Ancud invita a un fin de semana para todos los gustos en el Parque Bellavista"},"content":{"rendered":"<p>Este fin de semana en Ancud ciudad, se realiza la d\u00e9cimo segunda versi\u00f3n de la Expo Rural de Ancud 2020. Dirigida a toda la familia ancuditana, desde este s\u00e1bado 8 y domingo 9 de febrero en el Parque Bellavista, a partir de las 11:00 de la ma\u00f1ana y hasta media noche, una amplia y nutrida programaci\u00f3n espera a vecinos y visitantes de esta tradicional exposici\u00f3n cultural y productiva de la comuna.<\/p>\n<p>Con m\u00e1s de mil personas involucradas en la exposici\u00f3n, incluyendo instituciones y empresas, una nutrida programaci\u00f3n de actividades simult\u00e1neas esperan este fin de semana en el Parque Bellavista. Leonor Herrera, coordinadora de DIDEF detalla la participaci\u00f3n municipal en la Expo Rural del a\u00f1o 2020. \u201cLa Direcci\u00f3n de Desarrollo Econ\u00f3mico y Fomento Productivo, DIDEF, ya hace doce a\u00f1os que vienen programando y trabajando en esta Expo Rural. El principal componente que esta Expo tiene, es que primero trabaja con beneficiarios de los programas que se atienden dentro de la DIDEF. Cada uno de los programas y oficinas que la DIDEF tiene, se encarga de dotar a la Expo, de aquellos elementos que le dan un sentido de identidad cultural, porque si bien el foco est\u00e1 puesto en los beneficiarios, tambi\u00e9n hay un componente de cual es el \u00e9nfasis que cada a\u00f1o le vamos poniendo. Por ejemplo, este a\u00f1o, el \u00e9nfasis est\u00e1 puesto en le tema de la Ordenanza municipal respecto del tratamiento de residuos s\u00f3lidos\u201d manifest\u00f3.<\/p>\n<p>Dedicada a la familia ancuditana, las tradiciones de Chilo\u00e9 est\u00e1n a cargo de los vecinos del campo y la ciudad de Ancud. Gastronom\u00eda desde el medio d\u00eda en 20 m\u00f3dulos, trabajo de veterinarios, exposici\u00f3n de maquinaria agr\u00edcola, la inauguraci\u00f3n oficial ser\u00e1 encabezada por el alcalde Carlos G\u00f3mez, desde las 18:00 horas.<\/p>\n<p>El primer grupo musical en compartir con el publico ancuditano es, Antu Kai Mawen quienes a partir de las 20:30 en adelante, abren la noche para la entretenci\u00f3n familiar. Contin\u00faa a las 22:00 horas, el humor y la risa con el Humorista Patago\u0301nico El Rolo. Para cerrar la jornada con el ritmo tropical de Proyecto Power.<\/p>\n<a href=\"https:\/\/www.muniancud.cl\/portal\/wp-content\/uploads\/2020\/02\/programa-actividades-Exporural_Final_003.pdf\" class=\"pdfemb-viewer\" style=\"\" data-width=\"max\" data-height=\"max\" data-toolbar=\"bottom\" data-toolbar-fixed=\"off\">programa actividades Exporural_Final_003<\/a>\n","protected":false},"excerpt":{"rendered":"<p>Este fin de semana en Ancud ciudad, se realiza la d\u00e9cimo segunda versi\u00f3n de la Expo Rural de Ancud 2020. Dirigida a toda la familia ancuditana, desde este s\u00e1bado 8 y domingo 9 de febrero en el Parque Bellavista, a partir de las 11:00 de la ma\u00f1ana y hasta media noche, una amplia y nutrida [&hellip;]<\/p>\n","protected":false},"author":4,"featured_media":26563,"comment_status":"closed","ping_status":"closed","sticky":false,"template":"","format":"standard","meta":{"footnotes":""},"categories":[26,34,4,36],"tags":[],"class_list":["post-26698","post","type-post","status-publish","format-standard","has-post-thumbnail","hentry","category-cultura","category-ditufop","category-sala-de-prensa","category-turismo"],"_links":{"self":[{"href":"https:\/\/www.muniancud.cl\/portal\/wp-json\/wp\/v2\/posts\/26698","targetHints":{"allow":["GET"]}}],"collection":[{"href":"https:\/\/www.muniancud.cl\/portal\/wp-json\/wp\/v2\/posts"}],"about":[{"href":"https:\/\/www.muniancud.cl\/portal\/wp-json\/wp\/v2\/types\/post"}],"author":[{"embeddable":true,"href":"https:\/\/www.muniancud.cl\/portal\/wp-json\/wp\/v2\/users\/4"}],"replies":[{"embeddable":true,"href":"https:\/\/www.muniancud.cl\/portal\/wp-json\/wp\/v2\/comments?post=26698"}],"version-history":[{"count":1,"href":"https:\/\/www.muniancud.cl\/portal\/wp-json\/wp\/v2\/posts\/26698\/revisions"}],"predecessor-version":[{"id":26700,"href":"https:\/\/www.muniancud.cl\/portal\/wp-json\/wp\/v2\/posts\/26698\/revisions\/26700"}],"wp:featuredmedia":[{"embeddable":true,"href":"https:\/\/www.muniancud.cl\/portal\/wp-json\/wp\/v2\/media\/26563"}],"wp:attachment":[{"href":"https:\/\/www.muniancud.cl\/portal\/wp-json\/wp\/v2\/media?parent=26698"}],"wp:term":[{"taxonomy":"category","embeddable":true,"href":"https:\/\/www.muniancud.cl\/portal\/wp-json\/wp\/v2\/categories?post=26698"},{"taxonomy":"post_tag","embeddable":true,"href":"https:\/\/www.muniancud.cl\/portal\/wp-json\/wp\/v2\/tags?post=26698"}],"curies":[{"name":"wp","href":"https:\/\/api.w.org\/{rel}","templated":true}]}}