{"id":26751,"date":"2020-02-13T14:47:30","date_gmt":"2020-02-13T17:47:30","guid":{"rendered":"https:\/\/www.muniancud.cl\/portal\/?p=26751"},"modified":"2020-02-13T14:49:45","modified_gmt":"2020-02-13T17:49:45","slug":"costumbristas-de-manao-invita-a-un-fin-de-semana-de-gastronomia-cultura-chilota-y-fiesta-al-aire-libre","status":"publish","type":"post","link":"https:\/\/www.muniancud.cl\/portal\/costumbristas-de-manao-invita-a-un-fin-de-semana-de-gastronomia-cultura-chilota-y-fiesta-al-aire-libre\/","title":{"rendered":"Costumbristas de Manao invita a un fin de semana de gastronom\u00eda, cultura chilota y fiesta al aire libre"},"content":{"rendered":"<p>Una amplia invitaci\u00f3n a participar de la Muestra Costumbrista de Manao en Ancud, realiza la comunidad en espera de visitantes y turistas de la comuna. Las actividades comienzan este s\u00e1bado 15 y domingo 16 de febrero en el recinto de la antigua escuela, desde las 10:00 de la ma\u00f1ana, con el folclor y la buena gastronom\u00eda, las que forman parte del compromiso medioambiental que estrena Manao este fin de semana.<\/p>\n<p>La invitaci\u00f3n es realizada por Valentina Silva integrante de la Organizaci\u00f3n Costumbrista de Manao, quienes destacan las manifestaciones culturales chilotas a lo largo de los dos d\u00edas en el sector rural de Ancud, adelantando la programaci\u00f3n que espera a los visitantes. \u201c<em>El s\u00e1bado desde las diez de la ma\u00f1ana, hasta, bueno\u2026van a estar los m\u00f3dulos abiertos hasta las doce de la noche vendiendo comida. Despu\u00e9s de eso, viene la fiesta, desde las nueve de la noche, hasta las tres de la ma\u00f1ana. Y el d\u00eda domingo, empieza otra vez las diez de la ma\u00f1ana, hasta las doce de la noche<\/em>\u201d, inform\u00f3 Valentina Silva.<\/p>\n<p>La Costumbrista de Mano encierra varias sorpresas que esperan al visitante local y turista, como es la participaci\u00f3n de m\u00e1s de doce conjuntos folcl\u00f3ricos durante los dos d\u00edas, mientras que este s\u00e1bado, se realizar\u00e1 la Fiesta al Aire Libre, junto a la m\u00fasica de Rayo Sure\u00f1o y Los C\u00e1rdenas de Ancud.<\/p>\n<p>Por otro lado, este fin de semana se imprime un sello particular en Manao, como es la iniciativa medioambiental en el marco de las actividades costumbristas de Ancud. \u201c<em>Invitar a la gente que venga. Ya que nosotros estamos a favor de disminuir lo que m\u00e1s podamos la basura. Por lo tanto, si la gente puede traer su vaso, su bombillita, sus cubiertos, ser\u00eda ideal. De todas maneras, vamos a tener para separa la basura. Igual creemos que es fundamental, y que como comunidad estamos impulsando tambi\u00e9n. Invitarlos, son varios m\u00f3dulos, somos trece m\u00f3dulos, por o tanto, va haber variedad en todo momento, y hasta tarde. No es dif\u00edcil llegar, y estamos en un lugar muy lindo que es Manao. Una bah\u00eda muy bonita, entonces hay para disfrutar harto<\/em>\u201d, destac\u00f3 Valentina Silva.<\/p>\n","protected":false},"excerpt":{"rendered":"<p>Una amplia invitaci\u00f3n a participar de la Muestra Costumbrista de Manao en Ancud, realiza la comunidad en espera de visitantes y turistas de la comuna. Las actividades comienzan este s\u00e1bado 15 y domingo 16 de febrero en el recinto de la antigua escuela, desde las 10:00 de la ma\u00f1ana, con el folclor y la buena [&hellip;]<\/p>\n","protected":false},"author":4,"featured_media":26752,"comment_status":"closed","ping_status":"closed","sticky":false,"template":"","format":"standard","meta":{"footnotes":""},"categories":[26,4,36],"tags":[],"class_list":["post-26751","post","type-post","status-publish","format-standard","has-post-thumbnail","hentry","category-cultura","category-sala-de-prensa","category-turismo"],"_links":{"self":[{"href":"https:\/\/www.muniancud.cl\/portal\/wp-json\/wp\/v2\/posts\/26751","targetHints":{"allow":["GET"]}}],"collection":[{"href":"https:\/\/www.muniancud.cl\/portal\/wp-json\/wp\/v2\/posts"}],"about":[{"href":"https:\/\/www.muniancud.cl\/portal\/wp-json\/wp\/v2\/types\/post"}],"author":[{"embeddable":true,"href":"https:\/\/www.muniancud.cl\/portal\/wp-json\/wp\/v2\/users\/4"}],"replies":[{"embeddable":true,"href":"https:\/\/www.muniancud.cl\/portal\/wp-json\/wp\/v2\/comments?post=26751"}],"version-history":[{"count":1,"href":"https:\/\/www.muniancud.cl\/portal\/wp-json\/wp\/v2\/posts\/26751\/revisions"}],"predecessor-version":[{"id":26754,"href":"https:\/\/www.muniancud.cl\/portal\/wp-json\/wp\/v2\/posts\/26751\/revisions\/26754"}],"wp:featuredmedia":[{"embeddable":true,"href":"https:\/\/www.muniancud.cl\/portal\/wp-json\/wp\/v2\/media\/26752"}],"wp:attachment":[{"href":"https:\/\/www.muniancud.cl\/portal\/wp-json\/wp\/v2\/media?parent=26751"}],"wp:term":[{"taxonomy":"category","embeddable":true,"href":"https:\/\/www.muniancud.cl\/portal\/wp-json\/wp\/v2\/categories?post=26751"},{"taxonomy":"post_tag","embeddable":true,"href":"https:\/\/www.muniancud.cl\/portal\/wp-json\/wp\/v2\/tags?post=26751"}],"curies":[{"name":"wp","href":"https:\/\/api.w.org\/{rel}","templated":true}]}}