{"id":26764,"date":"2020-02-15T01:03:22","date_gmt":"2020-02-15T04:03:22","guid":{"rendered":"https:\/\/www.muniancud.cl\/portal\/?p=26764"},"modified":"2020-02-15T01:03:22","modified_gmt":"2020-02-15T04:03:22","slug":"con-fiesta-al-aire-libre-y-gastronomia-costumbrista-de-manao-invita-a-vecinos-y-visitantes","status":"publish","type":"post","link":"https:\/\/www.muniancud.cl\/portal\/con-fiesta-al-aire-libre-y-gastronomia-costumbrista-de-manao-invita-a-vecinos-y-visitantes\/","title":{"rendered":"Con fiesta al aire libre y gastronom\u00eda Costumbrista de Manao invita a vecinos y visitantes"},"content":{"rendered":"<p>La Ilustre Municipalidad de Ancud y la Corporaci\u00f3n Cultural, junto a la Organizaci\u00f3n Costumbrista de Manao, invitan a la comunidad y visitantes a participar de la gastronom\u00eda, el folclor y de las actividades t\u00edpicas de la cultura de Chilo\u00e9 con sello ancuditano, en el recinto de la antigua escuela.<\/p>\n<p>Este s\u00e1bado 15 y domingo 16, desde las 10:00 de la ma\u00f1ana.<br \/>\nS\u00e1bado Fiesta al Aire Libre, a partir de las 20:00 horas, con la entretenci\u00f3n y el baile de Los Cardenas de Ancud, Rayo Sure\u00f1o y Chicombo.<br \/>\nM\u00e1s de doce conjuntos y folcloristas de Ancud sobre el escenario, dan vida a la Costumbrista de Manao.<\/p>\n","protected":false},"excerpt":{"rendered":"<p>La Ilustre Municipalidad de Ancud y la Corporaci\u00f3n Cultural, junto a la Organizaci\u00f3n Costumbrista de Manao, invitan a la comunidad y visitantes a participar de la gastronom\u00eda, el folclor y de las actividades t\u00edpicas de la cultura de Chilo\u00e9 con sello ancuditano, en el recinto de la antigua escuela. Este s\u00e1bado 15 y domingo 16, [&hellip;]<\/p>\n","protected":false},"author":4,"featured_media":26765,"comment_status":"closed","ping_status":"closed","sticky":false,"template":"","format":"standard","meta":{"footnotes":""},"categories":[26,4,36],"tags":[],"class_list":["post-26764","post","type-post","status-publish","format-standard","has-post-thumbnail","hentry","category-cultura","category-sala-de-prensa","category-turismo"],"_links":{"self":[{"href":"https:\/\/www.muniancud.cl\/portal\/wp-json\/wp\/v2\/posts\/26764","targetHints":{"allow":["GET"]}}],"collection":[{"href":"https:\/\/www.muniancud.cl\/portal\/wp-json\/wp\/v2\/posts"}],"about":[{"href":"https:\/\/www.muniancud.cl\/portal\/wp-json\/wp\/v2\/types\/post"}],"author":[{"embeddable":true,"href":"https:\/\/www.muniancud.cl\/portal\/wp-json\/wp\/v2\/users\/4"}],"replies":[{"embeddable":true,"href":"https:\/\/www.muniancud.cl\/portal\/wp-json\/wp\/v2\/comments?post=26764"}],"version-history":[{"count":1,"href":"https:\/\/www.muniancud.cl\/portal\/wp-json\/wp\/v2\/posts\/26764\/revisions"}],"predecessor-version":[{"id":26766,"href":"https:\/\/www.muniancud.cl\/portal\/wp-json\/wp\/v2\/posts\/26764\/revisions\/26766"}],"wp:featuredmedia":[{"embeddable":true,"href":"https:\/\/www.muniancud.cl\/portal\/wp-json\/wp\/v2\/media\/26765"}],"wp:attachment":[{"href":"https:\/\/www.muniancud.cl\/portal\/wp-json\/wp\/v2\/media?parent=26764"}],"wp:term":[{"taxonomy":"category","embeddable":true,"href":"https:\/\/www.muniancud.cl\/portal\/wp-json\/wp\/v2\/categories?post=26764"},{"taxonomy":"post_tag","embeddable":true,"href":"https:\/\/www.muniancud.cl\/portal\/wp-json\/wp\/v2\/tags?post=26764"}],"curies":[{"name":"wp","href":"https:\/\/api.w.org\/{rel}","templated":true}]}}