{"id":26767,"date":"2020-02-15T15:40:30","date_gmt":"2020-02-15T18:40:30","guid":{"rendered":"https:\/\/www.muniancud.cl\/portal\/?p=26767"},"modified":"2020-02-15T15:43:08","modified_gmt":"2020-02-15T18:43:08","slug":"municipalidad-de-ancud-denuncia-nuevo-atentado-contra-maquinaria-de-trabajo-en-recinto-de-tratamiento-de-residuos-solidos-de-la-comuna","status":"publish","type":"post","link":"https:\/\/www.muniancud.cl\/portal\/municipalidad-de-ancud-denuncia-nuevo-atentado-contra-maquinaria-de-trabajo-en-recinto-de-tratamiento-de-residuos-solidos-de-la-comuna\/","title":{"rendered":"Municipalidad de Ancud denuncia nuevo atentado contra maquinaria de trabajo en Recinto de tratamiento de residuos s\u00f3lidos de la comuna."},"content":{"rendered":"<p>La Ilustre Municipalidad de Ancud, informa a la comunidad que un nuevo hecho de violencia se suma a los que se han perpetrado desde hace unos d\u00edas, en contra del Recinto de Tratamiento Transitorio de Residuos S\u00f3lidos Domiciliarios de Ancud en el sector Puntra El Roble. Nuevamente se ha da\u00f1ado maquinaria, producto de las acciones realizadas por desconocidos, provocando la suspensi\u00f3n del servicio de recolecci\u00f3n y disposici\u00f3n en toda la comuna de Ancud.<\/p>\n<p>Esta vez fue violentado, el estanque de petr\u00f3leo de la pala mec\u00e1nica que realiza labores de disposici\u00f3n en el recinto. Estos reiterados da\u00f1os, est\u00e1n siendo denunciados ante la justicia. Las que incluyen, el corte de las vigas en el puente de acceso, el apedreo de domicilios, ingreso no permitido a un lugar de tratamiento de residuos s\u00f3lidos, entre otros.<\/p>\n<p>El servicio de disposici\u00f3n que brinda la empresa en el Centro de Tratamiento, solo realizar\u00e1 el sellado de la celda en operaciones, mientras, se aborda la situaci\u00f3n entre esta, los trabajos y el municipio de Ancud.<\/p>\n<p>Compartimos el audio de Alfredo Caro, encargado de la Oficina Municipal de Medioambiente de la Direcci\u00f3n de medioambiente aseo y ornato. Quien informa en detalle sobre los hechos, que afecta al servicio de recolecci\u00f3n de residuos s\u00f3lidos domiciliarios de Ancud.<\/p>\n<!--[if lt IE 9]><script>document.createElement('audio');<\/script><![endif]-->\n<audio class=\"wp-audio-shortcode\" id=\"audio-26767-1\" preload=\"none\" style=\"width: 100%;\" controls=\"controls\"><source type=\"audio\/mpeg\" src=\"https:\/\/www.muniancud.cl\/portal\/wp-content\/uploads\/2020\/02\/Audio_AlfredoCaro_Atentado_MaquinariaPuntra_00A_001.mp3?_=1\" \/><a href=\"https:\/\/www.muniancud.cl\/portal\/wp-content\/uploads\/2020\/02\/Audio_AlfredoCaro_Atentado_MaquinariaPuntra_00A_001.mp3\">https:\/\/www.muniancud.cl\/portal\/wp-content\/uploads\/2020\/02\/Audio_AlfredoCaro_Atentado_MaquinariaPuntra_00A_001.mp3<\/a><\/audio>\n<p>La Ilustre Municipalidad de Ancud se encuentra reuniendo toda la informaci\u00f3n para que las autoridades tomen las acciones legales que correspondan, independientemente de las que como Municipalidad de Ancud formaliz\u00f3 este viernes.<\/p>\n<p>El llamado es nuevamente a la comunidad ancuditana, a no sacar los desechos domiciliarios a la v\u00eda p\u00fablica. Nuevamente el servicio est\u00e1 interrumpido por la acci\u00f3n de terceros, lo que obliga a tomar este tipo de medidas ajenas a la voluntad del municipio.<\/p>\n<p><img loading=\"lazy\" decoding=\"async\" class=\"alignnone size-medium wp-image-26769\" src=\"https:\/\/www.muniancud.cl\/portal\/wp-content\/uploads\/2020\/02\/foto_001-300x225.png\" alt=\"\" width=\"300\" height=\"225\" srcset=\"https:\/\/www.muniancud.cl\/portal\/wp-content\/uploads\/2020\/02\/foto_001-300x225.png 300w, https:\/\/www.muniancud.cl\/portal\/wp-content\/uploads\/2020\/02\/foto_001-768x576.png 768w, https:\/\/www.muniancud.cl\/portal\/wp-content\/uploads\/2020\/02\/foto_001-1024x768.png 1024w, https:\/\/www.muniancud.cl\/portal\/wp-content\/uploads\/2020\/02\/foto_001-80x60.png 80w, https:\/\/www.muniancud.cl\/portal\/wp-content\/uploads\/2020\/02\/foto_001-265x198.png 265w, https:\/\/www.muniancud.cl\/portal\/wp-content\/uploads\/2020\/02\/foto_001-696x522.png 696w, https:\/\/www.muniancud.cl\/portal\/wp-content\/uploads\/2020\/02\/foto_001-1068x801.png 1068w, https:\/\/www.muniancud.cl\/portal\/wp-content\/uploads\/2020\/02\/foto_001-560x420.png 560w, https:\/\/www.muniancud.cl\/portal\/wp-content\/uploads\/2020\/02\/foto_001.png 1280w\" sizes=\"auto, (max-width: 300px) 100vw, 300px\" \/> <img loading=\"lazy\" decoding=\"async\" class=\"alignnone size-medium wp-image-26770\" src=\"https:\/\/www.muniancud.cl\/portal\/wp-content\/uploads\/2020\/02\/foto_002-1-300x225.jpeg\" alt=\"\" width=\"300\" height=\"225\" srcset=\"https:\/\/www.muniancud.cl\/portal\/wp-content\/uploads\/2020\/02\/foto_002-1-300x225.jpeg 300w, https:\/\/www.muniancud.cl\/portal\/wp-content\/uploads\/2020\/02\/foto_002-1-768x576.jpeg 768w, https:\/\/www.muniancud.cl\/portal\/wp-content\/uploads\/2020\/02\/foto_002-1-1024x768.jpeg 1024w, https:\/\/www.muniancud.cl\/portal\/wp-content\/uploads\/2020\/02\/foto_002-1-80x60.jpeg 80w, https:\/\/www.muniancud.cl\/portal\/wp-content\/uploads\/2020\/02\/foto_002-1-265x198.jpeg 265w, https:\/\/www.muniancud.cl\/portal\/wp-content\/uploads\/2020\/02\/foto_002-1-696x522.jpeg 696w, https:\/\/www.muniancud.cl\/portal\/wp-content\/uploads\/2020\/02\/foto_002-1-1068x801.jpeg 1068w, https:\/\/www.muniancud.cl\/portal\/wp-content\/uploads\/2020\/02\/foto_002-1-560x420.jpeg 560w, https:\/\/www.muniancud.cl\/portal\/wp-content\/uploads\/2020\/02\/foto_002-1.jpeg 1280w\" sizes=\"auto, (max-width: 300px) 100vw, 300px\" \/> <img loading=\"lazy\" decoding=\"async\" class=\"alignnone size-medium wp-image-26771\" src=\"https:\/\/www.muniancud.cl\/portal\/wp-content\/uploads\/2020\/02\/foto_003-225x300.jpeg\" alt=\"\" width=\"225\" height=\"300\" srcset=\"https:\/\/www.muniancud.cl\/portal\/wp-content\/uploads\/2020\/02\/foto_003-225x300.jpeg 225w, https:\/\/www.muniancud.cl\/portal\/wp-content\/uploads\/2020\/02\/foto_003-768x1024.jpeg 768w, https:\/\/www.muniancud.cl\/portal\/wp-content\/uploads\/2020\/02\/foto_003-696x928.jpeg 696w, https:\/\/www.muniancud.cl\/portal\/wp-content\/uploads\/2020\/02\/foto_003-315x420.jpeg 315w, https:\/\/www.muniancud.cl\/portal\/wp-content\/uploads\/2020\/02\/foto_003.jpeg 960w\" sizes=\"auto, (max-width: 225px) 100vw, 225px\" \/> <img loading=\"lazy\" decoding=\"async\" class=\"alignnone size-medium wp-image-26772\" src=\"https:\/\/www.muniancud.cl\/portal\/wp-content\/uploads\/2020\/02\/foto_004-225x300.jpeg\" alt=\"\" width=\"225\" height=\"300\" srcset=\"https:\/\/www.muniancud.cl\/portal\/wp-content\/uploads\/2020\/02\/foto_004-225x300.jpeg 225w, https:\/\/www.muniancud.cl\/portal\/wp-content\/uploads\/2020\/02\/foto_004-768x1024.jpeg 768w, https:\/\/www.muniancud.cl\/portal\/wp-content\/uploads\/2020\/02\/foto_004-696x928.jpeg 696w, https:\/\/www.muniancud.cl\/portal\/wp-content\/uploads\/2020\/02\/foto_004-315x420.jpeg 315w, https:\/\/www.muniancud.cl\/portal\/wp-content\/uploads\/2020\/02\/foto_004.jpeg 960w\" sizes=\"auto, (max-width: 225px) 100vw, 225px\" \/> <img loading=\"lazy\" decoding=\"async\" class=\"alignnone size-medium wp-image-26773\" src=\"https:\/\/www.muniancud.cl\/portal\/wp-content\/uploads\/2020\/02\/foto_005-225x300.jpeg\" alt=\"\" width=\"225\" height=\"300\" srcset=\"https:\/\/www.muniancud.cl\/portal\/wp-content\/uploads\/2020\/02\/foto_005-225x300.jpeg 225w, https:\/\/www.muniancud.cl\/portal\/wp-content\/uploads\/2020\/02\/foto_005-768x1024.jpeg 768w, https:\/\/www.muniancud.cl\/portal\/wp-content\/uploads\/2020\/02\/foto_005-696x928.jpeg 696w, https:\/\/www.muniancud.cl\/portal\/wp-content\/uploads\/2020\/02\/foto_005-315x420.jpeg 315w, https:\/\/www.muniancud.cl\/portal\/wp-content\/uploads\/2020\/02\/foto_005.jpeg 960w\" sizes=\"auto, (max-width: 225px) 100vw, 225px\" \/> <img loading=\"lazy\" decoding=\"async\" class=\"alignnone size-medium wp-image-26774\" src=\"https:\/\/www.muniancud.cl\/portal\/wp-content\/uploads\/2020\/02\/foto_006-225x300.jpeg\" alt=\"\" width=\"225\" height=\"300\" srcset=\"https:\/\/www.muniancud.cl\/portal\/wp-content\/uploads\/2020\/02\/foto_006-225x300.jpeg 225w, https:\/\/www.muniancud.cl\/portal\/wp-content\/uploads\/2020\/02\/foto_006-768x1024.jpeg 768w, https:\/\/www.muniancud.cl\/portal\/wp-content\/uploads\/2020\/02\/foto_006-696x928.jpeg 696w, https:\/\/www.muniancud.cl\/portal\/wp-content\/uploads\/2020\/02\/foto_006-315x420.jpeg 315w, https:\/\/www.muniancud.cl\/portal\/wp-content\/uploads\/2020\/02\/foto_006.jpeg 960w\" sizes=\"auto, (max-width: 225px) 100vw, 225px\" \/> <img loading=\"lazy\" decoding=\"async\" class=\"alignnone size-medium wp-image-26775\" src=\"https:\/\/www.muniancud.cl\/portal\/wp-content\/uploads\/2020\/02\/foto_007-225x300.jpeg\" alt=\"\" width=\"225\" height=\"300\" srcset=\"https:\/\/www.muniancud.cl\/portal\/wp-content\/uploads\/2020\/02\/foto_007-225x300.jpeg 225w, https:\/\/www.muniancud.cl\/portal\/wp-content\/uploads\/2020\/02\/foto_007-768x1024.jpeg 768w, https:\/\/www.muniancud.cl\/portal\/wp-content\/uploads\/2020\/02\/foto_007-696x928.jpeg 696w, https:\/\/www.muniancud.cl\/portal\/wp-content\/uploads\/2020\/02\/foto_007-315x420.jpeg 315w, https:\/\/www.muniancud.cl\/portal\/wp-content\/uploads\/2020\/02\/foto_007.jpeg 960w\" sizes=\"auto, (max-width: 225px) 100vw, 225px\" \/> <img loading=\"lazy\" decoding=\"async\" class=\"alignnone size-medium wp-image-26776\" src=\"https:\/\/www.muniancud.cl\/portal\/wp-content\/uploads\/2020\/02\/foto_008-225x300.jpeg\" alt=\"\" width=\"225\" height=\"300\" srcset=\"https:\/\/www.muniancud.cl\/portal\/wp-content\/uploads\/2020\/02\/foto_008-225x300.jpeg 225w, https:\/\/www.muniancud.cl\/portal\/wp-content\/uploads\/2020\/02\/foto_008-768x1024.jpeg 768w, https:\/\/www.muniancud.cl\/portal\/wp-content\/uploads\/2020\/02\/foto_008-696x928.jpeg 696w, https:\/\/www.muniancud.cl\/portal\/wp-content\/uploads\/2020\/02\/foto_008-315x420.jpeg 315w, https:\/\/www.muniancud.cl\/portal\/wp-content\/uploads\/2020\/02\/foto_008.jpeg 960w\" sizes=\"auto, (max-width: 225px) 100vw, 225px\" \/> <img loading=\"lazy\" decoding=\"async\" class=\"alignnone size-medium wp-image-26777\" src=\"https:\/\/www.muniancud.cl\/portal\/wp-content\/uploads\/2020\/02\/foto_009-225x300.jpeg\" alt=\"\" width=\"225\" height=\"300\" srcset=\"https:\/\/www.muniancud.cl\/portal\/wp-content\/uploads\/2020\/02\/foto_009-225x300.jpeg 225w, https:\/\/www.muniancud.cl\/portal\/wp-content\/uploads\/2020\/02\/foto_009-768x1024.jpeg 768w, https:\/\/www.muniancud.cl\/portal\/wp-content\/uploads\/2020\/02\/foto_009-696x928.jpeg 696w, https:\/\/www.muniancud.cl\/portal\/wp-content\/uploads\/2020\/02\/foto_009-315x420.jpeg 315w, https:\/\/www.muniancud.cl\/portal\/wp-content\/uploads\/2020\/02\/foto_009.jpeg 960w\" sizes=\"auto, (max-width: 225px) 100vw, 225px\" \/> <img loading=\"lazy\" decoding=\"async\" class=\"alignnone size-medium wp-image-26778\" src=\"https:\/\/www.muniancud.cl\/portal\/wp-content\/uploads\/2020\/02\/foto_010-225x300.jpeg\" alt=\"\" width=\"225\" height=\"300\" srcset=\"https:\/\/www.muniancud.cl\/portal\/wp-content\/uploads\/2020\/02\/foto_010-225x300.jpeg 225w, https:\/\/www.muniancud.cl\/portal\/wp-content\/uploads\/2020\/02\/foto_010-768x1024.jpeg 768w, https:\/\/www.muniancud.cl\/portal\/wp-content\/uploads\/2020\/02\/foto_010-696x928.jpeg 696w, https:\/\/www.muniancud.cl\/portal\/wp-content\/uploads\/2020\/02\/foto_010-315x420.jpeg 315w, https:\/\/www.muniancud.cl\/portal\/wp-content\/uploads\/2020\/02\/foto_010.jpeg 960w\" sizes=\"auto, (max-width: 225px) 100vw, 225px\" \/><\/p>\n","protected":false},"excerpt":{"rendered":"<p>La Ilustre Municipalidad de Ancud, informa a la comunidad que un nuevo hecho de violencia se suma a los que se han perpetrado desde hace unos d\u00edas, en contra del Recinto de Tratamiento Transitorio de Residuos S\u00f3lidos Domiciliarios de Ancud en el sector Puntra El Roble. Nuevamente se ha da\u00f1ado maquinaria, producto de las acciones [&hellip;]<\/p>\n","protected":false},"author":4,"featured_media":26769,"comment_status":"closed","ping_status":"closed","sticky":false,"template":"","format":"standard","meta":{"footnotes":""},"categories":[32,4,31],"tags":[],"class_list":["post-26767","post","type-post","status-publish","format-standard","has-post-thumbnail","hentry","category-medio-ambiente-aseo-y-ornato","category-sala-de-prensa","category-seguridad-publica"],"_links":{"self":[{"href":"https:\/\/www.muniancud.cl\/portal\/wp-json\/wp\/v2\/posts\/26767","targetHints":{"allow":["GET"]}}],"collection":[{"href":"https:\/\/www.muniancud.cl\/portal\/wp-json\/wp\/v2\/posts"}],"about":[{"href":"https:\/\/www.muniancud.cl\/portal\/wp-json\/wp\/v2\/types\/post"}],"author":[{"embeddable":true,"href":"https:\/\/www.muniancud.cl\/portal\/wp-json\/wp\/v2\/users\/4"}],"replies":[{"embeddable":true,"href":"https:\/\/www.muniancud.cl\/portal\/wp-json\/wp\/v2\/comments?post=26767"}],"version-history":[{"count":3,"href":"https:\/\/www.muniancud.cl\/portal\/wp-json\/wp\/v2\/posts\/26767\/revisions"}],"predecessor-version":[{"id":26781,"href":"https:\/\/www.muniancud.cl\/portal\/wp-json\/wp\/v2\/posts\/26767\/revisions\/26781"}],"wp:featuredmedia":[{"embeddable":true,"href":"https:\/\/www.muniancud.cl\/portal\/wp-json\/wp\/v2\/media\/26769"}],"wp:attachment":[{"href":"https:\/\/www.muniancud.cl\/portal\/wp-json\/wp\/v2\/media?parent=26767"}],"wp:term":[{"taxonomy":"category","embeddable":true,"href":"https:\/\/www.muniancud.cl\/portal\/wp-json\/wp\/v2\/categories?post=26767"},{"taxonomy":"post_tag","embeddable":true,"href":"https:\/\/www.muniancud.cl\/portal\/wp-json\/wp\/v2\/tags?post=26767"}],"curies":[{"name":"wp","href":"https:\/\/api.w.org\/{rel}","templated":true}]}}