{"id":26783,"date":"2020-02-17T09:37:06","date_gmt":"2020-02-17T12:37:06","guid":{"rendered":"https:\/\/www.muniancud.cl\/portal\/?p=26783"},"modified":"2020-02-17T09:37:06","modified_gmt":"2020-02-17T12:37:06","slug":"servicio-de-recoleccion-de-residuos-solidos-domiciliarios-17-de-febrero","status":"publish","type":"post","link":"https:\/\/www.muniancud.cl\/portal\/servicio-de-recoleccion-de-residuos-solidos-domiciliarios-17-de-febrero\/","title":{"rendered":"Servicio de recolecci\u00f3n de Residuos S\u00f3lidos Domiciliarios 17 de febrero"},"content":{"rendered":"<div>El servicio de recolecci\u00f3n de Residuos S\u00f3lidos Domiciliarios de Ancud, de este d\u00eda lunes 17 de febrero se encuentra suspendido por la acci\u00f3n de terceros.<\/div>\n<div>Se est\u00e1n realizando los trabajos de reparaci\u00f3n, lo que permitir\u00e1 comenzar el servicio de recolecci\u00f3n en cuanto las obras\u00a0lo permitan el d\u00eda de hoy.<\/div>\n<div>Se comunicar\u00e1\u00a0oportunamente a\u00a0la comunidad en cuanto se inicie la recolecci\u00f3n.<\/div>\n<div><\/div>\n<div>Por este motivo, se solicita no sacar los residuos s\u00f3lidos domiciliarios a la v\u00eda p\u00fablica.<\/div>\n<div>Contenga en un contenedor con tapa los residuos en el hogar, o en bolsas bien cerradas.<\/div>\n<div><\/div>\n<div>Producto de esta situaci\u00f3n, el llamado es ha estar atentos a la informaci\u00f3n oficial que se entregar\u00e1 por redes sociales, y medios oficiales del municipio de Ancud, adem\u00e1s de los medios de comunicaci\u00f3n del territorio.<\/div>\n<div><\/div>\n<div>Agradecemos la comprensi\u00f3n ante una situaci\u00f3n completamente ajena a la voluntad del municipio.<\/div>\n<div><\/div>\n<div>Reiteramos:<\/div>\n<div>\n<p style=\"margin: 0px\">Reducir al m\u00e1ximo, desechando s\u00f3lo lo necesario.<br \/>\nReutilizar, no bote papeles y cartones.<br \/>\nReciclar, todos los materiales que puedan tener una segunda utilidad.<\/p>\n<p style=\"margin: 0px\">Mapa Online de Cuadrantes y puntos de acopio y reciclaje:<br \/>\nhttps:\/\/www.google.com\/maps\/d\/u\/0\/viewer?hl=es&amp;mid=1HxEPnEKA74EbzjFELx87zTJ1m4-Hto1s&amp;ll=-41.85819506190286%2C-73.78723943308495&amp;z=13&amp;fbclid=IwAR3T5LRdasvE4Ot3onDRNgO7G6QU7r6bGiZw849rB2VbW0l2Y2WshrQA%E2%80%93w<\/p>\n<p style=\"margin: 0px\">Consultas:<\/p>\n<p style=\"margin: 0px\">Direcci\u00f3n de Aseo y Ornato de la Ilustre Municipalidad de Ancud.<br \/>\nTel\u00e9fono: 65-2487669.<br \/>\nConsultas directas al WhatsApp +56967604504.<\/p>\n<p><img loading=\"lazy\" decoding=\"async\" class=\"alignnone wp-image-25665 size-large\" src=\"https:\/\/www.muniancud.cl\/portal\/wp-content\/uploads\/2019\/09\/Manejo-RSD-Puntos-de-reciclaje-1-1024x618.jpg\" alt=\"\" width=\"696\" height=\"420\" srcset=\"https:\/\/www.muniancud.cl\/portal\/wp-content\/uploads\/2019\/09\/Manejo-RSD-Puntos-de-reciclaje-1-1024x618.jpg 1024w, https:\/\/www.muniancud.cl\/portal\/wp-content\/uploads\/2019\/09\/Manejo-RSD-Puntos-de-reciclaje-1-300x181.jpg 300w, https:\/\/www.muniancud.cl\/portal\/wp-content\/uploads\/2019\/09\/Manejo-RSD-Puntos-de-reciclaje-1-768x464.jpg 768w, https:\/\/www.muniancud.cl\/portal\/wp-content\/uploads\/2019\/09\/Manejo-RSD-Puntos-de-reciclaje-1-696x420.jpg 696w, https:\/\/www.muniancud.cl\/portal\/wp-content\/uploads\/2019\/09\/Manejo-RSD-Puntos-de-reciclaje-1-1068x645.jpg 1068w, https:\/\/www.muniancud.cl\/portal\/wp-content\/uploads\/2019\/09\/Manejo-RSD-Puntos-de-reciclaje-1-1920x1159.jpg 1920w\" sizes=\"auto, (max-width: 696px) 100vw, 696px\" \/><\/p>\n<\/div>\n","protected":false},"excerpt":{"rendered":"<p>El servicio de recolecci\u00f3n de Residuos S\u00f3lidos Domiciliarios de Ancud, de este d\u00eda lunes 17 de febrero se encuentra suspendido por la acci\u00f3n de terceros. Se est\u00e1n realizando los trabajos de reparaci\u00f3n, lo que permitir\u00e1 comenzar el servicio de recolecci\u00f3n en cuanto las obras\u00a0lo permitan el d\u00eda de hoy. Se comunicar\u00e1\u00a0oportunamente a\u00a0la comunidad en cuanto [&hellip;]<\/p>\n","protected":false},"author":4,"featured_media":0,"comment_status":"closed","ping_status":"closed","sticky":false,"template":"","format":"standard","meta":{"footnotes":""},"categories":[37],"tags":[],"class_list":["post-26783","post","type-post","status-publish","format-standard","hentry","category-alerta-sanitaria"],"_links":{"self":[{"href":"https:\/\/www.muniancud.cl\/portal\/wp-json\/wp\/v2\/posts\/26783","targetHints":{"allow":["GET"]}}],"collection":[{"href":"https:\/\/www.muniancud.cl\/portal\/wp-json\/wp\/v2\/posts"}],"about":[{"href":"https:\/\/www.muniancud.cl\/portal\/wp-json\/wp\/v2\/types\/post"}],"author":[{"embeddable":true,"href":"https:\/\/www.muniancud.cl\/portal\/wp-json\/wp\/v2\/users\/4"}],"replies":[{"embeddable":true,"href":"https:\/\/www.muniancud.cl\/portal\/wp-json\/wp\/v2\/comments?post=26783"}],"version-history":[{"count":1,"href":"https:\/\/www.muniancud.cl\/portal\/wp-json\/wp\/v2\/posts\/26783\/revisions"}],"predecessor-version":[{"id":26784,"href":"https:\/\/www.muniancud.cl\/portal\/wp-json\/wp\/v2\/posts\/26783\/revisions\/26784"}],"wp:attachment":[{"href":"https:\/\/www.muniancud.cl\/portal\/wp-json\/wp\/v2\/media?parent=26783"}],"wp:term":[{"taxonomy":"category","embeddable":true,"href":"https:\/\/www.muniancud.cl\/portal\/wp-json\/wp\/v2\/categories?post=26783"},{"taxonomy":"post_tag","embeddable":true,"href":"https:\/\/www.muniancud.cl\/portal\/wp-json\/wp\/v2\/tags?post=26783"}],"curies":[{"name":"wp","href":"https:\/\/api.w.org\/{rel}","templated":true}]}}