{"id":26786,"date":"2020-02-17T15:20:03","date_gmt":"2020-02-17T18:20:03","guid":{"rendered":"https:\/\/www.muniancud.cl\/portal\/?p=26786"},"modified":"2020-02-17T15:20:03","modified_gmt":"2020-02-17T18:20:03","slug":"reactivacion-del-servicio-de-recoleccion-de-residuos-solidos-domiciliarios-de-ancud-lunes-17-de-febrero","status":"publish","type":"post","link":"https:\/\/www.muniancud.cl\/portal\/reactivacion-del-servicio-de-recoleccion-de-residuos-solidos-domiciliarios-de-ancud-lunes-17-de-febrero\/","title":{"rendered":"Reactivaci\u00f3n del servicio de recolecci\u00f3n de Residuos S\u00f3lidos Domiciliarios de Ancud Lunes 17 de febrero"},"content":{"rendered":"<div><span style=\"color: #000000;font-family: arial, helvetica, sans-serif;font-size: 16px;font-style: normal;font-weight: 400;letter-spacing: normal;text-align: start;text-indent: 0px;text-transform: none;background-color: #ffffff;float: none\">La Ilustre Municipalidad de Ancud informa a las y los vecinos, que el servicio de Recolecci\u00f3n de Residuos S\u00f3lidos Domiciliarios se reactiva esta tarde retomando la normalidad de forma paulatina durante la semana. Medida adoptada, tras la reparaci\u00f3n del Puente de Acceso gracias al trabajo de Vialidad.\u00a0<\/span><\/div>\n<div><\/div>\n<div>El servicio comienza a operar en los cuadrantes 1 y 2 de la comuna.<\/div>\n<div>Se ruega a las vecinas y vecinos disponer en contenedores y bolsas bien cerradas, los desechos domiciliarios.<\/div>\n<div>Recuerde no botar CARTONES NI VOLUMINOSO.<\/div>\n<div><\/div>\n<div>De igual forma se reactiva el servicio diferenciado de recolecci\u00f3n en el Cuadrante 1, a las 18:00 horas.<\/div>\n<div><\/div>\n<div>Se ha avanzado con la recolecci\u00f3n de micro basurales en diferentes sectores de la ciudad. Rogamos no dejar basura en las calles, sitios, esquinas o en cualquier punto de la v\u00eda p\u00fablica, con el objetivo de dar normalidad al servicio de Recolecci\u00f3n de Residuos S\u00f3lidos de Ancud. Agradecemos la comprensi\u00f3n.<\/div>\n<div><\/div>\n<div>CUADRANTE 1<\/div>\n<div>Corresponde a todas las viviendas comprendidas en el sector que cubre Arena Gruesa hasta Fuerte San Antonio, incluyendo Villa Fuerte Real. Sigue por el lado norte de esta calle para conectar con Baquedano, y bajar por calle O\u2019Higgins en direcci\u00f3n a la intersecci\u00f3n con Pedro Montt. Contin\u00faa por Almirante Latorre hasta Villa Las Araucarias y cubrir Villa Nueva Galicia. Abarca el costado del cerro Huaihuen que incorpora la poblaci\u00f3n Goleta Sebastiana, Casamar 1 y 2, Vista Hermosa y Jos\u00e9 Joaqu\u00edn Prieto. Este cuadrante comprende tambi\u00e9n las poblaciones de Bonilla, Borquez Solar y 22 de Mayo. Y todas las calles y pasajes al interior del sector.<\/div>\n<div>\n<p style=\"text-align: justify;margin: 0px\"><span style=\"font-family: 'Arial',sans-serif\">CUADRANTE 2<\/span><\/p>\n<p style=\"text-align: justify;margin: 0px\"><span style=\"font-family: 'Arial',sans-serif\">Corresponde el centro de Ancud. Este, est\u00e1 delimitado por la costanera Salvador Allende hasta calle Yungay, subiendo hasta la intersecci\u00f3n de Los Carreras. \u00a0Sigue por calle Yerbas Buenas, hasta Err\u00e1zuriz, baja hacia el centro por calle Pudeto y conecta con \u00a0calle San Carlos. Desde ah\u00ed por An\u00edbal Pinto, para continuar por calle Esmeralda, a un costado del Gimnasio fiscal hasta el encuentro con Almirante Latorre, cubriendo todo el lado sur de esta, hasta la intersecci\u00f3n con Baquedano. Para gira por San Antonio, y retornar por Lord Cochrane en direcci\u00f3n al muelle y la Costanera.<\/span><\/p>\n<\/div>\n<div><\/div>\n<div>Siembre\u00a0Reiteramos:<\/p>\n<div style=\"color: #222222;font-family: Verdana, Geneva, sans-serif;font-size: 15px;font-style: normal;font-weight: 400;letter-spacing: normal;text-align: start;text-indent: 0px;text-transform: none;background-color: #ffffff\">\n<p style=\"font-family: Verdana, Geneva, sans-serif;font-size: 15px;line-height: 26px;margin: 0px\">Reducir al m\u00e1ximo, desechando s\u00f3lo lo necesario.<br \/>Reutilizar, no bote papeles y cartones.<br \/>Reciclar, todos los materiales que puedan tener una segunda utilidad.<\/p>\n<p style=\"font-family: Verdana, Geneva, sans-serif;font-size: 15px;line-height: 26px;margin: 0px\">Mapa Online de Cuadrantes y puntos de acopio y reciclaje:<br \/>https:\/\/www.google.com\/maps\/d\/u\/0\/viewer?hl=es&amp;mid=1HxEPnEKA74EbzjFELx87zTJ1m4-Hto1s&amp;ll=-41.85819506190286%2C-73.78723943308495&amp;z=13&amp;fbclid=IwAR3T5LRdasvE4Ot3onDRNgO7G6QU7r6bGiZw849rB2VbW0l2Y2WshrQA%E2%80%93w<\/p>\n<p style=\"font-family: Verdana, Geneva, sans-serif;font-size: 15px;line-height: 26px;margin: 0px\">Consultas:<\/p>\n<p style=\"font-family: Verdana, Geneva, sans-serif;font-size: 15px;line-height: 26px;margin: 0px\">Direcci\u00f3n de Aseo y Ornato de la Ilustre Municipalidad de Ancud.<br \/>Tel\u00e9fono: 65-2487669.<br \/>Consultas directas al WhatsApp +56967604504.<\/p>\n<p><img loading=\"lazy\" decoding=\"async\" class=\"alignnone wp-image-26734 size-full\" src=\"https:\/\/www.muniancud.cl\/portal\/wp-content\/uploads\/2020\/02\/calendario_Separado_001.jpeg\" alt=\"\" width=\"720\" height=\"1019\" srcset=\"https:\/\/www.muniancud.cl\/portal\/wp-content\/uploads\/2020\/02\/calendario_Separado_001.jpeg 720w, https:\/\/www.muniancud.cl\/portal\/wp-content\/uploads\/2020\/02\/calendario_Separado_001-212x300.jpeg 212w, https:\/\/www.muniancud.cl\/portal\/wp-content\/uploads\/2020\/02\/calendario_Separado_001-696x985.jpeg 696w, https:\/\/www.muniancud.cl\/portal\/wp-content\/uploads\/2020\/02\/calendario_Separado_001-297x420.jpeg 297w\" sizes=\"auto, (max-width: 720px) 100vw, 720px\" \/><\/p>\n<p><img loading=\"lazy\" decoding=\"async\" class=\"alignnone wp-image-25665 size-large\" src=\"https:\/\/www.muniancud.cl\/portal\/wp-content\/uploads\/2019\/09\/Manejo-RSD-Puntos-de-reciclaje-1-1024x618.jpg\" alt=\"\" width=\"696\" height=\"420\" srcset=\"https:\/\/www.muniancud.cl\/portal\/wp-content\/uploads\/2019\/09\/Manejo-RSD-Puntos-de-reciclaje-1-1024x618.jpg 1024w, https:\/\/www.muniancud.cl\/portal\/wp-content\/uploads\/2019\/09\/Manejo-RSD-Puntos-de-reciclaje-1-300x181.jpg 300w, https:\/\/www.muniancud.cl\/portal\/wp-content\/uploads\/2019\/09\/Manejo-RSD-Puntos-de-reciclaje-1-768x464.jpg 768w, https:\/\/www.muniancud.cl\/portal\/wp-content\/uploads\/2019\/09\/Manejo-RSD-Puntos-de-reciclaje-1-696x420.jpg 696w, https:\/\/www.muniancud.cl\/portal\/wp-content\/uploads\/2019\/09\/Manejo-RSD-Puntos-de-reciclaje-1-1068x645.jpg 1068w, https:\/\/www.muniancud.cl\/portal\/wp-content\/uploads\/2019\/09\/Manejo-RSD-Puntos-de-reciclaje-1-1920x1159.jpg 1920w\" sizes=\"auto, (max-width: 696px) 100vw, 696px\" \/><\/p>\n<\/div>\n<\/div>\n","protected":false},"excerpt":{"rendered":"<p>La Ilustre Municipalidad de Ancud informa a las y los vecinos, que el servicio de Recolecci\u00f3n de Residuos S\u00f3lidos Domiciliarios se reactiva esta tarde retomando la normalidad de forma paulatina durante la semana. Medida adoptada, tras la reparaci\u00f3n del Puente de Acceso gracias al trabajo de Vialidad.\u00a0 El servicio comienza a operar en los cuadrantes [&hellip;]<\/p>\n","protected":false},"author":4,"featured_media":0,"comment_status":"closed","ping_status":"closed","sticky":false,"template":"","format":"standard","meta":{"footnotes":""},"categories":[37],"tags":[],"class_list":["post-26786","post","type-post","status-publish","format-standard","hentry","category-alerta-sanitaria"],"_links":{"self":[{"href":"https:\/\/www.muniancud.cl\/portal\/wp-json\/wp\/v2\/posts\/26786","targetHints":{"allow":["GET"]}}],"collection":[{"href":"https:\/\/www.muniancud.cl\/portal\/wp-json\/wp\/v2\/posts"}],"about":[{"href":"https:\/\/www.muniancud.cl\/portal\/wp-json\/wp\/v2\/types\/post"}],"author":[{"embeddable":true,"href":"https:\/\/www.muniancud.cl\/portal\/wp-json\/wp\/v2\/users\/4"}],"replies":[{"embeddable":true,"href":"https:\/\/www.muniancud.cl\/portal\/wp-json\/wp\/v2\/comments?post=26786"}],"version-history":[{"count":1,"href":"https:\/\/www.muniancud.cl\/portal\/wp-json\/wp\/v2\/posts\/26786\/revisions"}],"predecessor-version":[{"id":26787,"href":"https:\/\/www.muniancud.cl\/portal\/wp-json\/wp\/v2\/posts\/26786\/revisions\/26787"}],"wp:attachment":[{"href":"https:\/\/www.muniancud.cl\/portal\/wp-json\/wp\/v2\/media?parent=26786"}],"wp:term":[{"taxonomy":"category","embeddable":true,"href":"https:\/\/www.muniancud.cl\/portal\/wp-json\/wp\/v2\/categories?post=26786"},{"taxonomy":"post_tag","embeddable":true,"href":"https:\/\/www.muniancud.cl\/portal\/wp-json\/wp\/v2\/tags?post=26786"}],"curies":[{"name":"wp","href":"https:\/\/api.w.org\/{rel}","templated":true}]}}