{"id":26789,"date":"2020-02-18T08:00:14","date_gmt":"2020-02-18T11:00:14","guid":{"rendered":"https:\/\/www.muniancud.cl\/portal\/?p=26789"},"modified":"2020-02-17T22:31:18","modified_gmt":"2020-02-18T01:31:18","slug":"servicio-de-recoleccion-de-residuos-solidos-domiciliarios18-de-febrero","status":"publish","type":"post","link":"https:\/\/www.muniancud.cl\/portal\/servicio-de-recoleccion-de-residuos-solidos-domiciliarios18-de-febrero\/","title":{"rendered":"Servicio de recolecci\u00f3n de Residuos S\u00f3lidos Domiciliarios18 de febrero"},"content":{"rendered":"<p>El servicio de Recolecci\u00f3n de Residuos S\u00f3lidos Domiciliarios de Ancud para este\u00a0Martes 18 de febrero corresponde al cuadrante 3.<\/p>\n<p>Las labores comienzan a las 08:00 am.<\/p>\n<p>El servicio se reactiva con normalidad para todos los cuadrantes de la comuna de Ancud, retomando la programaci\u00f3n habitual.<\/p>\n<p>Reduzca sus Residuos S\u00f3lidos Domiciliarios al m\u00e1ximo ya que el servicio por cada cuadrante, se realiza s\u00f3lo un d\u00eda a la semana en el sector urbano y semana por medio en el sector rural.Es urgente reducir al m\u00e1ximo, desechando solo lo indispensable.<\/p>\n<p>Cuadrante 3<br \/>\nHacia el sur de la ciudad, comprende a todos los domicilios que se encuentran en el per\u00edmetro que forman las calles que van desde Yungay, Los Carreras y parte de Yerbas Buenas. Contin\u00faa por Pepita Manns y Primero de Mayo hacia el sur, limita con el ESFOCAR de Carabineros, incorporando las poblaciones Bellavista 1, 2, 3 y 4, adem\u00e1s de Villa Archipi\u00e9lago. Contin\u00faa hacia el sur, por costanera y abarca las poblaciones Primero de Mayo, Poblaci\u00f3n Libertad, y Villa Subercaseaux. Componen este cuadrante, adem\u00e1s las poblaciones F\u00e1tima, Lomas de Puquillihue, Villa Esperanza, Villa Solidaridad y Cardenal Silva Henr\u00edquez.<\/p>\n<p>Se recuerda a los locales comerciales de Ancud, que est\u00e1 prohibido desechar cartones voluminosos. Los inspectores comienzan esta semana a realizar la fiscalizaci\u00f3n que incluye a domicilios y negocios de la comuna, en atenci\u00f3n a la Ordenanza Municipal Sobre Medioambiente, Aseo y Ornato Comunal, Decreto N\u00ba4302, del 31 de diciembre del a\u00f1o 2019.<\/p>\n<p>Nuevamente le reiteramos el llamado a:<br \/>\nReducir al m\u00e1ximo, desechando s\u00f3lo lo necesario.<br \/>\nReutilizar, no bote papeles y cartones.<br \/>\nReciclar, todos los materiales que puedan tener una segunda utilidad.<\/p>\n<p>Mapa Online de Cuadrantes y puntos de acopio y reciclaje:<br \/>\nhttps:\/\/www.google.com\/maps\/d\/u\/0\/viewer?hl=es&#038;mid=1HxEPnEKA74EbzjFELx87zTJ1m4-Hto1s&#038;ll=-41.85819506190286%2C-73.78723943308495&#038;z=13&#038;fbclid=IwAR3T5LRdasvE4Ot3onDRNgO7G6QU7r6bGiZw849rB2VbW0l2Y2WshrQA&#8211;w<\/p>\n<p>Consultas:<br \/>\nDirecci\u00f3n de Aseo y Ornato de la Ilustre Municipalidad de Ancud.<br \/>\nTel\u00e9fono: 65-2487669.<br \/>\nConsultas directas al WhatsApp +56967604504.<\/p>\n<p><img loading=\"lazy\" decoding=\"async\" class=\"alignnone wp-image-26734 size-full\" src=\"https:\/\/www.muniancud.cl\/portal\/wp-content\/uploads\/2020\/02\/calendario_Separado_001.jpeg\" alt=\"\" width=\"720\" height=\"1019\" srcset=\"https:\/\/www.muniancud.cl\/portal\/wp-content\/uploads\/2020\/02\/calendario_Separado_001.jpeg 720w, https:\/\/www.muniancud.cl\/portal\/wp-content\/uploads\/2020\/02\/calendario_Separado_001-212x300.jpeg 212w, https:\/\/www.muniancud.cl\/portal\/wp-content\/uploads\/2020\/02\/calendario_Separado_001-696x985.jpeg 696w, https:\/\/www.muniancud.cl\/portal\/wp-content\/uploads\/2020\/02\/calendario_Separado_001-297x420.jpeg 297w\" sizes=\"auto, (max-width: 720px) 100vw, 720px\" \/><\/p>\n<p><img loading=\"lazy\" decoding=\"async\" class=\"alignnone wp-image-25665 size-large\" src=\"https:\/\/www.muniancud.cl\/portal\/wp-content\/uploads\/2019\/09\/Manejo-RSD-Puntos-de-reciclaje-1-1024x618.jpg\" alt=\"\" width=\"696\" height=\"420\" srcset=\"https:\/\/www.muniancud.cl\/portal\/wp-content\/uploads\/2019\/09\/Manejo-RSD-Puntos-de-reciclaje-1-1024x618.jpg 1024w, https:\/\/www.muniancud.cl\/portal\/wp-content\/uploads\/2019\/09\/Manejo-RSD-Puntos-de-reciclaje-1-300x181.jpg 300w, https:\/\/www.muniancud.cl\/portal\/wp-content\/uploads\/2019\/09\/Manejo-RSD-Puntos-de-reciclaje-1-768x464.jpg 768w, https:\/\/www.muniancud.cl\/portal\/wp-content\/uploads\/2019\/09\/Manejo-RSD-Puntos-de-reciclaje-1-696x420.jpg 696w, https:\/\/www.muniancud.cl\/portal\/wp-content\/uploads\/2019\/09\/Manejo-RSD-Puntos-de-reciclaje-1-1068x645.jpg 1068w, https:\/\/www.muniancud.cl\/portal\/wp-content\/uploads\/2019\/09\/Manejo-RSD-Puntos-de-reciclaje-1-1920x1159.jpg 1920w\" sizes=\"auto, (max-width: 696px) 100vw, 696px\" \/><\/p>\n","protected":false},"excerpt":{"rendered":"<p>El servicio de Recolecci\u00f3n de Residuos S\u00f3lidos Domiciliarios de Ancud para este\u00a0Martes 18 de febrero corresponde al cuadrante 3. Las labores comienzan a las 08:00 am. El servicio se reactiva con normalidad para todos los cuadrantes de la comuna de Ancud, retomando la programaci\u00f3n habitual. Reduzca sus Residuos S\u00f3lidos Domiciliarios al m\u00e1ximo ya que el [&hellip;]<\/p>\n","protected":false},"author":4,"featured_media":0,"comment_status":"closed","ping_status":"closed","sticky":false,"template":"","format":"standard","meta":{"footnotes":""},"categories":[37],"tags":[],"class_list":["post-26789","post","type-post","status-publish","format-standard","hentry","category-alerta-sanitaria"],"_links":{"self":[{"href":"https:\/\/www.muniancud.cl\/portal\/wp-json\/wp\/v2\/posts\/26789","targetHints":{"allow":["GET"]}}],"collection":[{"href":"https:\/\/www.muniancud.cl\/portal\/wp-json\/wp\/v2\/posts"}],"about":[{"href":"https:\/\/www.muniancud.cl\/portal\/wp-json\/wp\/v2\/types\/post"}],"author":[{"embeddable":true,"href":"https:\/\/www.muniancud.cl\/portal\/wp-json\/wp\/v2\/users\/4"}],"replies":[{"embeddable":true,"href":"https:\/\/www.muniancud.cl\/portal\/wp-json\/wp\/v2\/comments?post=26789"}],"version-history":[{"count":3,"href":"https:\/\/www.muniancud.cl\/portal\/wp-json\/wp\/v2\/posts\/26789\/revisions"}],"predecessor-version":[{"id":26792,"href":"https:\/\/www.muniancud.cl\/portal\/wp-json\/wp\/v2\/posts\/26789\/revisions\/26792"}],"wp:attachment":[{"href":"https:\/\/www.muniancud.cl\/portal\/wp-json\/wp\/v2\/media?parent=26789"}],"wp:term":[{"taxonomy":"category","embeddable":true,"href":"https:\/\/www.muniancud.cl\/portal\/wp-json\/wp\/v2\/categories?post=26789"},{"taxonomy":"post_tag","embeddable":true,"href":"https:\/\/www.muniancud.cl\/portal\/wp-json\/wp\/v2\/tags?post=26789"}],"curies":[{"name":"wp","href":"https:\/\/api.w.org\/{rel}","templated":true}]}}