{"id":26795,"date":"2020-02-17T20:13:44","date_gmt":"2020-02-17T23:13:44","guid":{"rendered":"https:\/\/www.muniancud.cl\/portal\/?p=26795"},"modified":"2020-02-18T14:15:31","modified_gmt":"2020-02-18T17:15:31","slug":"se-reactiva-servicio-de-recoleccion-de-desechos-domiciliarios-en-ancud","status":"publish","type":"post","link":"https:\/\/www.muniancud.cl\/portal\/se-reactiva-servicio-de-recoleccion-de-desechos-domiciliarios-en-ancud\/","title":{"rendered":"Se reactiva servicio de recolecci\u00f3n de desechos domiciliarios en Ancud"},"content":{"rendered":"<p>Tras los inconvenientes causados por terceras personas, generando la detenci\u00f3n del servicio de disposici\u00f3n final en el sector de Puntra El Roble, e impidiendo a la vez la recolecci\u00f3n en el resto de la comuna, finalmente el servicio de recolecci\u00f3n de Residuos S\u00f3lidos Domiciliarios de Ancud se reactiva a partir de este lunes. El anuncio fue realizado por el alcalde Carlos G\u00f3mez, quien se refiri\u00f3 al reinicio de las labores de recolecci\u00f3n, tras finalizar el concejo municipal de este lunes.<\/p>\n<p>\u201cHoy d\u00eda en el transcurso de la ma\u00f1ana y parte de la tarde, Vialidad reforz\u00f3 el puente que fue da\u00f1ando, y pudieron acceder hasta el relleno sanitario nuestros camiones sin mayores inconvenientes. Esto significa que se si inicia la recolecci\u00f3n de residuos s\u00f3lidos domiciliarios, a partir del transcurso de la tarde. Para comenzar a normalizarse desde ma\u00f1ana (martes)\u201c. \u00a0El anuncio del alcalde G\u00f3mez, estuvo acompa\u00f1ado de la solicitud a la comunidad, de no sacar los desechos a la v\u00eda p\u00fablica con el objetivo de ajustarse al proceso de recolecci\u00f3n programado diariamente.<\/p>\n<p>Sobre los motivos que gener\u00f3 esta alteraci\u00f3n del servicio de recolecci\u00f3n en los \u00faltimos d\u00edas, el alcalde resume los principales hechos. \u201cEsto de volver a tener basura en la calle, y familias a las que no se les ha pasado a recolectar, obedece exclusivamente a las dificultades que hemos tenido, para acceder al relleno sanitario de Puntra El Roble. Producto de los problemas conocidos por toda la comunidad. Espero que esto se normalice dentro de los pr\u00f3ximos d\u00edas, porque tenemos una Resoluci\u00f3n Sanitaria por parte de la autoridad, donde tenemos como sitio de disposici\u00f3n final, hasta cuatro camionadas diarias con fecha 25 de febrero. Esperamos tener una nueva resoluci\u00f3n antes de esa fecha, que va a depender de terminar el proyecto completo que le presentamos a la SEREMI de Salud\u201d, inform\u00f3 el alcalde G\u00f3mez.<\/p>\n<p>Cabe destacar que las principales dificultades que enfrent\u00f3 el servicio de recolecci\u00f3n, recalc\u00f3 el alcalde G\u00f3mez, fueron los obst\u00e1culos para acceder al Centro de Disposici\u00f3n Transitoria de Residuos S\u00f3lidos Domiciliarios, debido al corte propinado al puente de acceso al centro debilitando su estructura, hoy ya reparada por Vialidad. \u00a0Agregando el edil, que la empresa CRECER SPA, encargada de las operaciones del proyecto dentro del recinto, debe agregar medidas de seguridad y resguardo en le canso de seguir funcionando como operador del proyecto.<\/p>\n<p>El servicio de ha restablecido con normalidad, retornando a la programaci\u00f3n diaria de recolecci\u00f3n en los cinco cuadrantes que organiza el servicio en la comuna de Ancud, reiterando la urgente necesidad de reducir al m\u00e1ximo los desechos domiciliarios y solo desechando lo estrictamente necesario.<\/p>\n","protected":false},"excerpt":{"rendered":"<p>Tras los inconvenientes causados por terceras personas, generando la detenci\u00f3n del servicio de disposici\u00f3n final en el sector de Puntra El Roble, e impidiendo a la vez la recolecci\u00f3n en el resto de la comuna, finalmente el servicio de recolecci\u00f3n de Residuos S\u00f3lidos Domiciliarios de Ancud se reactiva a partir de este lunes. El anuncio [&hellip;]<\/p>\n","protected":false},"author":4,"featured_media":26453,"comment_status":"closed","ping_status":"closed","sticky":false,"template":"","format":"standard","meta":{"footnotes":""},"categories":[32,4,24],"tags":[],"class_list":["post-26795","post","type-post","status-publish","format-standard","has-post-thumbnail","hentry","category-medio-ambiente-aseo-y-ornato","category-sala-de-prensa","category-salud"],"_links":{"self":[{"href":"https:\/\/www.muniancud.cl\/portal\/wp-json\/wp\/v2\/posts\/26795","targetHints":{"allow":["GET"]}}],"collection":[{"href":"https:\/\/www.muniancud.cl\/portal\/wp-json\/wp\/v2\/posts"}],"about":[{"href":"https:\/\/www.muniancud.cl\/portal\/wp-json\/wp\/v2\/types\/post"}],"author":[{"embeddable":true,"href":"https:\/\/www.muniancud.cl\/portal\/wp-json\/wp\/v2\/users\/4"}],"replies":[{"embeddable":true,"href":"https:\/\/www.muniancud.cl\/portal\/wp-json\/wp\/v2\/comments?post=26795"}],"version-history":[{"count":1,"href":"https:\/\/www.muniancud.cl\/portal\/wp-json\/wp\/v2\/posts\/26795\/revisions"}],"predecessor-version":[{"id":26796,"href":"https:\/\/www.muniancud.cl\/portal\/wp-json\/wp\/v2\/posts\/26795\/revisions\/26796"}],"wp:featuredmedia":[{"embeddable":true,"href":"https:\/\/www.muniancud.cl\/portal\/wp-json\/wp\/v2\/media\/26453"}],"wp:attachment":[{"href":"https:\/\/www.muniancud.cl\/portal\/wp-json\/wp\/v2\/media?parent=26795"}],"wp:term":[{"taxonomy":"category","embeddable":true,"href":"https:\/\/www.muniancud.cl\/portal\/wp-json\/wp\/v2\/categories?post=26795"},{"taxonomy":"post_tag","embeddable":true,"href":"https:\/\/www.muniancud.cl\/portal\/wp-json\/wp\/v2\/tags?post=26795"}],"curies":[{"name":"wp","href":"https:\/\/api.w.org\/{rel}","templated":true}]}}