{"id":26818,"date":"2020-02-20T19:10:24","date_gmt":"2020-02-20T22:10:24","guid":{"rendered":"https:\/\/www.muniancud.cl\/portal\/?p=26818"},"modified":"2020-02-21T08:16:32","modified_gmt":"2020-02-21T11:16:32","slug":"municipio-de-ancud-invita-a-participar-de-la-feria-de-emprendedoras-en-la-plaza-de-armas","status":"publish","type":"post","link":"https:\/\/www.muniancud.cl\/portal\/municipio-de-ancud-invita-a-participar-de-la-feria-de-emprendedoras-en-la-plaza-de-armas\/","title":{"rendered":"Municipio de Ancud invita a participar de la Feria de Emprendedoras en la Plaza de Armas"},"content":{"rendered":"<p>Retornan las Ferias de Emprendedoras a la Plaza de Armas de Ancud.\u00a0 Este viernes, a partir de las diez de la ma\u00f1ana y hasta las tres de la tarde, el centro de la ciudad acoge a las productoras, artesanas y emprendedoras integrantes de los programas y proyectos de Direcci\u00f3n de Desarrollo Econ\u00f3mico y Fomento Productivo DIDEF de la Ilustre Municipalidad de Ancud.<\/p>\n<p>La invitaci\u00f3n la realiza Leonor Herrera, Coordinadora de DIDEF. \u201c<em>Hacemos la invitaci\u00f3n a los vecinos y turistas de la ciudad de Ancud, para que puedan visitar la plaza. Vamos a tener nuestra acostumbrada feria de productores locales donde la gente va a tener la posibilidad de comparar hortalizas, verduras, productos elaborados por nuestras productoras locales y artesan\u00eda con identidad cultural, organizada por la Direcci\u00f3n de Desarrollo Local y Fomento Productivo, a trav\u00e9s, de los distintos programas que el municipio desarrolla por intermedio de esta direcci\u00f3n. Como son los beneficiarios del PRODESAL, del PDTI, de las Mujeres Jefas de Hogar, de Fomento Productivo, Agroindustria, y personas que est\u00e1n desarrollando actividades de micro empresa familiar. Por lo mismo invitamos a toda la comunidad a participar de esta actividad. Comienza a las diez de la ma\u00f1ana hasta las tres de la tarde, donde van a tener la oportunidad de adquirir estos productos locales a muy buenos precios<\/em>\u201d, concluy\u00f3 Leonor Herrera.<\/p>\n","protected":false},"excerpt":{"rendered":"<p>Retornan las Ferias de Emprendedoras a la Plaza de Armas de Ancud.\u00a0 Este viernes, a partir de las diez de la ma\u00f1ana y hasta las tres de la tarde, el centro de la ciudad acoge a las productoras, artesanas y emprendedoras integrantes de los programas y proyectos de Direcci\u00f3n de Desarrollo Econ\u00f3mico y Fomento Productivo [&hellip;]<\/p>\n","protected":false},"author":4,"featured_media":26820,"comment_status":"closed","ping_status":"closed","sticky":false,"template":"","format":"standard","meta":{"footnotes":""},"categories":[26,34,4,36],"tags":[],"class_list":["post-26818","post","type-post","status-publish","format-standard","has-post-thumbnail","hentry","category-cultura","category-ditufop","category-sala-de-prensa","category-turismo"],"_links":{"self":[{"href":"https:\/\/www.muniancud.cl\/portal\/wp-json\/wp\/v2\/posts\/26818","targetHints":{"allow":["GET"]}}],"collection":[{"href":"https:\/\/www.muniancud.cl\/portal\/wp-json\/wp\/v2\/posts"}],"about":[{"href":"https:\/\/www.muniancud.cl\/portal\/wp-json\/wp\/v2\/types\/post"}],"author":[{"embeddable":true,"href":"https:\/\/www.muniancud.cl\/portal\/wp-json\/wp\/v2\/users\/4"}],"replies":[{"embeddable":true,"href":"https:\/\/www.muniancud.cl\/portal\/wp-json\/wp\/v2\/comments?post=26818"}],"version-history":[{"count":1,"href":"https:\/\/www.muniancud.cl\/portal\/wp-json\/wp\/v2\/posts\/26818\/revisions"}],"predecessor-version":[{"id":26821,"href":"https:\/\/www.muniancud.cl\/portal\/wp-json\/wp\/v2\/posts\/26818\/revisions\/26821"}],"wp:featuredmedia":[{"embeddable":true,"href":"https:\/\/www.muniancud.cl\/portal\/wp-json\/wp\/v2\/media\/26820"}],"wp:attachment":[{"href":"https:\/\/www.muniancud.cl\/portal\/wp-json\/wp\/v2\/media?parent=26818"}],"wp:term":[{"taxonomy":"category","embeddable":true,"href":"https:\/\/www.muniancud.cl\/portal\/wp-json\/wp\/v2\/categories?post=26818"},{"taxonomy":"post_tag","embeddable":true,"href":"https:\/\/www.muniancud.cl\/portal\/wp-json\/wp\/v2\/tags?post=26818"}],"curies":[{"name":"wp","href":"https:\/\/api.w.org\/{rel}","templated":true}]}}