{"id":26864,"date":"2020-03-03T08:00:32","date_gmt":"2020-03-03T11:00:32","guid":{"rendered":"https:\/\/www.muniancud.cl\/portal\/?p=26864"},"modified":"2020-03-02T11:35:15","modified_gmt":"2020-03-02T14:35:15","slug":"servicio-de-recoleccion-de-residuos-solidos-domiciliarios-3-de-marzo","status":"publish","type":"post","link":"https:\/\/www.muniancud.cl\/portal\/servicio-de-recoleccion-de-residuos-solidos-domiciliarios-3-de-marzo\/","title":{"rendered":"Servicio de recolecci\u00f3n de Residuos S\u00f3lidos Domiciliarios 3 de marzo"},"content":{"rendered":"<p>El servicio de Recolecci\u00f3n de Residuos S\u00f3lidos Domiciliarios de Ancud para este martes 3 de marzo corresponde al Cuadrante 3, y los sectores pendientes de ayer.<br \/>\nLas labores comienzan a las 08:30. am.<\/p>\n<p>Reduzca sus Residuos S\u00f3lidos Domiciliarios al m\u00e1ximo ya que el servicio por cada cuadrante, se realiza s\u00f3lo un d\u00eda a la semana en el sector urbano y semana por medio en el sector rural.Es urgente reducir al m\u00e1ximo, desechando solo lo indispensable.<\/p>\n<p>CUADRANTE 3<br \/>\nhacia el sur de la ciudad, comprende a todos los domicilios que se encuentran en el per\u00edmetro que forman las calles que van desde Yungay, Los Carreras y parte de Yerbas Buenas. Contin\u00faa por Pepita Manns y Primero de Mayo hacia el sur, limita con el ESFOCAR de Carabineros, incorporando las poblaciones Bellavista 1, 2, 3 y 4, adem\u00e1s de Villa Archipi\u00e9lago. Contin\u00faa hacia el sur, por costanera y abarca las poblaciones Primero de Mayo, Poblaci\u00f3n Libertad, y Villa Subercaseaux. Componen este cuadrante, adem\u00e1s las poblaciones F\u00e1tima, Lomas de Puquillihue, Villa Esperanza, Villa Solidaridad y Cardenal Silva Henr\u00edquez.<\/p>\n<p>Reducir al m\u00e1ximo, desechando s\u00f3lo lo necesario.<br \/>\nReutilizar, no bote papeles y cartones.<br \/>\nReciclar, todos los materiales que puedan tener una segunda utilidad.Mapa Online de Cuadrantes y puntos de acopio y reciclaje:<br \/>\nhttps:\/\/www.google.com\/maps\/d\/u\/0\/viewer?hl=es&#038;mid=1HxEPnEKA74EbzjFELx87zTJ1m4-Hto1s&#038;ll=-41.85819506190286%2C-73.78723943308495&#038;z=13&#038;fbclid=IwAR3T5LRdasvE4Ot3onDRNgO7G6QU7r6bGiZw849rB2VbW0l2Y2WshrQA\u2013w<\/p>\n<p>Consultas:<br \/>\nDirecci\u00f3n de Aseo y Ornato de la Ilustre Municipalidad de Ancud.<br \/>\nTel\u00e9fono: 65-2487669.<br \/>\nConsultas directas al WhatsApp +56967604504.<\/p>\n<p><img loading=\"lazy\" decoding=\"async\" class=\"alignnone wp-image-26734 size-full\" src=\"https:\/\/www.muniancud.cl\/portal\/wp-content\/uploads\/2020\/02\/calendario_Separado_001.jpeg\" alt=\"\" width=\"720\" height=\"1019\" srcset=\"https:\/\/www.muniancud.cl\/portal\/wp-content\/uploads\/2020\/02\/calendario_Separado_001.jpeg 720w, https:\/\/www.muniancud.cl\/portal\/wp-content\/uploads\/2020\/02\/calendario_Separado_001-212x300.jpeg 212w, https:\/\/www.muniancud.cl\/portal\/wp-content\/uploads\/2020\/02\/calendario_Separado_001-696x985.jpeg 696w, https:\/\/www.muniancud.cl\/portal\/wp-content\/uploads\/2020\/02\/calendario_Separado_001-297x420.jpeg 297w\" sizes=\"auto, (max-width: 720px) 100vw, 720px\" \/><\/p>\n<p><img loading=\"lazy\" decoding=\"async\" class=\"alignnone wp-image-25665 size-large\" src=\"https:\/\/www.muniancud.cl\/portal\/wp-content\/uploads\/2019\/09\/Manejo-RSD-Puntos-de-reciclaje-1-1024x618.jpg\" alt=\"\" width=\"696\" height=\"420\" srcset=\"https:\/\/www.muniancud.cl\/portal\/wp-content\/uploads\/2019\/09\/Manejo-RSD-Puntos-de-reciclaje-1-1024x618.jpg 1024w, https:\/\/www.muniancud.cl\/portal\/wp-content\/uploads\/2019\/09\/Manejo-RSD-Puntos-de-reciclaje-1-300x181.jpg 300w, https:\/\/www.muniancud.cl\/portal\/wp-content\/uploads\/2019\/09\/Manejo-RSD-Puntos-de-reciclaje-1-768x464.jpg 768w, https:\/\/www.muniancud.cl\/portal\/wp-content\/uploads\/2019\/09\/Manejo-RSD-Puntos-de-reciclaje-1-696x420.jpg 696w, https:\/\/www.muniancud.cl\/portal\/wp-content\/uploads\/2019\/09\/Manejo-RSD-Puntos-de-reciclaje-1-1068x645.jpg 1068w, https:\/\/www.muniancud.cl\/portal\/wp-content\/uploads\/2019\/09\/Manejo-RSD-Puntos-de-reciclaje-1-1920x1159.jpg 1920w\" sizes=\"auto, (max-width: 696px) 100vw, 696px\" \/><\/p>\n","protected":false},"excerpt":{"rendered":"<p>El servicio de Recolecci\u00f3n de Residuos S\u00f3lidos Domiciliarios de Ancud para este martes 3 de marzo corresponde al Cuadrante 3, y los sectores pendientes de ayer. Las labores comienzan a las 08:30. am. Reduzca sus Residuos S\u00f3lidos Domiciliarios al m\u00e1ximo ya que el servicio por cada cuadrante, se realiza s\u00f3lo un d\u00eda a la semana [&hellip;]<\/p>\n","protected":false},"author":4,"featured_media":0,"comment_status":"closed","ping_status":"closed","sticky":false,"template":"","format":"standard","meta":{"footnotes":""},"categories":[37],"tags":[],"class_list":["post-26864","post","type-post","status-publish","format-standard","hentry","category-alerta-sanitaria"],"_links":{"self":[{"href":"https:\/\/www.muniancud.cl\/portal\/wp-json\/wp\/v2\/posts\/26864","targetHints":{"allow":["GET"]}}],"collection":[{"href":"https:\/\/www.muniancud.cl\/portal\/wp-json\/wp\/v2\/posts"}],"about":[{"href":"https:\/\/www.muniancud.cl\/portal\/wp-json\/wp\/v2\/types\/post"}],"author":[{"embeddable":true,"href":"https:\/\/www.muniancud.cl\/portal\/wp-json\/wp\/v2\/users\/4"}],"replies":[{"embeddable":true,"href":"https:\/\/www.muniancud.cl\/portal\/wp-json\/wp\/v2\/comments?post=26864"}],"version-history":[{"count":1,"href":"https:\/\/www.muniancud.cl\/portal\/wp-json\/wp\/v2\/posts\/26864\/revisions"}],"predecessor-version":[{"id":26865,"href":"https:\/\/www.muniancud.cl\/portal\/wp-json\/wp\/v2\/posts\/26864\/revisions\/26865"}],"wp:attachment":[{"href":"https:\/\/www.muniancud.cl\/portal\/wp-json\/wp\/v2\/media?parent=26864"}],"wp:term":[{"taxonomy":"category","embeddable":true,"href":"https:\/\/www.muniancud.cl\/portal\/wp-json\/wp\/v2\/categories?post=26864"},{"taxonomy":"post_tag","embeddable":true,"href":"https:\/\/www.muniancud.cl\/portal\/wp-json\/wp\/v2\/tags?post=26864"}],"curies":[{"name":"wp","href":"https:\/\/api.w.org\/{rel}","templated":true}]}}